{"id":441384,"date":"2025-10-05T19:36:20","date_gmt":"2025-10-05T19:36:20","guid":{"rendered":"https:\/\/www.europesays.com\/fr\/441384\/"},"modified":"2025-10-05T19:36:20","modified_gmt":"2025-10-05T19:36:20","slug":"espagne-lex-president-du-barca-bartomeu-accuse-dabus-de-fonctions-et-dadministration-deloyale","status":"publish","type":"post","link":"https:\/\/www.europesays.com\/fr\/441384\/","title":{"rendered":"Espagne : l&rsquo;ex-pr\u00e9sident du Bar\u00e7a Bartomeu accus\u00e9 d&rsquo;abus de fonctions et d&rsquo;administration d\u00e9loyale"},"content":{"rendered":"<p>\n                                                                Bartomeu a \u00e9t\u00e9 le pr\u00e9sident du Bar\u00e7a de 2014-2020.\n                            <\/p>\n<p>L&rsquo;ex-pr\u00e9sident du FC Barcelone Josep Maria Bartomeu est accus\u00e9 par la justice espagnole d&rsquo;abus de fonctions et d&rsquo;administration d\u00e9loyale pendant ses six ann\u00e9es \u00e0 la t\u00eate du club catalan, a appris l&rsquo;AFP mardi, confirmant des informations circulant dans la presse.<\/p>\n<p>Bartomeu, pr\u00e9sident du Bar\u00e7a de 2014-2020, va devoir s&rsquo;expliquer devant un juge pour des commissions occultes accord\u00e9es sans consulter son conseil d&rsquo;administration, notamment dans le transfert de l&rsquo;ailier br\u00e9silien de Bordeaux Malcolm, recrut\u00e9 en 2018 pour plus de 40 millions d&rsquo;euros.<\/p>\n<p>Selon un document judiciaire consult\u00e9 par l&rsquo;AFP, le parquet accuse ainsi l&rsquo;ancien pr\u00e9sident blaugrana \u00ab\u00a0d&rsquo;administration d\u00e9loyale\u00a0\u00bb et d&rsquo;avoir \u00ab\u00a0caus\u00e9 un pr\u00e9judice\u00a0\u00bb \u00e0 son club \u00ab\u00a0en omettant les devoirs de diligence et de loyaut\u00e9\u00a0\u00bb qu&rsquo;impliquaient sa fonction.<\/p>\n<p>Le parquet explique s&rsquo;int\u00e9resser en particulier \u00e0 diverses op\u00e9rations financi\u00e8res \u00ab\u00a0injustifi\u00e9es\u00a0\u00bb, \u00e0 hauteur de plusieurs millions d&rsquo;euros.<\/p>\n<p>Dans un communiqu\u00e9 transmis \u00e0 plusieurs m\u00e9dias, les avocats de M. Bartomeu conc\u00e8dent que ce dernier a pu \u00ab\u00a0commettre des erreurs\u00a0\u00bb, mais d\u00e9noncent les quatre proc\u00e9dures \u00ab\u00a0sans pr\u00e9c\u00e9dent\u00a0\u00bb le visant actuellement, \u00ab\u00a0sans preuve\u00a0\u00bb que l&rsquo;ex-pr\u00e9sident barcelonais ait tir\u00e9 \u00ab\u00a0un b\u00e9n\u00e9fice patrimonial\u00a0\u00bb d&rsquo;aucune d&rsquo;entre elles.<\/p>\n","protected":false},"excerpt":{"rendered":"Bartomeu a \u00e9t\u00e9 le pr\u00e9sident du Bar\u00e7a de 2014-2020. L&rsquo;ex-pr\u00e9sident du FC Barcelone Josep Maria Bartomeu est accus\u00e9&hellip;\n","protected":false},"author":2,"featured_media":441385,"comment_status":"","ping_status":"","sticky":false,"template":"","format":"standard","meta":{"footnotes":""},"categories":[1410],"tags":[63,1011,27,60],"class_list":{"0":"post-441384","1":"post","2":"type-post","3":"status-publish","4":"format-standard","5":"has-post-thumbnail","7":"category-football","8":"tag-football","9":"tag-fr","10":"tag-france","11":"tag-sports"},"share_on_mastodon":{"url":"https:\/\/pubeurope.com\/@fr\/115323245948943786","error":""},"_links":{"self":[{"href":"https:\/\/www.europesays.com\/fr\/wp-json\/wp\/v2\/posts\/441384","targetHints":{"allow":["GET"]}}],"collection":[{"href":"https:\/\/www.europesays.com\/fr\/wp-json\/wp\/v2\/posts"}],"about":[{"href":"https:\/\/www.europesays.com\/fr\/wp-json\/wp\/v2\/types\/post"}],"author":[{"embeddable":true,"href":"https:\/\/www.europesays.com\/fr\/wp-json\/wp\/v2\/users\/2"}],"replies":[{"embeddable":true,"href":"https:\/\/www.europesays.com\/fr\/wp-json\/wp\/v2\/comments?post=441384"}],"version-history":[{"count":0,"href":"https:\/\/www.europesays.com\/fr\/wp-json\/wp\/v2\/posts\/441384\/revisions"}],"wp:featuredmedia":[{"embeddable":true,"href":"https:\/\/www.europesays.com\/fr\/wp-json\/wp\/v2\/media\/441385"}],"wp:attachment":[{"href":"https:\/\/www.europesays.com\/fr\/wp-json\/wp\/v2\/media?parent=441384"}],"wp:term":[{"taxonomy":"category","embeddable":true,"href":"https:\/\/www.europesays.com\/fr\/wp-json\/wp\/v2\/categories?post=441384"},{"taxonomy":"post_tag","embeddable":true,"href":"https:\/\/www.europesays.com\/fr\/wp-json\/wp\/v2\/tags?post=441384"}],"curies":[{"name":"wp","href":"https:\/\/api.w.org\/{rel}","templated":true}]}}