{"id":441388,"date":"2025-10-05T19:39:22","date_gmt":"2025-10-05T19:39:22","guid":{"rendered":"https:\/\/www.europesays.com\/fr\/441388\/"},"modified":"2025-10-05T19:39:22","modified_gmt":"2025-10-05T19:39:22","slug":"en-images-le-salon-du-livre-sancre-a-saint-martin-en-haut-pour-la-seconde-edition","status":"publish","type":"post","link":"https:\/\/www.europesays.com\/fr\/441388\/","title":{"rendered":"En images. Le salon du livre s&rsquo;ancre \u00e0 Saint-Martin-en-Haut pour la seconde \u00e9dition"},"content":{"rendered":"<p>Ce dimanche 5\u00a0octobre, la m\u00e9diath\u00e8que \u00ab\u00a0L\u2019Envol des Mots\u00a0\u00bb proposait son 2e Salon du Livre. D\u00e8s le matin, les b\u00e9n\u00e9voles se r\u00e9jouissaient de voir un public bien plus nombreux que pour la premi\u00e8re \u00e9dition. 25 auteurs \u00e9taient pr\u00e9sents. Des t\u00e9moignages, des d\u00e9dicaces, des interventions et d\u00e9bats, des contes pour les enfants, une expo sur le monde agricole, un spectacle\u2026 Tour d\u2019horizon.<\/p>\n","protected":false},"excerpt":{"rendered":"Ce dimanche 5\u00a0octobre, la m\u00e9diath\u00e8que \u00ab\u00a0L\u2019Envol des Mots\u00a0\u00bb proposait son 2e Salon du Livre. D\u00e8s le matin, les&hellip;\n","protected":false},"author":2,"featured_media":441389,"comment_status":"","ping_status":"","sticky":false,"template":"","format":"standard","meta":{"footnotes":""},"categories":[1357],"tags":[1379,1687,58,3154,59,1011,27,1380,2410,11157,14528],"class_list":{"0":"post-441388","1":"post","2":"type-post","3":"status-publish","4":"format-standard","5":"has-post-thumbnail","7":"category-livres","8":"tag-books","9":"tag-culture-loisirs","10":"tag-divertissement","11":"tag-edition-sud-lyonnais","12":"tag-entertainment","13":"tag-fr","14":"tag-france","15":"tag-livres","16":"tag-livres-bd","17":"tag-saint-martin-en-haut","18":"tag-saint-symphorien-sur-coise-bassin"},"share_on_mastodon":{"url":"https:\/\/pubeurope.com\/@fr\/115323257736774287","error":""},"_links":{"self":[{"href":"https:\/\/www.europesays.com\/fr\/wp-json\/wp\/v2\/posts\/441388","targetHints":{"allow":["GET"]}}],"collection":[{"href":"https:\/\/www.europesays.com\/fr\/wp-json\/wp\/v2\/posts"}],"about":[{"href":"https:\/\/www.europesays.com\/fr\/wp-json\/wp\/v2\/types\/post"}],"author":[{"embeddable":true,"href":"https:\/\/www.europesays.com\/fr\/wp-json\/wp\/v2\/users\/2"}],"replies":[{"embeddable":true,"href":"https:\/\/www.europesays.com\/fr\/wp-json\/wp\/v2\/comments?post=441388"}],"version-history":[{"count":0,"href":"https:\/\/www.europesays.com\/fr\/wp-json\/wp\/v2\/posts\/441388\/revisions"}],"wp:featuredmedia":[{"embeddable":true,"href":"https:\/\/www.europesays.com\/fr\/wp-json\/wp\/v2\/media\/441389"}],"wp:attachment":[{"href":"https:\/\/www.europesays.com\/fr\/wp-json\/wp\/v2\/media?parent=441388"}],"wp:term":[{"taxonomy":"category","embeddable":true,"href":"https:\/\/www.europesays.com\/fr\/wp-json\/wp\/v2\/categories?post=441388"},{"taxonomy":"post_tag","embeddable":true,"href":"https:\/\/www.europesays.com\/fr\/wp-json\/wp\/v2\/tags?post=441388"}],"curies":[{"name":"wp","href":"https:\/\/api.w.org\/{rel}","templated":true}]}}