{"id":441390,"date":"2025-10-05T19:40:50","date_gmt":"2025-10-05T19:40:50","guid":{"rendered":"https:\/\/www.europesays.com\/fr\/441390\/"},"modified":"2025-10-05T19:40:50","modified_gmt":"2025-10-05T19:40:50","slug":"val-kilmer-de-wish-les-pepites-du-marais-le-retour-secret-de-mickael-vendetta-et-sa-bogossitude-gagnant-de-la-ferme-celebrites-font-le-buzz","status":"publish","type":"post","link":"https:\/\/www.europesays.com\/fr\/441390\/","title":{"rendered":"\u00ab\u00a0Val Kilmer de wish\u00a0\u00bb, \u00ab\u00a0Les p\u00e9pites du marais\u00a0\u00bb\u00a0: le retour secret de Micka\u00ebl Vendetta et sa \u00ab\u00a0bogossitude\u00a0\u00bb, gagnant de la Ferme C\u00e9l\u00e9brit\u00e9s, font le buzz"},"content":{"rendered":"<p class=\"text-left ap-StoryElement ap-StoryElement--mb ap-StoryText\">\u00ab\u00a0Derri\u00e8re cette porte se trouve un loft incroyable, commence ainsi<a href=\"https:\/\/www.dhnet.be\/lifestyle\/people\/2021\/08\/02\/lastuce-anti-covid-de-mickael-vendetta-a-ne-pas-reproduire-a-la-maison-MDPQPZEY5FG4VNYI5J3TZLS6LE\/\" target=\"_self\" rel=\"noopener\"> Micka\u00ebl Vendetta <\/a>dans une vid\u00e9o Instagram sans d\u00e9voiler l&rsquo;adresse de l&rsquo;endroit secret. On a un nouveau lieu dans le marais. Deux \u00e9tages. Lieu extraordinaire destin\u00e9 \u00e0 tout mon casting &lsquo;Les p\u00e9pites du marais&rsquo;.\u00a0\u00bb<\/p>\n<p class=\"text-left ap-StoryElement ap-StoryElement--mb ap-StoryText\">L&rsquo;ex-blogueur (qui s&rsquo;\u00e9tait cr\u00e9\u00e9 un personnage pour faire le buzz : \u00ab\u00a0J&rsquo;ai jou\u00e9 de la connerie humaine pour me faire conna\u00eetre\u00a0\u00bb) et ancien candidat de t\u00e9l\u00e9r\u00e9alit\u00e9 annonce en effet une triple soir\u00e9e ce 3 octobre : Fashion Week, son anniversaire (38 ans) et toutes ses \u00ab\u00a0p\u00e9pites du marais\u00a0\u00bb qu&rsquo;il a cast\u00e9 pendant un an. \u00ab\u00a0Pr\u00e9pare ton meilleur outfit, annule tous tes rendez-vous, tu ne vas pas louper la meilleure soir\u00e9e de Paris ?\u00a0\u00bb, lance-t-il dans son franc-parler habituel. Micka\u00ebl Vendetta \u00e9tant aussi connu pour son temp\u00e9rament provocateur et sa r\u00e9partie.<\/p>\n","protected":false},"excerpt":{"rendered":"\u00ab\u00a0Derri\u00e8re cette porte se trouve un loft incroyable, commence ainsi Micka\u00ebl Vendetta dans une vid\u00e9o Instagram sans d\u00e9voiler&hellip;\n","protected":false},"author":2,"featured_media":441391,"comment_status":"","ping_status":"","sticky":false,"template":"","format":"standard","meta":{"footnotes":""},"categories":[1356],"tags":[26389,58,26390,26391,59,26392,2257,63,1011,27,31017,55006,2186,26396,8359,252,1364,8363],"class_list":{"0":"post-441390","1":"post","2":"type-post","3":"status-publish","4":"format-standard","5":"has-post-thumbnail","7":"category-television","8":"tag-d1","9":"tag-divertissement","10":"tag-division-un","11":"tag-eerste-klasse","12":"tag-entertainment","13":"tag-first-division","14":"tag-foot","15":"tag-football","16":"tag-fr","17":"tag-france","18":"tag-louvain","19":"tag-oh-leuven","20":"tag-play-offs","21":"tag-premiere-division","22":"tag-soccer","23":"tag-television","24":"tag-tv","25":"tag-voetbal"},"share_on_mastodon":{"url":"https:\/\/pubeurope.com\/@fr\/115323265549594231","error":""},"_links":{"self":[{"href":"https:\/\/www.europesays.com\/fr\/wp-json\/wp\/v2\/posts\/441390","targetHints":{"allow":["GET"]}}],"collection":[{"href":"https:\/\/www.europesays.com\/fr\/wp-json\/wp\/v2\/posts"}],"about":[{"href":"https:\/\/www.europesays.com\/fr\/wp-json\/wp\/v2\/types\/post"}],"author":[{"embeddable":true,"href":"https:\/\/www.europesays.com\/fr\/wp-json\/wp\/v2\/users\/2"}],"replies":[{"embeddable":true,"href":"https:\/\/www.europesays.com\/fr\/wp-json\/wp\/v2\/comments?post=441390"}],"version-history":[{"count":0,"href":"https:\/\/www.europesays.com\/fr\/wp-json\/wp\/v2\/posts\/441390\/revisions"}],"wp:featuredmedia":[{"embeddable":true,"href":"https:\/\/www.europesays.com\/fr\/wp-json\/wp\/v2\/media\/441391"}],"wp:attachment":[{"href":"https:\/\/www.europesays.com\/fr\/wp-json\/wp\/v2\/media?parent=441390"}],"wp:term":[{"taxonomy":"category","embeddable":true,"href":"https:\/\/www.europesays.com\/fr\/wp-json\/wp\/v2\/categories?post=441390"},{"taxonomy":"post_tag","embeddable":true,"href":"https:\/\/www.europesays.com\/fr\/wp-json\/wp\/v2\/tags?post=441390"}],"curies":[{"name":"wp","href":"https:\/\/api.w.org\/{rel}","templated":true}]}}