{"id":441392,"date":"2025-10-05T19:43:14","date_gmt":"2025-10-05T19:43:14","guid":{"rendered":"https:\/\/www.europesays.com\/fr\/441392\/"},"modified":"2025-10-05T19:43:14","modified_gmt":"2025-10-05T19:43:14","slug":"stephanie-mere-reunionnaise-combat-le-cancer-du-sein-depuis-8-ans-je-ne-vais-pas-abandonner","status":"publish","type":"post","link":"https:\/\/www.europesays.com\/fr\/441392\/","title":{"rendered":"St\u00e9phanie, m\u00e8re r\u00e9unionnaise, combat le cancer du sein depuis 8 ans\u00a0: \u00ab\u00a0Je ne vais pas abandonner\u00a0\u00bb"},"content":{"rendered":"<p>\u00c0 l\u2019approche de ses 50 ans, St\u00e9phanie Gautret vit depuis 2017 avec un cancer du sein, devenu m\u00e9tastatique trois ans plus tard. Malgr\u00e9 les \u00e9preuves, elle continue d\u2019avancer aux c\u00f4t\u00e9s de ses proches. \u00c0 l\u2019occasion d\u2019Octobre Rose, elle t\u00e9moigne pour rappeler l\u2019importance du d\u00e9pistage et d\u2019une prise en charge digne.<\/p>\n<p style=\"text-align: justify;\">Lorsqu\u2019on lui a annonc\u00e9 son cancer du sein, en octobre 2017, St\u00e9phanie n\u2019a pas \u00e9t\u00e9 surprise. La radiologue avait d\u00e9j\u00e0 laiss\u00e9 entendre que ce serait probablement cela, et le diagnostic n\u2019a fait que confirmer ce qu\u2019elle pressentait. Ce qui l\u2019a frapp\u00e9e, en revanche, c\u2019est ce qui a suivi. Elle croyait qu\u2019apr\u00e8s les traitements lourds \u2014 chirurgie, ablation totale du sein, chimioth\u00e9rapie, radioth\u00e9rapie et hormonoth\u00e9rapie \u2014 elle en sortirait.\u00a0\u00ab\u00a0Je pensais qu\u2019on gu\u00e9rissait d\u2019un cancer du sein\u00a0\u00bb, confie-t-elle.<\/p>\n<p style=\"text-align: justify;\">Trois ans plus tard, alors qu\u2019elle entamait une reconstruction mammaire, le verdict tombe\u00a0: le cancer s\u2019est propag\u00e9 au niveau du bassin.\u00a0\u00ab\u00a0C\u2019est arriv\u00e9 tr\u00e8s vite, en d\u00e9cembre 2020. On m\u2019annonce un cancer dont on ne gu\u00e9rit pas.\u00a0\u00bb<\/p>\n<p style=\"text-align: justify;\">Depuis, les traitements se succ\u00e8dent\u00a0: chirurgies \u2014 dont une hanche artificielle\u00a0\u2014, radioth\u00e9rapies \u00e0 tr\u00e8s haute dose, th\u00e9rapies cibl\u00e9es, hormonoth\u00e9rapies, puis retour aux chimioth\u00e9rapies intraveineuses.\u00a0\u00ab\u00a0Ces traitements m\u2019ont \u00e9puis\u00e9e, j\u2019\u00e9tais sans cesse naus\u00e9euse, sans go\u00fbt de vivre\u00a0\u00bb, confie St\u00e9phanie. Aujourd\u2019hui, elle suit une chimioth\u00e9rapie par comprim\u00e9s, mieux tol\u00e9r\u00e9e, mais son quotidien reste rythm\u00e9 par des scanners trimestriels, d\u00e9cisifs\u00a0:\u00a0\u00ab\u00a0Tous les trois mois, il faut s\u2019adapter\u00a0: si le cancer progresse, je dois changer de traitement.\u00a0\u00bb<\/p>\n<p style=\"text-align: justify;\">Avant la maladie, St\u00e9phanie \u00e9tait professeure des \u00e9coles. Elle n\u2019a jamais repris son poste.\u00a0\u00ab\u00a0Je me consacre \u00e0 ma sant\u00e9, et surtout \u00e0 mes deux filles. J\u2019ai choisi d\u2019\u00eatre l\u00e0 pour elles, de m\u2019impliquer dans leur \u00e9cole, leur coll\u00e8ge, leurs activit\u00e9s\u2026\u00a0\u00bb\u00a0Avec le temps, elle a appris \u00e0 apprivoiser cette nouvelle vie et s\u2019est rapproch\u00e9e d\u2019associations comme Odyss\u00e9a, qui proposent ateliers et activit\u00e9s aux patientes\u00a0: relaxation, cuisine adapt\u00e9e, lectures\u2026 \u00ab\u00a0\u00c7a nous fait beaucoup de bien, \u00e7a nous aide dans le quotidien.\u00a0\u00bb<\/p>\n<p style=\"text-align: justify;\">Pourtant, St\u00e9phanie d\u00e9plore des conditions d\u2019accueil indignes au CHU de Saint-Pierre\u00a0: fauteuils trop serr\u00e9s et positionn\u00e9s face au mur, absence d\u2019intimit\u00e9, toilettes inaccessibles aux personnes en situation de handicap.\u00a0\u00ab\u00a0Ces conditions s\u2019ajoutent \u00e0 la difficult\u00e9 de vivre les traitements lourds.\u00a0\u00bb<\/p>\n<p style=\"text-align: justify;\">Son message, en ce mois d\u2019Octobre Rose, est clair\u00a0:\u00a0\u00ab\u00a0Le d\u00e9pistage pr\u00e9coce sauve des vies. Dans mon cas, c\u2019\u00e9tait d\u00e9j\u00e0 trop tard. J\u2019en veux au radiologue qui m\u2019a suivie avant 2017 et qui est pass\u00e9 \u00e0 c\u00f4t\u00e9.\u00a0\u00bb<\/p>\n<p style=\"text-align: justify;\">Huit ans apr\u00e8s son diagnostic, St\u00e9phanie refuse de se laisser enfermer dans la maladie\u00a0:\u00a0\u00ab\u00a0On apprend \u00e0 vivre autrement, peut-\u00eatre plus profond\u00e9ment.\u00a0\u00bb<\/p>\n","protected":false},"excerpt":{"rendered":"\u00c0 l\u2019approche de ses 50 ans, St\u00e9phanie Gautret vit depuis 2017 avec un cancer du sein, devenu m\u00e9tastatique&hellip;\n","protected":false},"author":2,"featured_media":441393,"comment_status":"","ping_status":"","sticky":false,"template":"","format":"standard","meta":{"footnotes":""},"categories":[10],"tags":[328,47,1011,27,72,6335,1922,6336,71,104,56796],"class_list":{"0":"post-441392","1":"post","2":"type-post","3":"status-publish","4":"format-standard","5":"has-post-thumbnail","7":"category-sante","8":"tag-a-la-une","9":"tag-actualite","10":"tag-fr","11":"tag-france","12":"tag-health","13":"tag-home-page","14":"tag-info","15":"tag-la-reunion","16":"tag-sante","17":"tag-societe","18":"tag-une-newsletter"},"share_on_mastodon":{"url":"https:\/\/pubeurope.com\/@fr\/115323273493609908","error":""},"_links":{"self":[{"href":"https:\/\/www.europesays.com\/fr\/wp-json\/wp\/v2\/posts\/441392","targetHints":{"allow":["GET"]}}],"collection":[{"href":"https:\/\/www.europesays.com\/fr\/wp-json\/wp\/v2\/posts"}],"about":[{"href":"https:\/\/www.europesays.com\/fr\/wp-json\/wp\/v2\/types\/post"}],"author":[{"embeddable":true,"href":"https:\/\/www.europesays.com\/fr\/wp-json\/wp\/v2\/users\/2"}],"replies":[{"embeddable":true,"href":"https:\/\/www.europesays.com\/fr\/wp-json\/wp\/v2\/comments?post=441392"}],"version-history":[{"count":0,"href":"https:\/\/www.europesays.com\/fr\/wp-json\/wp\/v2\/posts\/441392\/revisions"}],"wp:featuredmedia":[{"embeddable":true,"href":"https:\/\/www.europesays.com\/fr\/wp-json\/wp\/v2\/media\/441393"}],"wp:attachment":[{"href":"https:\/\/www.europesays.com\/fr\/wp-json\/wp\/v2\/media?parent=441392"}],"wp:term":[{"taxonomy":"category","embeddable":true,"href":"https:\/\/www.europesays.com\/fr\/wp-json\/wp\/v2\/categories?post=441392"},{"taxonomy":"post_tag","embeddable":true,"href":"https:\/\/www.europesays.com\/fr\/wp-json\/wp\/v2\/tags?post=441392"}],"curies":[{"name":"wp","href":"https:\/\/api.w.org\/{rel}","templated":true}]}}