{"id":441395,"date":"2025-10-05T19:45:15","date_gmt":"2025-10-05T19:45:15","guid":{"rendered":"https:\/\/www.europesays.com\/fr\/441395\/"},"modified":"2025-10-05T19:45:15","modified_gmt":"2025-10-05T19:45:15","slug":"une-amoureuse-un-peu-compliquee-shym-souvre-comme-rarement-sur-sa-vie-sentimentale","status":"publish","type":"post","link":"https:\/\/www.europesays.com\/fr\/441395\/","title":{"rendered":"\u00ab\u00a0Une amoureuse un peu compliqu\u00e9e\u00a0\u00bb : Shy\u2019m s\u2019ouvre comme rarement sur sa vie sentimentale"},"content":{"rendered":"<p><strong>Figure incontournable de la sc\u00e8ne musicale<br \/>\nfran\u00e7aise<\/strong>. La c\u00e9l\u00e8bre chanteuse <a href=\"https:\/\/www.closermag.fr\/people\/shym-et-jeremy-frerot-la-chanteuse-brise-le-silence-sur-ces-moments-voles-de-sa-vie-sentimentale-3565852\" target=\"_blank\" rel=\"noopener\"><br \/>\nShy&rsquo;m<\/a> \u00e9tait l&rsquo;une des invit\u00e9es de <a href=\"https:\/\/www.closermag.fr\/people\/frederic-lopez-je-suis-tres-emu-lanimateur-annonce-le-lancement-dun-grand-projet-personnel-3573007\" target=\"_blank\" rel=\"noopener\"><br \/>\nFr\u00e9d\u00e9ric Lopez<\/a> le dimanche 5 octobre 2025. Ce jour-l\u00e0,<br \/>\nl&rsquo;animateur \u00e9tait aux commandes d&rsquo;un nouveau num\u00e9ro du programme<br \/>\nintitul\u00e9 <a href=\"https:\/\/www.telestar.fr\/actu_tv\/un-dimanche-a-la-campagne-shym-ne-retient-pas-ses-larmes-une-empreinte-a-vie-1740577\" target=\"_blank\" rel=\"noopener\"><br \/>\nUn dimanche \u00e0 la campagne<\/a> sur France 2. Le pr\u00e9sentateur a<br \/>\n\u00e9galement re\u00e7u l&rsquo;ancien visage embl\u00e9matique du service des sports<br \/>\nde France T\u00e9l\u00e9visions, <a href=\"https:\/\/www.closermag.fr\/people\/henri-sannier-elle-a-craque-la-maladie-de-lanimateur-a-eu-un-impact-non-negligeable-sur-la-sante-de-sa-femme-3523694\" target=\"_blank\" rel=\"noopener\"><br \/>\nHenri Sannier.<\/a> Qui a notamment pr\u00e9sent\u00e9 <a href=\"https:\/\/www.closermag.fr\/people\/exclu-matthieu-lartot-ces-stars-du-sport-francais-qui-lont-beaucoup-decu-pendant-les-jeux-paralympiques-3474866\" target=\"_blank\" rel=\"noopener\"><br \/>\nTout le sport<\/a> sur France 3. Mais aussi l&rsquo;humoriste J\u00e9r\u00e9my<br \/>\nNadeau.<\/p>\n<p>Au cours de son passage dans Un dimanche \u00e0 la campagne. <a href=\"https:\/\/www.closermag.fr\/people\/shym-et-jeremy-frerot-la-chanteuse-brise-le-silence-sur-ces-moments-voles-de-sa-vie-sentimentale-3565852\" target=\"_blank\" rel=\"noopener\"><br \/>\nShy&rsquo;m<\/a> s&rsquo;est longuement confi\u00e9e \u00e0 Fr\u00e9d\u00e9ric Lopez. Que ce soit<br \/>\nsur le plan professionnel ou personnel. La musicienne a notamment<br \/>\n<strong>d\u00e9voil\u00e9 quelques rares confidences au sujet de vie<br \/>\npriv\u00e9e<\/strong>. En parlant par exemple de son p\u00e8re. Ce qui a<br \/>\nsuscit\u00e9 une certaine \u00e9motion chez elle.<\/p>\n<p>Un dimanche \u00e0 la campagne : la chanteuse a eu les larmes aux<br \/>\nyeux en \u00e9voquant son p\u00e8re et son fils<\/p>\n<p>\u00ab\u00a0Je suis fan de lui, c&rsquo;est un homme formidable. On ne s&rsquo;en<br \/>\nrend pas compte, parce que je ne regarde pas mes clips tous les<br \/>\njours, mais quand fait un clip on laisse une empreinte \u00e0 vie. De<br \/>\nvoir cette complicit\u00e9, qui plus est en Martinique, en \u00e9tant si<br \/>\nnaturels&#8230; <strong>On n&rsquo;\u00e9tait pas destin\u00e9s \u00e0 \u00e7a avec le d\u00e9but de<br \/>\nnotre histoire<\/strong>\u00ab\u00a0, a notamment d\u00e9clar\u00e9 la chanteuse.<br \/>\nShy&rsquo;m a aussi craqu\u00e9 au moment d&rsquo;\u00e9voquer son fils.<\/p>\n<p>\u00ab\u00a0Moi j\u2019ai toujours su que j\u2019aurais un enfant. Mais je me<br \/>\nsuis toujours demand\u00e9 avec qui, c\u2019\u00e9tait le probl\u00e8me. Donc<br \/>\nc\u2019est pour \u00e7a que \u00e7a a pris du temps. Parce que je suis une<br \/>\namoureuse un peu compliqu\u00e9e. Et donc je rencontre quelqu\u2019un, on a<br \/>\nce petit bout. Et effectivement, <strong>il me prend de tout son<br \/>\n\u00eatre, enti\u00e8rement<\/strong>\u00ab\u00a0, a-t-elle ainsi indiqu\u00e9. Shy&rsquo;m<br \/>\ns&rsquo;\u00e9tait d\u00e9j\u00e0 exprim\u00e9e sur son enfant dans une pr\u00e9c\u00e9dente interview<br \/>\naccord\u00e9e Journal des Femmes.<\/p>\n<p>Shy&rsquo;m : \u00ab\u00a0Je me rends compte que j&rsquo;\u00e9tais<br \/>\npas mal forte en playback\u00a0\u00bb<\/p>\n<p>\u00ab\u00a0Son papa et moi-m\u00eame avons aussi un pr\u00e9nom original. On<br \/>\navait donc envie de quelque chose qui sorte un peu de<br \/>\nl&rsquo;ordinaire. On a mis beaucoup de temps avant de se fixer<br \/>\nsur un pr\u00e9nom. Et finalement, <strong>on s&rsquo;est d\u00e9cid\u00e9 trois<br \/>\nsemaines avant la naissance<\/strong>. Tahoma est un pr\u00e9nom<br \/>\nd&rsquo;origine am\u00e9rindienne qui signifie : &lsquo;Sommet enneig\u00e9 de la<br \/>\nmontagne&rsquo;. J&rsquo;aime bien le c\u00f4t\u00e9 mixte du pr\u00e9nom Tahoma. Le fait<br \/>\nqu&rsquo;il se termine par un A et que ce soit un gar\u00e7on. J&rsquo;aime l&rsquo;id\u00e9e<br \/>\nque ce ne soit pas un pr\u00e9nom genr\u00e9\u00a0\u00bb, avait-elle ainsi<br \/>\nsoulign\u00e9.<\/p>\n<p>Durant l&rsquo;\u00e9mission de Fr\u00e9d\u00e9ric Lopez. Shy&rsquo;m a \u00e9galement l\u00e2ch\u00e9 un<br \/>\naveu de taille sur le d\u00e9but de sa carri\u00e8re. \u00ab\u00a0Je vais faire une<br \/>\nconfidence que je n&rsquo;ai jamais faite. <strong>J&rsquo;avais fait<br \/>\nquelques t\u00e9l\u00e9s avant et je chantais faux.<\/strong> Et cette<br \/>\nt\u00e9l\u00e9-l\u00e0, elle est en playback. Je me rends compte que j&rsquo;\u00e9tais pas<br \/>\nmal forte en playback. J&rsquo;\u00e9tais tellement incapable de chanter que<br \/>\nj&rsquo;ai fait semblant pendant quelque temps. Je ne pouvais pas sortir<br \/>\nma voix sans que \u00e7a en p\u00e2tisse sur la justesse\u00a0\u00bb, a-t-elle<br \/>\nr\u00e9v\u00e9l\u00e9.<\/p>\n","protected":false},"excerpt":{"rendered":"Figure incontournable de la sc\u00e8ne musicale fran\u00e7aise. La c\u00e9l\u00e8bre chanteuse Shy&rsquo;m \u00e9tait l&rsquo;une des invit\u00e9es de Fr\u00e9d\u00e9ric Lopez&hellip;\n","protected":false},"author":2,"featured_media":441396,"comment_status":"","ping_status":"","sticky":false,"template":"","format":"standard","meta":{"footnotes":""},"categories":[8],"tags":[58,59,1011,27,32262],"class_list":{"0":"post-441395","1":"post","2":"type-post","3":"status-publish","4":"format-standard","5":"has-post-thumbnail","7":"category-divertissement","8":"tag-divertissement","9":"tag-entertainment","10":"tag-fr","11":"tag-france","12":"tag-shym"},"share_on_mastodon":{"url":"https:\/\/pubeurope.com\/@fr\/115323281387533831","error":""},"_links":{"self":[{"href":"https:\/\/www.europesays.com\/fr\/wp-json\/wp\/v2\/posts\/441395","targetHints":{"allow":["GET"]}}],"collection":[{"href":"https:\/\/www.europesays.com\/fr\/wp-json\/wp\/v2\/posts"}],"about":[{"href":"https:\/\/www.europesays.com\/fr\/wp-json\/wp\/v2\/types\/post"}],"author":[{"embeddable":true,"href":"https:\/\/www.europesays.com\/fr\/wp-json\/wp\/v2\/users\/2"}],"replies":[{"embeddable":true,"href":"https:\/\/www.europesays.com\/fr\/wp-json\/wp\/v2\/comments?post=441395"}],"version-history":[{"count":0,"href":"https:\/\/www.europesays.com\/fr\/wp-json\/wp\/v2\/posts\/441395\/revisions"}],"wp:featuredmedia":[{"embeddable":true,"href":"https:\/\/www.europesays.com\/fr\/wp-json\/wp\/v2\/media\/441396"}],"wp:attachment":[{"href":"https:\/\/www.europesays.com\/fr\/wp-json\/wp\/v2\/media?parent=441395"}],"wp:term":[{"taxonomy":"category","embeddable":true,"href":"https:\/\/www.europesays.com\/fr\/wp-json\/wp\/v2\/categories?post=441395"},{"taxonomy":"post_tag","embeddable":true,"href":"https:\/\/www.europesays.com\/fr\/wp-json\/wp\/v2\/tags?post=441395"}],"curies":[{"name":"wp","href":"https:\/\/api.w.org\/{rel}","templated":true}]}}