{"id":441400,"date":"2025-10-05T19:48:14","date_gmt":"2025-10-05T19:48:14","guid":{"rendered":"https:\/\/www.europesays.com\/fr\/441400\/"},"modified":"2025-10-05T19:48:14","modified_gmt":"2025-10-05T19:48:14","slug":"privation-deau-et-de-nourriture-insultes-obligation-de-brandir-un-drapeau-israelien-greta-thunberg-et-les-militants-de-la-global-sumud-flotilla-maltraites-dans-une-prison-israelien","status":"publish","type":"post","link":"https:\/\/www.europesays.com\/fr\/441400\/","title":{"rendered":"Privation d\u2019eau et de nourriture, insultes, obligation de brandir un drapeau isra\u00e9lien\u2026 Greta Thunberg et les militants de la Global Sumud Flotilla maltrait\u00e9s dans une prison isra\u00e9lienne"},"content":{"rendered":"<p>En plein<a href=\"https:\/\/www.humanite.fr\/monde\/flottille-pour-gaza\/flottille-pour-gaza-en-arraisonnant-les-bateaux-israel-pietine-la-solidarite-et-le-droit-international\" target=\"_blank\" rel=\"noopener\"> arraisonnement ill\u00e9gal de la flottille <\/a>humanitaire en route pour Gaza, les autorit\u00e9s isra\u00e9liennes d\u00e9claraient sur X \u00ab\u00a0Greta et ses amis vont bien\u00a0\u00bb. Le message accompagnait une vid\u00e9o o\u00f9 on voyait la jeune femme ramasser ses affaires et partir avec des soldats. Quatre jours plus tard, Greta Thunberg ne va pas bien du tout. <a href=\"https:\/\/www.theguardian.com\/world\/2025\/oct\/04\/greta-thunberg-israel-gaza-sweden\" target=\"_blank\" rel=\"noopener\">Le quotidien brittannique The Guardian a pu consulter<\/a> des \u00e9changes entre la militante climat et les autorit\u00e9s de son pays. Elle y explique subir de mauvais traitements.<\/p>\n<p>\u00ab\u00a0Elle a signal\u00e9 une d\u00e9shydratation. Elle n\u2019a pas re\u00e7u suffisamment d\u2019eau et de nourriture. Elle a \u00e9galement d\u00e9clar\u00e9 avoir d\u00e9velopp\u00e9 des \u00e9ruptions cutan\u00e9es qu\u2019elle soup\u00e7onne d\u2019\u00eatre caus\u00e9es par des punaises de lit\u00a0\u00bb, rapporte la diplomatie su\u00e9doise. \u00ab\u00a0Elle a insist\u00e9 sur le fait que de la nourriture et de l\u2019eau potable doivent \u00eatre fournies imm\u00e9diatement et que tous les d\u00e9tenus doivent avoir acc\u00e8s \u00e0 un avocat isra\u00e9lien s\u2019ils le souhaitent\u00a0\u00bb, a-t-elle ajout\u00e9.<\/p>\n<p>Vendredi, des repr\u00e9sentants de l\u2019ambassade de Su\u00e8de \u00e0 Tel Aviv ont \u00e9t\u00e9 autoris\u00e9s \u00e0 rendre visite \u00e0 neuf Su\u00e9dois d\u00e9tenus \u00e0 la prison de Ketziot, dans le d\u00e9sert du N\u00e9guev, a indiqu\u00e9 le minist\u00e8re des Affaires \u00e9trang\u00e8res dans un message \u00e0 l\u2019AFP, sans donner leur identit\u00e9.<\/p>\n<p>Selon le journal britannique, un autre d\u00e9tenu affirme que des soldats isra\u00e9liens ont pris des photos sur lesquelles la militante a \u00e9t\u00e9 forc\u00e9e de brandir des drapeaux, sans pr\u00e9ciser lesquels. Un r\u00e9cit confirm\u00e9 par deux autres membres de la flottille aupr\u00e8s du quotidien. \u00ab\u00a0Ils ont tra\u00een\u00e9 la petite Greta par les cheveux sous nos yeux, l\u2019ont battue et l\u2019ont forc\u00e9e \u00e0 embrasser le drapeau isra\u00e9lien. Ils lui ont fait tout ce qu\u2019on peut imaginer, pour servir d\u2019avertissement aux autres\u00a0\u00bb, a d\u00e9clar\u00e9 l\u2019activiste turc Ersin \u00c7elik, participant \u00e0 la flottille Sumud, \u00e0 l\u2019agence de presse Anadolu. Lorenzo D\u2019Agostino, un journaliste lui aussi \u00e0 bord de l\u2019un des bateaux de la flottille, a expliqu\u00e9 \u00e0 son arriv\u00e9e \u00e0 Istanbul que Greta Thunberg \u00e9tait \u00ab\u00a0enroul\u00e9e du drapeau isra\u00e9lien et on l\u2019a fait poser comme un troph\u00e9e\u00a0\u00bb.<\/p>\n<p>Violences physiques et insultes<\/p>\n<p>La plupart des 437 militants, parlementaires, journalistes et avocats \u2013 parmi lesquels <a href=\"https:\/\/www.humanite.fr\/politique\/armee-israelienne\/flottille-plus-de-24h-sans-nouvelles-de-notre-journaliste-emilien-urbach\" target=\"_blank\" rel=\"noopener\">notre coll\u00e8gue \u00c9milien Urbach<\/a>\u2013 qui ont pris part \u00e0 la flottille Global Sumud sont d\u00e9tenus \u00e0 la prison de Ketziot, aussi appel\u00e9 Ansar III, une prison de haute s\u00e9curit\u00e9 dans le d\u00e9sert de Neguev. Cette derni\u00e8re est connue pour son traitement dur et inhumain envers les Palestiniens.<\/p>\n<p>Selon les avocats de l\u2019ONG isra\u00e9lienne Adalah, les droits des \u00e9quipages de la flottille ont \u00ab\u00a0\u00e9t\u00e9 syst\u00e9matiquement bafou\u00e9s\u00a0\u00bb\u00a0: on leur refuse eau, m\u00e9dicaments, soins m\u00e9dicaux et acc\u00e8s \u00e0 leurs repr\u00e9sentants l\u00e9gaux. <\/p>\n<p>Les r\u00e9serves de nourriture et d\u2019eau \u00e9taient largement insuffisantes, certains participants d\u00e9clarant n\u2019avoir re\u00e7u aucune nourriture depuis leur incarc\u00e9ration. Les participants sont d\u00e9tenus dans des cellules surpeupl\u00e9es, et certains ont \u00e9t\u00e9 contraints de dormir \u00e0 m\u00eame le sol dans des conditions difficiles et insalubres.<\/p>\n<p>Les avocats rapportent aussi des violences physiques et des insultes. Plusieurs participants ont signal\u00e9 avoir \u00e9t\u00e9 interrog\u00e9s par des agents non identifi\u00e9s, tandis que d\u2019autres ont fait \u00e9tat de mauvais traitements et d\u2019abus de la part des gardiens de prison. Les autorit\u00e9s ont eu recours \u00e0 la violence physique contre certains d\u00e9tenus, l\u2019un d\u2019eux ayant \u00e9t\u00e9 bless\u00e9 aux mains.<\/p>\n<p>D\u2019autres ont eu les yeux band\u00e9s et les mains menott\u00e9es pendant de longues p\u00e9riodes. Une femme a d\u00e9clar\u00e9 avoir \u00e9t\u00e9 contrainte de retirer son hijab et n\u2019avoir re\u00e7u qu\u2019une chemise en guise de remplacement. 34 militants sont en gr\u00e8ve de la faim. L\u2019un d\u2019eux a d\u00e9clar\u00e9 lors de son audience qu\u2019il souhaitait que sa nourriture soit envoy\u00e9e \u00e0 Gaza. Un autre a affirm\u00e9 qu\u2019il poursuivrait sa gr\u00e8ve de la faim et de la soif tant que tous les militants n\u00e9cessitant des m\u00e9dicaments ne les auraient pas re\u00e7us.<\/p>\n<p>Pour une information libre sur la Palestine<\/p>\n<p>Nous avons \u00e9t\u00e9 l\u2019un des premiers m\u00e9dias fran\u00e7ais \u00e0 d\u00e9fendre le droit des Palestiniens \u00e0 disposer d\u2019un \u00c9tat viable dans le respect des r\u00e9solutions de l\u2019ONU. Et nous avons inlassablement d\u00e9fendu la paix au Proche-Orient. Aidez-nous \u00e0 continuer de vous informer sur ce qui se passe l\u00e0-bas. Gr\u00e2ce \u00e0 vos dons.<br \/><a href=\"https:\/\/www.humanite.fr\/lhumanite-cest-vous\" data-type=\"link\" data-id=\"https:\/\/www.humanite.fr\/lhumanite-cest-vous\" target=\"_blank\" rel=\"noopener\">Je veux en savoir plus\u00a0!<\/a><\/p>\n","protected":false},"excerpt":{"rendered":"En plein arraisonnement ill\u00e9gal de la flottille humanitaire en route pour Gaza, les autorit\u00e9s isra\u00e9liennes d\u00e9claraient sur X&hellip;\n","protected":false},"author":2,"featured_media":441401,"comment_status":"","ping_status":"","sticky":false,"template":"","format":"standard","meta":{"footnotes":""},"categories":[5],"tags":[11,31574,54446,1011,27,14,12,28],"class_list":{"0":"post-441400","1":"post","2":"type-post","3":"status-publish","4":"format-standard","5":"has-post-thumbnail","7":"category-international","8":"tag-actualites","9":"tag-blocus-de-gaza","10":"tag-flottille-pour-gaza","11":"tag-fr","12":"tag-france","13":"tag-international","14":"tag-news","15":"tag-world"},"share_on_mastodon":{"url":"https:\/\/pubeurope.com\/@fr\/115323293115118419","error":""},"_links":{"self":[{"href":"https:\/\/www.europesays.com\/fr\/wp-json\/wp\/v2\/posts\/441400","targetHints":{"allow":["GET"]}}],"collection":[{"href":"https:\/\/www.europesays.com\/fr\/wp-json\/wp\/v2\/posts"}],"about":[{"href":"https:\/\/www.europesays.com\/fr\/wp-json\/wp\/v2\/types\/post"}],"author":[{"embeddable":true,"href":"https:\/\/www.europesays.com\/fr\/wp-json\/wp\/v2\/users\/2"}],"replies":[{"embeddable":true,"href":"https:\/\/www.europesays.com\/fr\/wp-json\/wp\/v2\/comments?post=441400"}],"version-history":[{"count":0,"href":"https:\/\/www.europesays.com\/fr\/wp-json\/wp\/v2\/posts\/441400\/revisions"}],"wp:featuredmedia":[{"embeddable":true,"href":"https:\/\/www.europesays.com\/fr\/wp-json\/wp\/v2\/media\/441401"}],"wp:attachment":[{"href":"https:\/\/www.europesays.com\/fr\/wp-json\/wp\/v2\/media?parent=441400"}],"wp:term":[{"taxonomy":"category","embeddable":true,"href":"https:\/\/www.europesays.com\/fr\/wp-json\/wp\/v2\/categories?post=441400"},{"taxonomy":"post_tag","embeddable":true,"href":"https:\/\/www.europesays.com\/fr\/wp-json\/wp\/v2\/tags?post=441400"}],"curies":[{"name":"wp","href":"https:\/\/api.w.org\/{rel}","templated":true}]}}