{"id":441412,"date":"2025-10-05T19:55:28","date_gmt":"2025-10-05T19:55:28","guid":{"rendered":"https:\/\/www.europesays.com\/fr\/441412\/"},"modified":"2025-10-05T19:55:28","modified_gmt":"2025-10-05T19:55:28","slug":"croque-ton-ruban-rose-une-journee-solidaire-et-engagee-a-toulon-le-26-octobre","status":"publish","type":"post","link":"https:\/\/www.europesays.com\/fr\/441412\/","title":{"rendered":"Croque ton Ruban Rose : une journ\u00e9e solidaire et engag\u00e9e \u00e0 Toulon le 26 octobre"},"content":{"rendered":"<p>Le 26 octobre \u00e0 Toulon, Croque ton Sud organise une journ\u00e9e caritative pour Octobre Rose, au profit de l\u2019association BEA.<\/p>\n<p><img fetchpriority=\"high\" decoding=\"async\" width=\"201\" height=\"251\" alt=\"Croque ton Ruban Rose Toulon\" title=\"Croque ton Ruban Rose Toulon\" src=\"https:\/\/www.europesays.com\/fr\/wp-content\/uploads\/2025\/10\/Croque-ton-Ruban-Rose-Toulon.jpeg\" class=\"img-responsive wp-image-76907\"\/><\/p>\n<p>Croque ton Ruban Rose Toulon \u2013 CREDIT : Affiche<\/p>\n<p data-start=\"85\" data-end=\"414\">Dans le cadre d\u2019Octobre Rose, la campagne nationale de sensibilisation au cancer du sein, l\u2019association Croque ton Sud organise \u00e0 Toulon un \u00e9v\u00e9nement caritatif baptis\u00e9 <strong data-start=\"253\" data-end=\"280\">\u00ab\u00a0Croque ton Ruban Rose\u00a0\u00bb<\/strong>, le dimanche 26 octobre 2025. Une journ\u00e9e plac\u00e9e sous le signe de la solidarit\u00e9, de la bienveillance et de la mobilisation citoyenne.<\/p>\n<p data-start=\"416\" data-end=\"473\"><strong data-start=\"416\" data-end=\"473\">Un \u00e9v\u00e9nement au profit de la lutte contre les cancers<\/strong><\/p>\n<p data-start=\"475\" data-end=\"892\">Les fonds r\u00e9colt\u00e9s seront int\u00e9gralement revers\u00e9s \u00e0 l\u2019association BEA, qui \u0153uvre sans rel\u00e2che pour la recherche contre les cancers p\u00e9diatriques et le cancer du sein, tout en accompagnant les familles touch\u00e9es par la maladie. L\u2019an dernier, plus de 2 000 euros avaient \u00e9t\u00e9 collect\u00e9s gr\u00e2ce \u00e0 la g\u00e9n\u00e9rosit\u00e9 des participants. Cette ann\u00e9e, les organisateurs esp\u00e8rent d\u00e9passer cette somme et amplifier le mouvement solidaire.<\/p>\n<p data-start=\"894\" data-end=\"946\"><strong data-start=\"894\" data-end=\"946\">Des ateliers et animations pour petits et grands<\/strong><\/p>\n<p data-start=\"948\" data-end=\"1368\">La journ\u00e9e se d\u00e9roulera \u00e0 la <strong data-start=\"977\" data-end=\"1001\">Villa Carbo \u00e0 Toulon<\/strong>, de 10h \u00e0 17h. Le programme s\u2019annonce riche et vari\u00e9 : ateliers bien-\u00eatre, mode, cuisine ou encore voyance seront propos\u00e9s au public, dans une ambiance \u2026<\/p>\n<p>Lire la suite dans l\u2019article <a href=\"https:\/\/www.varactu.fr\/croque-ton-ruban-rose-une-journee-solidaire-et-engagee-a-toulon-le-26-octobre\/\" rel=\"nofollow noopener\" target=\"_blank\">Croque ton Ruban Rose : une journ\u00e9e solidaire et engag\u00e9e \u00e0 Toulon le 26 octobre<\/a> qui est apparu en premier sur <a href=\"https:\/\/www.varactu.fr\" rel=\"nofollow noopener\" target=\"_blank\">Var Actu<\/a>.<\/p>\n","protected":false},"excerpt":{"rendered":"Le 26 octobre \u00e0 Toulon, Croque ton Sud organise une journ\u00e9e caritative pour Octobre Rose, au profit de&hellip;\n","protected":false},"author":2,"featured_media":441413,"comment_status":"","ping_status":"","sticky":false,"template":"","format":"standard","meta":{"footnotes":""},"categories":[9619],"tags":[1111,11,1777,674,1011,27,12,882,25,2310],"class_list":{"0":"post-441412","1":"post","2":"type-post","3":"status-publish","4":"format-standard","5":"has-post-thumbnail","7":"category-toulon","8":"tag-actu","9":"tag-actualites","10":"tag-eu","11":"tag-europe","12":"tag-fr","13":"tag-france","14":"tag-news","15":"tag-provence-alpes-cote-dazur","16":"tag-republique-francaise","17":"tag-toulon"},"share_on_mastodon":{"url":"https:\/\/pubeurope.com\/@fr\/115323320741665529","error":""},"_links":{"self":[{"href":"https:\/\/www.europesays.com\/fr\/wp-json\/wp\/v2\/posts\/441412","targetHints":{"allow":["GET"]}}],"collection":[{"href":"https:\/\/www.europesays.com\/fr\/wp-json\/wp\/v2\/posts"}],"about":[{"href":"https:\/\/www.europesays.com\/fr\/wp-json\/wp\/v2\/types\/post"}],"author":[{"embeddable":true,"href":"https:\/\/www.europesays.com\/fr\/wp-json\/wp\/v2\/users\/2"}],"replies":[{"embeddable":true,"href":"https:\/\/www.europesays.com\/fr\/wp-json\/wp\/v2\/comments?post=441412"}],"version-history":[{"count":0,"href":"https:\/\/www.europesays.com\/fr\/wp-json\/wp\/v2\/posts\/441412\/revisions"}],"wp:featuredmedia":[{"embeddable":true,"href":"https:\/\/www.europesays.com\/fr\/wp-json\/wp\/v2\/media\/441413"}],"wp:attachment":[{"href":"https:\/\/www.europesays.com\/fr\/wp-json\/wp\/v2\/media?parent=441412"}],"wp:term":[{"taxonomy":"category","embeddable":true,"href":"https:\/\/www.europesays.com\/fr\/wp-json\/wp\/v2\/categories?post=441412"},{"taxonomy":"post_tag","embeddable":true,"href":"https:\/\/www.europesays.com\/fr\/wp-json\/wp\/v2\/tags?post=441412"}],"curies":[{"name":"wp","href":"https:\/\/api.w.org\/{rel}","templated":true}]}}