{"id":441416,"date":"2025-10-05T19:57:12","date_gmt":"2025-10-05T19:57:12","guid":{"rendered":"https:\/\/www.europesays.com\/fr\/441416\/"},"modified":"2025-10-05T19:57:12","modified_gmt":"2025-10-05T19:57:12","slug":"osez-lart-de-rue-un-festival-inspirant-anime-montpellier-tout-octobre","status":"publish","type":"post","link":"https:\/\/www.europesays.com\/fr\/441416\/","title":{"rendered":"Osez l\u2019art de rue ! Un festival inspirant anime Montpellier tout octobre"},"content":{"rendered":"<p>            Par<br \/>\n        <strong><br \/>\n            <a href=\"https:\/\/actu.fr\/auteur\/lea-pippinato\" title=\"Consulter tous les articles de L\u00e9a Pippinato\" target=\"_blank\" rel=\"noopener\">L\u00e9a Pippinato<\/a><br \/>\n        <\/strong><\/p>\n<p>        Publi\u00e9 le<\/p>\n<p>            5 oct. 2025 \u00e0 20h15        <\/p>\n<p><strong>Le 2 octobre dernier<\/strong>, la Maison pour tous Fran\u00e7ois Villon, dans le quartier des C\u00e9vennes, \u00e0 l\u2019ouest de Montpellier, a donn\u00e9 le coup d\u2019envoi du festival Art2Rue. Pour sa huiti\u00e8me \u00e9dition, l\u2019\u00e9v\u00e9nement a mis en avant un th\u00e8me fort : le handicap dans les cultures urbaines. Une mani\u00e8re d\u2019affirmer que la diff\u00e9rence nourrit la cr\u00e9ation et renforce le lien collectif.<br \/>La soir\u00e9e d\u2019ouverture a pos\u00e9 le ton : un mois plac\u00e9 sous le signe du partage, de l\u2019inclusion et de la diversit\u00e9 artistique. Concerts, expositions, battles, projections et ateliers rythmeront encore tout le mois d\u2019octobre dans plusieurs lieux de la ville.<\/p>\n<p>    <a href=\"https:\/\/www.google.com\/maps\/embed?pb=!1m18!1m12!1m3!1d23114.090373704526!2d3.8338559999999995!3d43.6011008!2m3!1f0!2f0!3f0!3m2!1i1024!2i768!4f13.1!3m3!1m2!1s0x12b6ae895bc295d9%3A0x86f2970ec603feac!2sMaison%20pour%20tous%20Fran%C3%A7ois-Villon%20-%20Quartier%20Les%20C%C3%A9vennes!5e0!3m2!1sen!2sfr!4v1759663256215!5m2!1sen!2sfr\" title=\"Ouvrie le lien\" target=\"_blank\" rel=\"noopener\">Cliquez ici pour visualiser le contenu<\/a><\/p>\n<p class=\" wall-content\">Depuis ses d\u00e9buts, Art2Rue fait dialoguer les quartiers de Montpellier \u00e0 travers l\u2019art. Les maisons pour tous, les places, les murs et les galeries deviennent autant de sc\u00e8nes o\u00f9 se croisent amateurs, curieux et artistes confirm\u00e9s. Cette \u00e9dition 2025 prolonge cet esprit de lien. Les organisateurs ont voulu un festival \u00e0 hauteur d\u2019humain, capable de f\u00e9d\u00e9rer enfants, adolescents, adultes et seniors autour d\u2019une m\u00eame \u00e9nergie. \u00c0 chaque rendez-vous, l\u2019objectif reste le m\u00eame : transformer la rue en lieu d\u2019expression et de partage. Et pour illustrer cette richesse, voici <strong>quelques temps forts<\/strong> qui marqueront ce mois d\u2019octobre.<\/p>\n<p>\ud83c\udfa8 Farah Ajili, les Trois Gr\u00e2ces version street-art <\/p>\n<p>Peintre et street-artiste montpelli\u00e9raine, Farah Ajili signe l\u2019affiche officielle d\u2019Art2Rue 2025. Elle a con\u00e7u pour le festival une s\u00e9rie de dix toiles in\u00e9dites, dont la pi\u00e8ce centrale revisite Les Trois Gr\u00e2ces, embl\u00e8me de la place de la Com\u00e9die. Son interpr\u00e9tation transpose ces figures mythologiques dans la rue : l\u2019une devient graffeuse, une autre street-artiste, la troisi\u00e8me DJ. Ensemble, elles incarnent la diversit\u00e9 et la puissance des femmes d\u2019aujourd\u2019hui.<\/p>\n<p>Farah Ajili a choisi de m\u00ealer les couleurs de Montpellier &#8211; le bleu et l\u2019orange &#8211; pour souligner le lien entre la ville et ses artistes. Son travail fait \u00e9cho \u00e0 Octobre Rose et au th\u00e8me du handicap, en c\u00e9l\u00e9brant la force des femmes dans leurs luttes, qu\u2019elles soient intimes, sociales ou artistiques. L\u2019une de ses \u0153uvres rend hommage \u00e0 La Singla, danseuse flamenca n\u00e9e presque sourde, dont la virtuosit\u00e9 a boulevers\u00e9 les sc\u00e8nes europ\u00e9ennes.<\/p>\n<p class=\" wall-content\"><a href=\"https:\/\/www.instagram.com\/p\/DPLpxTHjGiT\/embed\" title=\"Ouvrir le lien sur Instagram\" target=\"_blank\" rel=\"noopener\">Visualiser le contenu sur Instagram<\/a><\/p>\n<p>Danse, mouvement et jeunesse<\/p>\n<p class=\" wall-content\"><strong>Ce mercredi 8 octobre 2025<\/strong>, le centre commercial Polygone accueillera la premi\u00e8re grande journ\u00e9e publique du festival, enti\u00e8rement consacr\u00e9e aux arts de rue. D\u00e8s 14h30, la danseuse Alice Lacouture pr\u00e9sentera une performance \u00e9lectro, n\u00e9e dans les clubs parisiens du d\u00e9but des ann\u00e9es 2000. Trois danseuses y incarneront une gestuelle \u00e0 la crois\u00e9e du club et de la rue. \u00c0 15h30, les jeunes musiciens de l\u2019Orchestre arabo-andalou junior, dirig\u00e9s par Rabie Houti, proposeront un voyage musical \u00e0 travers les traditions du Maghreb. Puis \u00e0 16h30, la compagnie Virgule offrira un moment fort avec Royaume(s), spectacle collectif et inclusif m\u00ealant hip-hop et danse contemporaine. En parall\u00e8le, le Fablab de l\u2019Espace Gis\u00e8le Halimi pr\u00e9sentera une s\u00e9rie de gravures sur bois cr\u00e9\u00e9es sp\u00e9cialement pour le projet Art2Rue.<\/p>\n<p class=\" wall-content\"><strong> Le samedi 11 octobre<\/strong>, le festival mettra la jeunesse \u00e0 l\u2019honneur avec le Battle Kids Art2Rue, organis\u00e9 \u00e0 la Maison pour tous Vert Bois. Les meilleurs danseurs venus de toute l\u2019Occitanie s\u2019affronteront dans deux cat\u00e9gories, d\u00e9butants et confirm\u00e9s. Le charismatique Youval animera la rencontre, \u00e9paul\u00e9 par DJ Atilla aux platines. Un jury de professionnels d\u00e9partagera les participants dans une ambiance bienveillante. L\u2019entr\u00e9e restera libre, fid\u00e8le \u00e0 l\u2019esprit du festival.<\/p>\n<p>Vid\u00e9os : en ce moment sur Actu<\/p>\n<p class=\" wall-content\"><strong>Du 20 au 22 octobre<\/strong>, le danseur Boogalock animera un stage de breakdance \u00e0 la Maison pour tous Nazareth. Ouvert aux enfants d\u00e8s 8 ans, ce stage gratuit, soutenu par l\u2019Arm\u00e9e du Salut et l\u2019association Bien vivre \u00e0 Aiguelongue, permettra aux participants d\u2019apprendre les bases du break, de progresser et de pr\u00e9parer une repr\u00e9sentation finale. Enfin, <strong>du 27 au 30 octobre<\/strong>, trente adolescents participeront \u00e0 un workshop de danse men\u00e9 par la compagnie Virgule, en partenariat avec le Centre chor\u00e9graphique national de Montpellier. Pendant quatre jours, ils exploreront le hip-hop, la danse contemporaine, le th\u00e9\u00e2tre et le mime. L\u2019exp\u00e9rience se conclura par une restitution publique autour du spectacle Royaume(s).<\/p>\n<p>Votre r\u00e9gion, votre actu !<\/p>\n<p>Recevez chaque jour les infos qui comptent pour vous.<\/p>\n<p>\t<a href=\"https:\/\/actu.fr\/newsletter\" class=\"ac-btn ac-btn--corner ac-btn--medium ac-btn--blue800\" target=\"_blank\" rel=\"noopener\">S&rsquo;incrire<\/a><br \/>\nExpositions et street-art<\/p>\n<p class=\" wall-content\"><strong>Du 13 au 31 octobre<\/strong>, la Maison pour tous Fran\u00e7ois Villon accueillera le travail du street-artiste OUPS. Originaire de Villeneuve-l\u00e8s-Maguelone, il s\u2019est fait conna\u00eetre gr\u00e2ce \u00e0 ses \u00ab\u00a0Cox\u00a0\u00bb : des rochers peints de coccinelles rouges ou bleues, devenues symboles de libert\u00e9 et de bonne humeur. Son univers po\u00e9tique, souvent teint\u00e9 de bleu, relie la nature \u00e0 la ville et invite \u00e0 un regard plus l\u00e9ger sur le monde urbain. <strong>Le samedi 18 octobre<\/strong>, la soir\u00e9e Street Art aux couleurs latines proposera un voyage musical et visuel. \u00c0 18h30, le documentaire br\u00e9silien Hip Hop Serra : Resist\u00eancia Cultural Na Cidade Imperial, pr\u00e9sent\u00e9 par Daniel Il\u00ea, reviendra sur le r\u00f4le du hip-hop dans la transformation sociale \u00e0 Petr\u00f3polis, au Br\u00e9sil. Puis, \u00e0 21h, le groupe La Lita \u2013 men\u00e9 par l\u2019artiste p\u00e9ruvienne Nicole Rafael \u2013 fusionnera rap, hip-hop et sonorit\u00e9s latino-am\u00e9ricaines.\u00a0<\/p>\n<p>    <img   decoding=\"async\" loading=\"lazy\" src=\"https:\/\/www.europesays.com\/fr\/wp-content\/uploads\/2025\/10\/tempimagey1ox5b-960x640.jpg\" alt=\"Graffeurs, danseurs, musiciens\u2026 \u00c0 Montpellier, Art2Rue transforme la ville en une vaste sc\u00e8ne ouverte.\" width=\"960\" height=\"640\"\/><br \/>\n    Graffeurs, danseurs, musiciens\u2026 \u00c0 Montpellier, Art2Rue transforme la ville en une vaste sc\u00e8ne ouverte. (\u00a9M\u00e9tropolitain \/ LP)<\/p>\n<p class=\" wall-content\"><strong>Le samedi 25 octobre<\/strong>, place \u00e0 la parole et \u00e0 la m\u00e9moire du graffiti avec le graffeur genevois Serval. \u00c0 la Maison pour tous L\u00e9o Lagrange, l\u2019artiste retracera l\u2019histoire des ic\u00f4nes du street-art, n\u00e9es sur les m\u00e9tros des ann\u00e9es 1980 avant d\u2019envahir la culture populaire mondiale. Avec plus de trente ans de pratique, Serval offrira une immersion dans un univers o\u00f9 lettres, formes et \u00e9motions se m\u00ealent en un langage universel.<\/p>\n<p class=\" wall-content\">Personnalisez votre actualit\u00e9 en ajoutant vos villes et m\u00e9dias en favori avec <a href=\"https:\/\/moncompte.actu.fr\" title=\"D\u00e9couvez Mon Actu\" rel=\"nofollow noopener\" data-trk=\"{&quot;cta&quot;:{&quot;action&quot;:&quot;https:\\\/\\\/moncompte.actu.fr&quot;,&quot;category&quot;:&quot;mon compte&quot;,&quot;from&quot;:&quot;article footer&quot;,&quot;name&quot;:&quot;Mon actu&quot;,&quot;type&quot;:&quot;cta&quot;}}\" target=\"_blank\">Mon Actu<\/a>.<\/p>\n<p>                    <script async src=\"\/\/www.instagram.com\/embed.js\"><\/script><\/p>\n","protected":false},"excerpt":{"rendered":"Par L\u00e9a Pippinato Publi\u00e9 le 5 oct. 2025 \u00e0 20h15 Le 2 octobre dernier, la Maison pour tous&hellip;\n","protected":false},"author":2,"featured_media":441417,"comment_status":"","ping_status":"","sticky":false,"template":"","format":"standard","meta":{"footnotes":""},"categories":[9599],"tags":[1111,11,5972,1777,674,652,849,1011,27,1652,2208,12,2680,3616,25],"class_list":{"0":"post-441416","1":"post","2":"type-post","3":"status-publish","4":"format-standard","5":"has-post-thumbnail","7":"category-montpellier","8":"tag-actu","9":"tag-actualites","10":"tag-danse","11":"tag-eu","12":"tag-europe","13":"tag-famille","14":"tag-festival","15":"tag-fr","16":"tag-france","17":"tag-loisirs-culture","18":"tag-montpellier","19":"tag-news","20":"tag-occitanie","21":"tag-rap","22":"tag-republique-francaise"},"share_on_mastodon":{"url":"https:\/\/pubeurope.com\/@fr\/115323328649628032","error":""},"_links":{"self":[{"href":"https:\/\/www.europesays.com\/fr\/wp-json\/wp\/v2\/posts\/441416","targetHints":{"allow":["GET"]}}],"collection":[{"href":"https:\/\/www.europesays.com\/fr\/wp-json\/wp\/v2\/posts"}],"about":[{"href":"https:\/\/www.europesays.com\/fr\/wp-json\/wp\/v2\/types\/post"}],"author":[{"embeddable":true,"href":"https:\/\/www.europesays.com\/fr\/wp-json\/wp\/v2\/users\/2"}],"replies":[{"embeddable":true,"href":"https:\/\/www.europesays.com\/fr\/wp-json\/wp\/v2\/comments?post=441416"}],"version-history":[{"count":0,"href":"https:\/\/www.europesays.com\/fr\/wp-json\/wp\/v2\/posts\/441416\/revisions"}],"wp:featuredmedia":[{"embeddable":true,"href":"https:\/\/www.europesays.com\/fr\/wp-json\/wp\/v2\/media\/441417"}],"wp:attachment":[{"href":"https:\/\/www.europesays.com\/fr\/wp-json\/wp\/v2\/media?parent=441416"}],"wp:term":[{"taxonomy":"category","embeddable":true,"href":"https:\/\/www.europesays.com\/fr\/wp-json\/wp\/v2\/categories?post=441416"},{"taxonomy":"post_tag","embeddable":true,"href":"https:\/\/www.europesays.com\/fr\/wp-json\/wp\/v2\/tags?post=441416"}],"curies":[{"name":"wp","href":"https:\/\/api.w.org\/{rel}","templated":true}]}}