{"id":441427,"date":"2025-10-05T20:04:12","date_gmt":"2025-10-05T20:04:12","guid":{"rendered":"https:\/\/www.europesays.com\/fr\/441427\/"},"modified":"2025-10-05T20:04:12","modified_gmt":"2025-10-05T20:04:12","slug":"rennes-des-manuscrits-de-jean-jaures-mis-aux-encheres","status":"publish","type":"post","link":"https:\/\/www.europesays.com\/fr\/441427\/","title":{"rendered":"Rennes. Des manuscrits de Jean Jaur\u00e8s mis aux ench\u00e8res"},"content":{"rendered":"<p class=\"block date\" id=\"dateEtAuteur\">Publi\u00e9 : 21h46  par Dolor\u00e8s  CHARLES <\/p>\n<p><img decoding=\"async\" class=\"\" style=\"width:100%\" src=\"https:\/\/www.europesays.com\/fr\/wp-content\/uploads\/2025\/10\/lot_335_photo_2_ench_res_manuscrits_Jaur_s1759692848431.jpg\" alt=\"Des manuscrits de Jean Jaur\u00e8s mis aux ench\u00e8res ce lundi pr\u00e8s de Rennes.\"\/><\/p>\n<p>Cr\u00e9dit : Pierre-Guillaume Klein <\/p>\n<p>Une vente aux ench\u00e8res unique en son genre est programm\u00e9e ce lundi (6 octobre) pr\u00e8s de Rennes. No\u00eblline Garon a joint Pierre-Guillaume Klein, commissaire priseur pour nous raconter cette belle histoire. <\/p>\n<p>En effet, ce sont des manuscrits de Jean Jaur\u00e8s qui seront mis aux ench\u00e8res, ce lundi (6 octobre) pr\u00e8s de Rennes. Des documents trouv\u00e9s dans un grenier, chez un particulier dans le secteur de Saint-Malo.<\/p>\n<blockquote><p>\n\u00ab\u00a0J&rsquo;ai vu \u00ab\u00a0sign\u00e9 Jaur\u00e8s\u00a0\u00bb, je me suis dit que \u00e7a avait de la valeur\u00a0\u00bb\n<\/p><\/blockquote>\n<p>Pierre-Guillaume Klein, commissaire-priseur \u00e0 Ouest ench\u00e8res publiques : \u00ab\u00a0en ouvrant cette bo\u00eete, on a d\u00e9couvert un fatra de papier en d\u00e9sordre et la personne a dit : \u00ab\u00a0j&rsquo;ai vu \u00ab\u00a0sign\u00e9 Jaur\u00e8s\u00a0\u00bb, je me suis dit que \u00e7a avait de la valeur.\u00a0\u00bb<\/p>\n<p>Ce sont des<strong> documents<\/strong><strong> \u00ab\u00a0uniques parce que leur caract\u00e9ristique sont des manuscrits, de la main de l&rsquo;auteur celle de Jaur\u00e8s, et ce sont des travaux pr\u00e9paratoires en vue d&rsquo;une publication. <\/strong>Il y a une trentaine de documents et sur l&rsquo;affaire Dreyfus il y en a environ 4-5 qui s&rsquo;en rapprochent, mais il y a \u00e9galement un hommage posthume sur Zola : un grand homme qui \u00e9crit sur un autre grand homme, et les deux ont collabor\u00e9 pour faire innocenter Dreyfus. C&rsquo;est la r\u00e9union au sommet des grands d\u00e9fenseurs de l&rsquo;affaire Dreyfus !\u00a0\u00bb<\/p>\n<p>Pierre-Guillaume Klein, commissaire-priseur \u00e0 OEPPierre-Guillaume Klein, commissaire-priseur \u00e0 OEP<\/p>\n<p>Cr\u00e9dit : No\u00eblline Garon<\/p>\n<p>L\u2019affaire Dreyfus, a pour rappel \u00e9t\u00e9 jug\u00e9e dans la capitale bretonne \u00e0 la fin du 19e si\u00e8cle. Pour Pierre-Guillaume Klein, cette d\u00e9couverte est in\u00e9dite.\u00a0\u00ab\u00a0C&rsquo;est la premi\u00e8re fois que je pr\u00e9sente des \u0153uvres politiques et ce sont vraiment des documents historiques o\u00f9 Jaur\u00e8s, \u00e0 la mani\u00e8re d&rsquo;un avocat, d&rsquo;un plaidoyer avec une rigueur scientifique, une rigueur juridique, va exposer fait apr\u00e8s fait les nouveaux indices, les nouveaux compl\u00e9ments qui ont permis notamment d&rsquo;innocenter Dreyfus.<\/p>\n<blockquote><p>\nLa plume de Jean Jaur\u00e8s\n<\/p><\/blockquote>\n<p><strong>On rentre dans l&rsquo;histoire, on rentre aussi dans la pens\u00e9e d&rsquo;un homme avec sa verbe. Ce sont des \u00e9crits qui sont lisibles, qui transcrivent la pens\u00e9e de l&rsquo;auteur&#8230; e<\/strong>t vraiment, il n&rsquo;y a quasiment pas de rature&#8230; Il crie les mots en les \u00e9crivant. Il y a une verbe qui est propre \u00e0 Jaur\u00e8s qui \u00e9tait un grand orateur mais aussi un grand auteur, un grand \u00e9crivain et c&rsquo;\u00e9tait une tr\u00e8s bonne plume !\u00a0\u00bb<\/p>\n<p>Pierre-Guillaume Klein, commissaire-priseur \u00e0 OEPPierre-Guillaume Klein, commissaire-priseur \u00e0 OEP <\/p>\n<p>La mise \u00e0 prix des documents les plus abordables d\u00e9marre \u00e0 80 euros, pour aller jusqu\u2019\u00e0 2 000 euros.<\/p>\n<p>La vente aux ench\u00e8res est ouverte \u00e0 tous : particuliers comme mus\u00e9es.<\/p>\n","protected":false},"excerpt":{"rendered":"Publi\u00e9 : 21h46 par Dolor\u00e8s CHARLES Cr\u00e9dit : Pierre-Guillaume Klein Une vente aux ench\u00e8res unique en son genre&hellip;\n","protected":false},"author":2,"featured_media":441428,"comment_status":"","ping_status":"","sticky":false,"template":"","format":"standard","meta":{"footnotes":""},"categories":[2821],"tags":[1111,11,829,13677,1777,674,1011,27,15699,12,584,25,3728],"class_list":{"0":"post-441427","1":"post","2":"type-post","3":"status-publish","4":"format-standard","5":"has-post-thumbnail","7":"category-rennes","8":"tag-actu","9":"tag-actualites","10":"tag-bretagne","11":"tag-encheres","12":"tag-eu","13":"tag-europe","14":"tag-fr","15":"tag-france","16":"tag-jean-jaures","17":"tag-news","18":"tag-rennes","19":"tag-republique-francaise","20":"tag-saint-malo"},"share_on_mastodon":{"url":"https:\/\/pubeurope.com\/@fr\/115323356353280796","error":""},"_links":{"self":[{"href":"https:\/\/www.europesays.com\/fr\/wp-json\/wp\/v2\/posts\/441427","targetHints":{"allow":["GET"]}}],"collection":[{"href":"https:\/\/www.europesays.com\/fr\/wp-json\/wp\/v2\/posts"}],"about":[{"href":"https:\/\/www.europesays.com\/fr\/wp-json\/wp\/v2\/types\/post"}],"author":[{"embeddable":true,"href":"https:\/\/www.europesays.com\/fr\/wp-json\/wp\/v2\/users\/2"}],"replies":[{"embeddable":true,"href":"https:\/\/www.europesays.com\/fr\/wp-json\/wp\/v2\/comments?post=441427"}],"version-history":[{"count":0,"href":"https:\/\/www.europesays.com\/fr\/wp-json\/wp\/v2\/posts\/441427\/revisions"}],"wp:featuredmedia":[{"embeddable":true,"href":"https:\/\/www.europesays.com\/fr\/wp-json\/wp\/v2\/media\/441428"}],"wp:attachment":[{"href":"https:\/\/www.europesays.com\/fr\/wp-json\/wp\/v2\/media?parent=441427"}],"wp:term":[{"taxonomy":"category","embeddable":true,"href":"https:\/\/www.europesays.com\/fr\/wp-json\/wp\/v2\/categories?post=441427"},{"taxonomy":"post_tag","embeddable":true,"href":"https:\/\/www.europesays.com\/fr\/wp-json\/wp\/v2\/tags?post=441427"}],"curies":[{"name":"wp","href":"https:\/\/api.w.org\/{rel}","templated":true}]}}