{"id":441447,"date":"2025-10-05T20:17:14","date_gmt":"2025-10-05T20:17:14","guid":{"rendered":"https:\/\/www.europesays.com\/fr\/441447\/"},"modified":"2025-10-05T20:17:14","modified_gmt":"2025-10-05T20:17:14","slug":"marseille-des-membres-de-luni-attaques-dans-un-bar","status":"publish","type":"post","link":"https:\/\/www.europesays.com\/fr\/441447\/","title":{"rendered":"Marseille : des membres de l\u2019UNI attaqu\u00e9s dans un bar"},"content":{"rendered":"<p>                                            Faits divers\n                                                                            <\/p>\n<p>\n                                            Alors qu\u2019ils se trouvaient sur la terrasse d\u2019un caf\u00e9 \u00e0 Marseille, jeudi 2 octobre, des membres de l\u2019UNI ont \u00e9t\u00e9 confront\u00e9s \u00e0 l\u2019intervention d\u2019activistes antifascistes.                                        <\/p>\n<p>                                                Publi\u00e9 le 5 octobre 2025 \u00e0 20h57                                                                                            <\/p>\n<p>                                            <img loading=\"lazy\" width=\"1024\" height=\"682\" src=\"https:\/\/www.europesays.com\/fr\/wp-content\/uploads\/2025\/10\/SIPA_01094077_000004-2.jpg\" class=\"attachment-post-thumbnail size-post-thumbnail wp-post-image\" alt=\"Des membres de l\u2019UNI attaqu\u00e9s dans un bar \u00e0 Marseille \u00a9 SOPA Images\/SIPA\" decoding=\"async\"  \/><\/p>\n<p>                                            Des membres de l\u2019UNI attaqu\u00e9s dans un bar \u00e0 Marseille \u00a9 SOPA Images\/SIPA<\/p>\n<p data-start=\"111\" data-end=\"421\">Ce jeudi 2 octobre, des membres de l\u2019UNI ont tenu une rencontre dans un bar de la place de la Castellane, dans le 6e arrondissement de Marseille. Cependant, la soir\u00e9e a rapidement tourn\u00e9 au conflit avec l\u2019arriv\u00e9e d\u2019une cinquantaine d\u2019antifascistes masqu\u00e9s, comme le montre la vid\u00e9o partag\u00e9e par l\u2019UNI sur X.<\/p>\n<p><a href=\"https:\/\/www.valeursactuelles.com\/faits-divers\/strasbourg-des-etudiants-du-syndicat-uni-attaques-au-couteau-par-des-antifas\" class=\"h-flex h-align-items-center h-border-tb h-ptb-15\" rel=\"nofollow noopener\" target=\"_blank\">A\u00a0LIRE\u00a0Strasbourg : des \u00e9tudiants du syndicat UNI attaqu\u00e9s au couteau par des antifas<\/a><\/p>\n<blockquote class=\"twitter-tweet\">\n<p dir=\"ltr\" lang=\"fr\">\ud83d\udd34 Agression de l\u2019extr\u00eame-gauche \u00e0 Marseille<\/p>\n<p>Nos militants ont \u00e9t\u00e9 violemment agress\u00e9s par des antifas. L\u2019extr\u00eame-gauche, en toute impunit\u00e9, se permet une violence toujours plus d\u00e9complex\u00e9e dans toutes les sph\u00e8res de la soci\u00e9t\u00e9.<\/p>\n<p>\u00c0 Marseille comme ailleurs, l\u2019UNI ne reculera\u2026 <a href=\"https:\/\/t.co\/w2mzQAEJij\" rel=\"nofollow\">pic.twitter.com\/w2mzQAEJij<\/a><\/p>\n<p>\u2014 UNI Aix-Marseille (@uniamu) <a href=\"https:\/\/twitter.com\/uniamu\/status\/1973848680852775054?ref_src=twsrc%5Etfw\" rel=\"nofollow noopener\" target=\"_blank\">October 2, 2025<\/a><\/p>\n<\/blockquote>\n<p data-start=\"423\" data-end=\"781\">Les membres du syndicat \u00e9tudiant auraient d\u2019abord \u00e9t\u00e9 asperg\u00e9s de farine. Par la suite, ils ont \u00e9t\u00e9 vis\u00e9s par des jets de chaises et de bouteilles. Dans une vid\u00e9o publi\u00e9e par <a href=\"https:\/\/www.valeursactuelles.com\/societe\/des-etudiants-de-luni-violemment-agresses-par-des-antifas-a-toulouse-plusieurs-blesses\" target=\"_blank\" rel=\"noopener nofollow\">l\u2019UNI<\/a> sur les r\u00e9seaux sociaux, on aper\u00e7oit certains militants se faire frapper \u00e0 coups de poing. Plusieurs antifascistes semblaient \u00eatre \u00e9quip\u00e9s de barres et d\u2019objets contondants.<\/p>\n<p>                    <img decoding=\"async\" src=\"https:\/\/www.europesays.com\/fr\/wp-content\/uploads\/2025\/10\/1759695434_652_maxresdefault.jpg\" alt=\"Vid\u00e9o YouTube\" style=\"width: 100%; height: auto; display: block;\"\/><\/p>\n<p>                        Chargement\u2026                    <\/p>\n<p><a href=\"https:\/\/www.valeursactuelles.com\/regions\/auvergne-rhone-alpes\/isere\/grenoble\/faits-divers\/grenoble-deux-etudiants-du-syndicats-uni-menaces-de-mort-a-travers-des-tags-sur-leur-campus\" class=\"h-flex h-align-items-center h-border-tb h-ptb-15\" rel=\"nofollow noopener\" target=\"_blank\">A\u00a0LIRE\u00a0Grenoble : deux \u00e9tudiants du syndicats UNI menac\u00e9s de mort \u00e0 travers des tags sur leur campus<\/a><\/p>\n<p data-start=\"783\" data-end=\"1084\">D\u2019apr\u00e8s l\u2019UNI, plusieurs membres de l\u2019Union \u00e9tudiante, un syndicat de gauche cr\u00e9\u00e9 en 2023 \u00e0 la suite de la fusion de l\u2019Alternative, elle-m\u00eame issue d\u2019une scission de <a href=\"https:\/\/www.valeursactuelles.com\/regions\/nouvelle-aquitaine\/gironde\/bordeaux\/societe\/bordeaux-lunef-exige-des-toilettes-neutres-a-luniversite-pour-respecter-tous-les-genres\" target=\"_blank\" rel=\"noopener nofollow\">l\u2019Unef<\/a> en 2019, figuraient parmi ces fauteurs de troubles. On peut entendre \u00e0 la fin de la vid\u00e9o\u202f: \u00ab\u202fMarseille, Marseille antifa\u202f\u00bb.<\/p>\n<p>Les politiques offusqu\u00e9s<\/p>\n<p data-start=\"1118\" data-end=\"1512\">Apr\u00e8s la soir\u00e9e mouvement\u00e9e, et alors qu\u2019ils regagnaient leur domicile, certains membres de l\u2019UNI auraient \u00e9t\u00e9 suivis, m\u00eame jusque dans le m\u00e9tro de la cit\u00e9 phoc\u00e9enne, et menac\u00e9s, selon l\u2019Observatoire des violences politiques. Cette situation aurait rendu n\u00e9cessaire l\u2019intervention des forces de l\u2019ordre. Une plainte a \u00e9t\u00e9 d\u00e9pos\u00e9e et une enqu\u00eate a \u00e9t\u00e9 ouverte afin d\u2019identifier les agresseurs.<\/p>\n<p data-start=\"1514\" data-end=\"1886\">Olivier Rioult, directeur de campagne et porte-parole de Franck Allisio, candidat RN \u00e0 Marseille pour les \u00e9lections municipales, a d\u00e9nonc\u00e9 la situation en ces termes\u202f: \u00ab\u202fHaine, violence et intimidations. Voil\u00e0 ce qui arrive lorsque la racaille d\u2019extr\u00eame gauche croise le chemin de personnes qui ne pensent pas comme elle. Jusqu\u2019\u00e0 les poursuivre devant leur domicile\u202f\u00bb.<\/p>\n<blockquote class=\"twitter-tweet\">\n<p dir=\"ltr\" lang=\"fr\">\u00c0 <a href=\"https:\/\/twitter.com\/hashtag\/Marseille?src=hash&amp;ref_src=twsrc%5Etfw\" rel=\"nofollow noopener\" target=\"_blank\">#Marseille<\/a>, nos militants de la <a href=\"https:\/\/twitter.com\/droiteuniv?ref_src=twsrc%5Etfw\" rel=\"nofollow noopener\" target=\"_blank\">@droiteuniv<\/a> ont \u00e9t\u00e9 sauvagement agress\u00e9s par les antifas. J\u2019en ai assez de ce climat de haine et de violence politique que l\u2019extr\u00eame-gauche impose dans l\u2019impunit\u00e9 !<\/p>\n<p>Quand mettra-t-on enfin un terme \u00e0 ces milices violentes ? <a href=\"https:\/\/t.co\/Uq7Y0pWovQ\" rel=\"nofollow\">https:\/\/t.co\/Uq7Y0pWovQ<\/a><\/p>\n<p>\u2014 Val\u00e9rie Boyer\ud83c\udf97\ufe0f (@valerieboyer13) <a href=\"https:\/\/twitter.com\/valerieboyer13\/status\/1974120152678691171?ref_src=twsrc%5Etfw\" rel=\"nofollow noopener\" target=\"_blank\">October 3, 2025<\/a><\/p>\n<\/blockquote>\n<p data-start=\"1888\" data-end=\"2165\">Val\u00e9rie Boyer, s\u00e9natrice LR des Bouches-du-Rh\u00f4ne, a d\u00e9nonc\u00e9 cette attaque sur X\u202f: \u00ab\u202f\u00c0 Marseille, nos militants de l\u2019UNI ont \u00e9t\u00e9 sauvagement agress\u00e9s par les antifas. J\u2019en ai assez de ce climat de haine et de violence politique que l\u2019extr\u00eame gauche impose dans l\u2019impunit\u00e9\u202f\u00bb.<\/p>\n<p>                                                                    <script async src=\"https:\/\/platform.twitter.com\/widgets.js\" charset=\"utf-8\"><\/script><\/p>\n","protected":false},"excerpt":{"rendered":"Faits divers Alors qu\u2019ils se trouvaient sur la terrasse d\u2019un caf\u00e9 \u00e0 Marseille, jeudi 2 octobre, des membres&hellip;\n","protected":false},"author":2,"featured_media":441448,"comment_status":"","ping_status":"","sticky":false,"template":"","format":"standard","meta":{"footnotes":""},"categories":[2814],"tags":[1111,11,1120,13797,7168,1777,674,1011,27,884,12,882,25,21315],"class_list":{"0":"post-441447","1":"post","2":"type-post","3":"status-publish","4":"format-standard","5":"has-post-thumbnail","7":"category-marseille","8":"tag-actu","9":"tag-actualites","10":"tag-agression","11":"tag-antifascisme","12":"tag-bars","13":"tag-eu","14":"tag-europe","15":"tag-fr","16":"tag-france","17":"tag-marseille","18":"tag-news","19":"tag-provence-alpes-cote-dazur","20":"tag-republique-francaise","21":"tag-uni"},"share_on_mastodon":{"url":"https:\/\/pubeurope.com\/@fr\/115323407760228494","error":""},"_links":{"self":[{"href":"https:\/\/www.europesays.com\/fr\/wp-json\/wp\/v2\/posts\/441447","targetHints":{"allow":["GET"]}}],"collection":[{"href":"https:\/\/www.europesays.com\/fr\/wp-json\/wp\/v2\/posts"}],"about":[{"href":"https:\/\/www.europesays.com\/fr\/wp-json\/wp\/v2\/types\/post"}],"author":[{"embeddable":true,"href":"https:\/\/www.europesays.com\/fr\/wp-json\/wp\/v2\/users\/2"}],"replies":[{"embeddable":true,"href":"https:\/\/www.europesays.com\/fr\/wp-json\/wp\/v2\/comments?post=441447"}],"version-history":[{"count":0,"href":"https:\/\/www.europesays.com\/fr\/wp-json\/wp\/v2\/posts\/441447\/revisions"}],"wp:featuredmedia":[{"embeddable":true,"href":"https:\/\/www.europesays.com\/fr\/wp-json\/wp\/v2\/media\/441448"}],"wp:attachment":[{"href":"https:\/\/www.europesays.com\/fr\/wp-json\/wp\/v2\/media?parent=441447"}],"wp:term":[{"taxonomy":"category","embeddable":true,"href":"https:\/\/www.europesays.com\/fr\/wp-json\/wp\/v2\/categories?post=441447"},{"taxonomy":"post_tag","embeddable":true,"href":"https:\/\/www.europesays.com\/fr\/wp-json\/wp\/v2\/tags?post=441447"}],"curies":[{"name":"wp","href":"https:\/\/api.w.org\/{rel}","templated":true}]}}