{"id":441449,"date":"2025-10-05T20:18:21","date_gmt":"2025-10-05T20:18:21","guid":{"rendered":"https:\/\/www.europesays.com\/fr\/441449\/"},"modified":"2025-10-05T20:18:21","modified_gmt":"2025-10-05T20:18:21","slug":"a7-sortie-rognac-n28-fermee-direction-marseille","status":"publish","type":"post","link":"https:\/\/www.europesays.com\/fr\/441449\/","title":{"rendered":"A7 sortie Rognac n\u00b028 ferm\u00e9e direction Marseille"},"content":{"rendered":"<ol class=\"breadcrumb\" itemscope=\"\" itemtype=\"https:\/\/schema.org\/BreadcrumbList\">\n<li itemprop=\"itemListElement\" itemscope=\"\" itemtype=\"https:\/\/schema.org\/ListItem\">\n                    <a itemprop=\"item\" href=\"https:\/\/radio.vinci-autoroutes.com\/\" target=\"_blank\" rel=\"noopener\"><br \/>\n                        Accueil<br \/>\n                    <\/a><\/p>\n<\/li>\n<li itemprop=\"itemListElement\" itemscope=\"\" itemtype=\"https:\/\/schema.org\/ListItem\">\n                        <a itemprop=\"item\" href=\"https:\/\/radio.vinci-autoroutes.com\/rubrique\/infotrafic\" target=\"_blank\" rel=\"noopener\"><br \/>\n                            Actu trafic<br \/>\n                        <\/a><\/p>\n<\/li>\n<li itemprop=\"itemListElement\" itemscope=\"\" itemtype=\"https:\/\/schema.org\/ListItem\">\n                        <a itemprop=\"item\" href=\"https:\/\/radio.vinci-autoroutes.com\/rubrique\/travaux\" target=\"_blank\" rel=\"noopener\"><br \/>\n                            Travaux<br \/>\n                        <\/a><\/p>\n<\/li>\n<\/ol>\n<p class=\"article-chapeau\" itemprop=\"description\">Dans les Bouches-du-Rh\u00f4ne, la nuit du lundi 6 au mardi 7 octobre, \u00e0 partir de 21h et au plus tard jusqu&rsquo;\u00e0 06h du matin, la sortie Rognac n\u00b028 de l&rsquo;autoroute A7 est ferm\u00e9e, en direction de Marseille, pour effectuer des travaux au-del\u00e0 du r\u00e9seau VINCI Autoroutes.<\/p>\n<p class=\"article-author\">Auteur : Christophe Cherchour<\/p>\n<p class=\"article-modification\">Derni\u00e8re modification : 05\/10\/2025 11:24<\/p>\n<p>                <img decoding=\"async\" src=\"https:\/\/www.europesays.com\/fr\/wp-content\/uploads\/2025\/04\/VDN-Travaux-2022-3-Nuit-Copyright-VA-Crespeau.jpg\" alt=\"A7 sortie Rognac n\u00b028 ferm\u00e9e direction Marseille\"\/><\/p>\n<p>                                                    0:16\n                                            <\/p>\n<p class=\"legende\">Travaux nocturnes sur l&rsquo;autoroute<\/p>\n<p>                            \u00a9 VINCI Autoroutes &#8211; Crespeau                        <\/p>\n<p>\n        Vous pouvez sortir apr\u00e8s, \u00e0 Vitrolles N\u00b029.    <\/p>\n<p>            Pour approfondir le sujet<\/p>\n<p>        Partager cet article<\/p>\n","protected":false},"excerpt":{"rendered":"Accueil Actu trafic Travaux Dans les Bouches-du-Rh\u00f4ne, la nuit du lundi 6 au mardi 7 octobre, \u00e0 partir&hellip;\n","protected":false},"author":2,"featured_media":45256,"comment_status":"","ping_status":"","sticky":false,"template":"","format":"standard","meta":{"footnotes":""},"categories":[2814],"tags":[1111,11,885,13635,1777,674,4069,1011,27,9865,9778,884,12,293,7518,882,25,36307,3686],"class_list":{"0":"post-441449","1":"post","2":"type-post","3":"status-publish","4":"format-standard","5":"has-post-thumbnail","7":"category-marseille","8":"tag-actu","9":"tag-actualites","10":"tag-bouches-du-rhone","11":"tag-direction","12":"tag-eu","13":"tag-europe","14":"tag-fermee","15":"tag-fr","16":"tag-france","17":"tag-lundi","18":"tag-mardi","19":"tag-marseille","20":"tag-news","21":"tag-nuit","22":"tag-octobre","23":"tag-provence-alpes-cote-dazur","24":"tag-republique-francaise","25":"tag-rognac","26":"tag-sortie"},"share_on_mastodon":{"url":"https:\/\/pubeurope.com\/@fr\/115323411183260868","error":""},"_links":{"self":[{"href":"https:\/\/www.europesays.com\/fr\/wp-json\/wp\/v2\/posts\/441449","targetHints":{"allow":["GET"]}}],"collection":[{"href":"https:\/\/www.europesays.com\/fr\/wp-json\/wp\/v2\/posts"}],"about":[{"href":"https:\/\/www.europesays.com\/fr\/wp-json\/wp\/v2\/types\/post"}],"author":[{"embeddable":true,"href":"https:\/\/www.europesays.com\/fr\/wp-json\/wp\/v2\/users\/2"}],"replies":[{"embeddable":true,"href":"https:\/\/www.europesays.com\/fr\/wp-json\/wp\/v2\/comments?post=441449"}],"version-history":[{"count":0,"href":"https:\/\/www.europesays.com\/fr\/wp-json\/wp\/v2\/posts\/441449\/revisions"}],"wp:featuredmedia":[{"embeddable":true,"href":"https:\/\/www.europesays.com\/fr\/wp-json\/wp\/v2\/media\/45256"}],"wp:attachment":[{"href":"https:\/\/www.europesays.com\/fr\/wp-json\/wp\/v2\/media?parent=441449"}],"wp:term":[{"taxonomy":"category","embeddable":true,"href":"https:\/\/www.europesays.com\/fr\/wp-json\/wp\/v2\/categories?post=441449"},{"taxonomy":"post_tag","embeddable":true,"href":"https:\/\/www.europesays.com\/fr\/wp-json\/wp\/v2\/tags?post=441449"}],"curies":[{"name":"wp","href":"https:\/\/api.w.org\/{rel}","templated":true}]}}