{"id":441454,"date":"2025-10-05T20:22:17","date_gmt":"2025-10-05T20:22:17","guid":{"rendered":"https:\/\/www.europesays.com\/fr\/441454\/"},"modified":"2025-10-05T20:22:17","modified_gmt":"2025-10-05T20:22:17","slug":"le-cros-ile-de-france-se-mobilise","status":"publish","type":"post","link":"https:\/\/www.europesays.com\/fr\/441454\/","title":{"rendered":"le CROS \u00cele-de-France se mobilise"},"content":{"rendered":"<p><strong>\u00c0 l\u2019occasion d\u2019Octobre Rose, mois de sensibilisation au d\u00e9pistage du cancer du sein, le CROS \u00cele-de-France arbore fi\u00e8rement les couleurs de la lutte contre le cancer.<\/strong><\/p>\n<p align=\"JUSTIFY\">Octobre Rose, c\u2019est parti\u00a0! Cette campagne annuelle mondiale de communication destin\u00e9e \u00e0 sensibiliser les femmes au d\u00e9pistage du cancer du sein et \u00e0 r\u00e9colter des fonds pour la recherche va mettre du rose dans vos yeux durant tout le mois d\u2019octobre. <strong><a href=\"https:\/\/www.sportmag.fr\/octobre-rose-quelle-mobilisation-pour-le-monde-du-sport\/\" rel=\"nofollow noopener\" target=\"_blank\">Notamment si vous \u00eates sportif, puisque de nombreux acteurs du monde sportif, ann\u00e9es apr\u00e8s ann\u00e9e, s\u2019engagent pour la cause.<\/a><\/strong><\/p>\n<p align=\"JUSTIFY\">\u00c0 l\u2019image du Comit\u00e9 r\u00e9gional olympique et sportif (CROS) Ile-de-France. \u00ab\u00a0Notre logo passe au rose pour afficher notre soutien \u00e0 toutes les femmes touch\u00e9es de pr\u00e8s ou de loin par cette maladie, mais aussi pour rappeler l\u2019importance du d\u00e9pistage pr\u00e9coce, qui sauve des vies\u00a0\u00bb, souligne le CROS. \u00ab\u00a0Le mouvement sportif a un r\u00f4le \u00e0 jouer : informer, sensibiliser, et encourager la pr\u00e9vention par l\u2019activit\u00e9 physique et le dialogue.\u00a0\u00bb<\/p>\n<p align=\"JUSTIFY\"><a href=\"https:\/\/www.labellemene.com\/stages-petanque\" rel=\"nofollow noopener\" target=\"_blank\"><img loading=\"lazy\" decoding=\"async\" class=\"size-full wp-image-165619 alignleft\" src=\"data:image\/svg+xml,%3Csvg%20xmlns=\" http:=\"\" alt=\"\" width=\"300\" height=\"250\" data-lazy-src=\"https:\/\/www.europesays.com\/fr\/wp-content\/uploads\/2025\/10\/300X250_Petanque.png\"\/><\/a><\/p>\n<p><strong>32e \u00e9dition pour Octobre Rose<\/strong><\/p>\n<p align=\"JUSTIFY\">Le cancer du sein demeure malheureusement le plus fr\u00e9quent chez les femmes, touchant en moyenne une femme sur huit au cours de sa vie. Cependant, lorsqu\u2019il est d\u00e9tect\u00e9 t\u00f4t, les perspectives de traitement sont plus favorables, avec des th\u00e9rapies moins lourdes et moins agressives. Le d\u00e9pistage pr\u00e9coce joue un r\u00f4le essentiel en limitant les s\u00e9quelles et en am\u00e9liorant consid\u00e9rablement la qualit\u00e9 de vie des patientes. Le d\u00e9pistage organis\u00e9 comme la pr\u00e9vention sont essentiels et compl\u00e9mentaires pour lutter contre ce cancer et am\u00e9liorer la prise en charge des patientes.<\/p>\n<p align=\"JUSTIFY\">Gr\u00e2ce au programme national de d\u00e9pistage organis\u00e9 des cancers du sein mis en place depuis 2004, toutes les femmes \u00e2g\u00e9es de 50 \u00e0 74 ans, ne pr\u00e9sentant pas de sympt\u00f4me ou de risque particulier, b\u00e9n\u00e9ficient d\u2019un d\u00e9pistage gratuit et de qualit\u00e9, sans avance de frais. Le processus est simple : les femmes \u00e9ligibles re\u00e7oivent un courrier d\u2019invitation, tous les 2 ans, pour r\u00e9aliser une mammographie pr\u00e9c\u00e9d\u00e9e d\u2019un examen clinique des seins aupr\u00e8s d\u2019un radiologue agr\u00e9\u00e9.<\/p>\n<p align=\"JUSTIFY\"><strong>Plus d\u2019informations sur <a href=\"https:\/\/www.ligue-cancer.net\/octobre-rose\" rel=\"nofollow noopener\" target=\"_blank\">https:\/\/www.ligue-cancer.net\/octobre-rose<\/a><\/strong><\/p>\n","protected":false},"excerpt":{"rendered":"\u00c0 l\u2019occasion d\u2019Octobre Rose, mois de sensibilisation au d\u00e9pistage du cancer du sein, le CROS \u00cele-de-France arbore fi\u00e8rement&hellip;\n","protected":false},"author":2,"featured_media":441455,"comment_status":"","ping_status":"","sticky":false,"template":"","format":"standard","meta":{"footnotes":""},"categories":[1592],"tags":[1111,11,1777,674,1011,27,662,12,626,25],"class_list":{"0":"post-441454","1":"post","2":"type-post","3":"status-publish","4":"format-standard","5":"has-post-thumbnail","7":"category-ile-de-france","8":"tag-actu","9":"tag-actualites","10":"tag-eu","11":"tag-europe","12":"tag-fr","13":"tag-france","14":"tag-ile-de-france","15":"tag-news","16":"tag-paris","17":"tag-republique-francaise"},"share_on_mastodon":{"url":"https:\/\/pubeurope.com\/@fr\/115323426906243928","error":""},"_links":{"self":[{"href":"https:\/\/www.europesays.com\/fr\/wp-json\/wp\/v2\/posts\/441454","targetHints":{"allow":["GET"]}}],"collection":[{"href":"https:\/\/www.europesays.com\/fr\/wp-json\/wp\/v2\/posts"}],"about":[{"href":"https:\/\/www.europesays.com\/fr\/wp-json\/wp\/v2\/types\/post"}],"author":[{"embeddable":true,"href":"https:\/\/www.europesays.com\/fr\/wp-json\/wp\/v2\/users\/2"}],"replies":[{"embeddable":true,"href":"https:\/\/www.europesays.com\/fr\/wp-json\/wp\/v2\/comments?post=441454"}],"version-history":[{"count":0,"href":"https:\/\/www.europesays.com\/fr\/wp-json\/wp\/v2\/posts\/441454\/revisions"}],"wp:featuredmedia":[{"embeddable":true,"href":"https:\/\/www.europesays.com\/fr\/wp-json\/wp\/v2\/media\/441455"}],"wp:attachment":[{"href":"https:\/\/www.europesays.com\/fr\/wp-json\/wp\/v2\/media?parent=441454"}],"wp:term":[{"taxonomy":"category","embeddable":true,"href":"https:\/\/www.europesays.com\/fr\/wp-json\/wp\/v2\/categories?post=441454"},{"taxonomy":"post_tag","embeddable":true,"href":"https:\/\/www.europesays.com\/fr\/wp-json\/wp\/v2\/tags?post=441454"}],"curies":[{"name":"wp","href":"https:\/\/api.w.org\/{rel}","templated":true}]}}