{"id":441456,"date":"2025-10-05T20:23:14","date_gmt":"2025-10-05T20:23:14","guid":{"rendered":"https:\/\/www.europesays.com\/fr\/441456\/"},"modified":"2025-10-05T20:23:14","modified_gmt":"2025-10-05T20:23:14","slug":"elodie-poux-destinataire-dun-colis-piege-je-compte-bien-transformer-ce-merdier-en-eclats-de-rire","status":"publish","type":"post","link":"https:\/\/www.europesays.com\/fr\/441456\/","title":{"rendered":"\u00c9lodie Poux, destinataire d\u2019un colis pi\u00e9g\u00e9\u00a0: \u00ab\u00a0Je compte bien transformer ce merdier en \u00e9clats de rire\u00a0\u00bb"},"content":{"rendered":"<p class=\"paragraph text_align_left lp-f-body-02\">Humoriste en pleine ascension, nomm\u00e9e en 2024 aux Moli\u00e8re pour son dernier spectacle, <a href=\"https:\/\/www.leparisien.fr\/faits-divers\/estelle-denis-manuel-bompard-elodie-poux-trois-personnalites-visees-par-des-lettres-piegees-05-10-2025-B43T7NZEYVAYHD7NCCAKGVWG6I.php\" target=\"_blank\" rel=\"noreferrer nofollow noopener\">\u00c9lodie Poux fait partie des trois personnalit\u00e9s vis\u00e9es<\/a> il y a quelques jours par de myst\u00e9rieux colis pi\u00e9g\u00e9s, retrouv\u00e9s dans un bureau de poste et une camionnette de La Poste en Dordogne. Une enqu\u00eate a \u00e9t\u00e9 ouverte, confi\u00e9e \u00e0 la gendarmerie. Les motivations du myst\u00e9rieux exp\u00e9diteur restent bien floues mais n\u2019ont pas \u00e9t\u00e9 jug\u00e9es de nature \u00e0 n\u00e9cessiter la saisie de l\u2019antiterrorisme.<\/p>\n<p class=\"paragraph text_align_left lp-f-body-02\">Assaillie de questions de son entourage depuis que l\u2019affaire a \u00e9t\u00e9 rendue publique ce dimanche 5 octobre, <a href=\"https:\/\/www.leparisien.fr\/culture-loisirs\/tv\/elodie-poux-integre-scenes-de-menages-je-vais-peut-etre-acheter-une-tele-pour-loccasion-13-01-2025-KC2FIRJHBJCSLKGY4GVCFRN25A.php\" target=\"_self\" rel=\"nofollow noopener\">\u00c9lodie Poux<\/a> a pris quelques instants pour r\u00e9pondre aux questions du Parisien-Aujourd\u2019hui en France. Avec philosophie et humour, forc\u00e9ment : \u00ab Je n\u2019ai rien contre recevoir des petits cadeaux mais franchement, je pr\u00e9f\u00e9rerais des chocolats \u00bb, a ironis\u00e9 la com\u00e9dienne dans une vid\u00e9o publi\u00e9e ce dimanche apr\u00e8s-midi sur son compte Instagram<\/p>\n","protected":false},"excerpt":{"rendered":"Humoriste en pleine ascension, nomm\u00e9e en 2024 aux Moli\u00e8re pour son dernier spectacle, \u00c9lodie Poux fait partie des&hellip;\n","protected":false},"author":2,"featured_media":441457,"comment_status":"","ping_status":"","sticky":false,"template":"","format":"standard","meta":{"footnotes":""},"categories":[1888],"tags":[1111,1928,11,1927,872,1777,674,118,1011,27,12,1926,626,1925,25],"class_list":{"0":"post-441456","1":"post","2":"type-post","3":"status-publish","4":"format-standard","5":"has-post-thumbnail","7":"category-paris","8":"tag-actu","9":"tag-actu-paris","10":"tag-actualites","11":"tag-actualites-paris","12":"tag-culture-et-loisirs","13":"tag-eu","14":"tag-europe","15":"tag-faits-divers","16":"tag-fr","17":"tag-france","18":"tag-news","19":"tag-news-paris","20":"tag-paris","21":"tag-paris-news","22":"tag-republique-francaise"},"share_on_mastodon":{"url":"https:\/\/pubeurope.com\/@fr\/115323430776750165","error":""},"_links":{"self":[{"href":"https:\/\/www.europesays.com\/fr\/wp-json\/wp\/v2\/posts\/441456","targetHints":{"allow":["GET"]}}],"collection":[{"href":"https:\/\/www.europesays.com\/fr\/wp-json\/wp\/v2\/posts"}],"about":[{"href":"https:\/\/www.europesays.com\/fr\/wp-json\/wp\/v2\/types\/post"}],"author":[{"embeddable":true,"href":"https:\/\/www.europesays.com\/fr\/wp-json\/wp\/v2\/users\/2"}],"replies":[{"embeddable":true,"href":"https:\/\/www.europesays.com\/fr\/wp-json\/wp\/v2\/comments?post=441456"}],"version-history":[{"count":0,"href":"https:\/\/www.europesays.com\/fr\/wp-json\/wp\/v2\/posts\/441456\/revisions"}],"wp:featuredmedia":[{"embeddable":true,"href":"https:\/\/www.europesays.com\/fr\/wp-json\/wp\/v2\/media\/441457"}],"wp:attachment":[{"href":"https:\/\/www.europesays.com\/fr\/wp-json\/wp\/v2\/media?parent=441456"}],"wp:term":[{"taxonomy":"category","embeddable":true,"href":"https:\/\/www.europesays.com\/fr\/wp-json\/wp\/v2\/categories?post=441456"},{"taxonomy":"post_tag","embeddable":true,"href":"https:\/\/www.europesays.com\/fr\/wp-json\/wp\/v2\/tags?post=441456"}],"curies":[{"name":"wp","href":"https:\/\/api.w.org\/{rel}","templated":true}]}}