{"id":441458,"date":"2025-10-05T20:24:20","date_gmt":"2025-10-05T20:24:20","guid":{"rendered":"https:\/\/www.europesays.com\/fr\/441458\/"},"modified":"2025-10-05T20:24:20","modified_gmt":"2025-10-05T20:24:20","slug":"la-musique-un-chantier-beyrouthin-pour-yasmine-hamdan","status":"publish","type":"post","link":"https:\/\/www.europesays.com\/fr\/441458\/","title":{"rendered":"La musique, un chantier beyrouthin pour Yasmine Hamdan"},"content":{"rendered":"<p>                         <img loading=\"lazy\" decoding=\"async\" src=\"https:\/\/www.europesays.com\/fr\/wp-content\/uploads\/2025\/10\/d488428_upload-1-ixvn1zh57x3g-l1009584-v2final.jpg\" alt=\"Yasmine Hamdan, \u00e0 Paris, en avril 2025.\"   width=\"664\" height=\"443\"\/>    Yasmine Hamdan, \u00e0 Paris, en avril 2025.  YIAS NAO                 <\/p>\n<p class=\"article__paragraph  \">Le ton de son troisi\u00e8me album solo, I Remember I Forget, est d\u2019embl\u00e9e donn\u00e9 par Hon, la chanson qui l\u2019ouvre, tout en beaut\u00e9 d\u00e9sol\u00e9e. Gr\u00e2ce aux mots du po\u00e8te palestinien Anas Alaili, Yasmine Hamdan \u00e9voque un \u00ab\u00a0tout petit pays avec une blessure b\u00e9ante\u00a0\u00bb o\u00f9 \u00ab\u00a0certains s\u2019attardent et d\u2019autres se font porter absents\u00a0\u00bb. La chanteuse et compositrice, n\u00e9e \u00e0 Beyrouth, en\u00a01976, au d\u00e9but de la guerre civile, appartient \u00e0 la seconde cat\u00e9gorie en tant que membre de ce qu\u2019elle nomme une \u00ab\u00a0diaspora num\u00e9rique\u00a0\u00bb. Apr\u00e8s avoir v\u00e9cu au Kowe\u00eft (jusqu\u2019\u00e0 l\u2019invasion par l\u2019Irak en\u00a01990) et Abou Dhabi, en Gr\u00e8ce et au Liban, elle s\u2019est \u00e9tablie dans la capitale fran\u00e7aise, en\u00a02005.<\/p>\n<p>                                   Lire aussi |  Article r\u00e9serv\u00e9 \u00e0 nos abonn\u00e9s  <a href=\"https:\/\/www.lemonde.fr\/musiques\/article\/2017\/04\/27\/les-coleres-electro-orientales-de-yasmine-hamdan_5118411_1654986.html\" class=\"js-article-read-also catcher--favoris__link\" data-premium=\"1\" id=\"article-title-185962\" rel=\"nofollow noopener\" target=\"_blank\">Les col\u00e8res \u00e9lectro-orientales de Yasmine Hamdan<\/a>    <\/p>\n<p>   Lire plus tard  <\/p>\n<p class=\"article__paragraph  \">\u00ab\u00a0C\u2019est une chanson sur l\u2019exp\u00e9rience d\u2019\u00eatre \u00e0 Paris et de vivre une trag\u00e9die ailleurs, en live et presque en simultan\u00e9\u00a0\u00bb, explique Yasmine Hamdan, dans un h\u00f4tel parisien. Est en effet \u00e9voqu\u00e9e dans Hon, sur fond de clavier fun\u00e8bre et de bruits de sir\u00e8ne, <a href=\"https:\/\/www.lemonde.fr\/international\/live\/2020\/08\/05\/double-explosion-a-beyrouth-la-france-envoie-du-materiel-sanitaire-au-liban_6048160_3210.html\" rel=\"nofollow noopener\" target=\"_blank\">l\u2019explosion au port de Beyrouth, en\u00a02020<\/a>, qui fit 235\u00a0morts, 6\u00a0500\u00a0bless\u00e9s et 300\u00a0000\u00a0sans-abri. Elle aura v\u00e9cu la catastrophe comme un t\u00e9moin lointain et impuissant, qui ressentirait le souffle \u00e0 distance. Avec, dit le texte, un \u00ab\u00a0cadavre dans [sa] chambre \u00e0 coucher\u00a0\u00bb et des \u00ab\u00a0nuages dans le s\u00e9jour\u00a0\u00bb.<\/p>\n<p class=\"reading-mode-only \"><strong>Il vous reste 86.22% de cet article \u00e0 lire. La suite est r\u00e9serv\u00e9e aux abonn\u00e9s.<\/strong><\/p>\n","protected":false},"excerpt":{"rendered":"Yasmine Hamdan, \u00e0 Paris, en avril 2025. YIAS NAO Le ton de son troisi\u00e8me album solo, I Remember&hellip;\n","protected":false},"author":2,"featured_media":441459,"comment_status":"","ping_status":"","sticky":false,"template":"","format":"standard","meta":{"footnotes":""},"categories":[1888],"tags":[1111,1928,11,1927,1777,674,1011,27,12,1926,626,1925,25],"class_list":{"0":"post-441458","1":"post","2":"type-post","3":"status-publish","4":"format-standard","5":"has-post-thumbnail","7":"category-paris","8":"tag-actu","9":"tag-actu-paris","10":"tag-actualites","11":"tag-actualites-paris","12":"tag-eu","13":"tag-europe","14":"tag-fr","15":"tag-france","16":"tag-news","17":"tag-news-paris","18":"tag-paris","19":"tag-paris-news","20":"tag-republique-francaise"},"share_on_mastodon":{"url":"https:\/\/pubeurope.com\/@fr\/115323435286625654","error":""},"_links":{"self":[{"href":"https:\/\/www.europesays.com\/fr\/wp-json\/wp\/v2\/posts\/441458","targetHints":{"allow":["GET"]}}],"collection":[{"href":"https:\/\/www.europesays.com\/fr\/wp-json\/wp\/v2\/posts"}],"about":[{"href":"https:\/\/www.europesays.com\/fr\/wp-json\/wp\/v2\/types\/post"}],"author":[{"embeddable":true,"href":"https:\/\/www.europesays.com\/fr\/wp-json\/wp\/v2\/users\/2"}],"replies":[{"embeddable":true,"href":"https:\/\/www.europesays.com\/fr\/wp-json\/wp\/v2\/comments?post=441458"}],"version-history":[{"count":0,"href":"https:\/\/www.europesays.com\/fr\/wp-json\/wp\/v2\/posts\/441458\/revisions"}],"wp:featuredmedia":[{"embeddable":true,"href":"https:\/\/www.europesays.com\/fr\/wp-json\/wp\/v2\/media\/441459"}],"wp:attachment":[{"href":"https:\/\/www.europesays.com\/fr\/wp-json\/wp\/v2\/media?parent=441458"}],"wp:term":[{"taxonomy":"category","embeddable":true,"href":"https:\/\/www.europesays.com\/fr\/wp-json\/wp\/v2\/categories?post=441458"},{"taxonomy":"post_tag","embeddable":true,"href":"https:\/\/www.europesays.com\/fr\/wp-json\/wp\/v2\/tags?post=441458"}],"curies":[{"name":"wp","href":"https:\/\/api.w.org\/{rel}","templated":true}]}}