{"id":441468,"date":"2025-10-05T20:29:12","date_gmt":"2025-10-05T20:29:12","guid":{"rendered":"https:\/\/www.europesays.com\/fr\/441468\/"},"modified":"2025-10-05T20:29:12","modified_gmt":"2025-10-05T20:29:12","slug":"rome-tente-deviter-une-surtaxe-americaine-sur-les-importations-de-pates","status":"publish","type":"post","link":"https:\/\/www.europesays.com\/fr\/441468\/","title":{"rendered":"Rome tente d\u2019\u00e9viter une surtaxe am\u00e9ricaine sur les importations de p\u00e2tes"},"content":{"rendered":"<p>L\u2019Italie a annonc\u00e9 dimanche travailler avec les \u00c9tats-Unis et la Commission europ\u00e9enne afin d\u2019\u00e9viter la mise en place de droits antidumping sur les p\u00e2tes italiennes, une mesure envisag\u00e9e par Washington qui inqui\u00e8te fortement les producteurs de la p\u00e9ninsule.<\/p>\n<p>D\u00e9but septembre, le d\u00e9partement am\u00e9ricain du Commerce a indiqu\u00e9 qu\u2019il pr\u00e9voyait d\u2019imposer, \u00e0 partir de janvier\u00a02026, des droits provisoires de plus de 91\u00a0%, s\u2019ajoutant aux 15\u00a0% d\u00e9j\u00e0 en vigueur. Cette d\u00e9cision s\u2019inscrit dans le cadre d\u2019une enqu\u00eate sur des soup\u00e7ons de dumping visant certaines marques italiennes exportant \u00e0 des prix inf\u00e9rieurs \u00e0 ceux du march\u00e9.<\/p>\n<p>Le minist\u00e8re italien des Affaires \u00e9trang\u00e8res a affirm\u00e9 \u00ab\u00a0travailler en \u00e9troite collaboration avec les entreprises concern\u00e9es et en consultation avec la Commission europ\u00e9enne afin de s\u2019assurer que le minist\u00e8re am\u00e9ricain r\u00e9examine les droits provisoires impos\u00e9s \u00e0 nos entreprises\u00a0\u00bb. Rome a \u00e9galement mobilis\u00e9 son ambassade \u00e0 Washington pour \u00ab\u00a0aider les entreprises \u00e0 faire valoir leurs droits\u00a0\u00bb.<\/p>\n<p><strong>De vives r\u00e9actions en Italie<\/strong>&#13;\n<\/p>\n<p>\u00ab\u00a0Le gouvernement italien esp\u00e8re que les \u00c9tats-Unis reconna\u00eetront l\u2019int\u00e9grit\u00e9 et la pleine volont\u00e9 de nos producteurs de coop\u00e9rer \u00e0 l\u2019enqu\u00eate en cours\u00a0\u00bb, a ajout\u00e9 la diplomatie italienne dans un communiqu\u00e9. L\u2019annonce de cette surtaxe a provoqu\u00e9 de vives r\u00e9actions en Italie. Le ministre de l\u2019Agriculture Francesco Lollobrigida a d\u00e9nonc\u00e9 \u00ab\u00a0un m\u00e9canisme hyperprotectionniste contre nos producteurs de p\u00e2tes\u00a0\u00bb, tandis que la principale association agricole Coldiretti a mis en garde contre un \u00ab\u00a0coup fatal\u00a0\u00bb pour le secteur.<\/p>\n<p>Ces mesures \u00ab\u00a0inacceptables et abusives\u00a0\u00bb seraient \u00ab\u00a0li\u00e9es au projet de Donald Trump de d\u00e9localiser la production aux \u00c9tats-Unis\u00a0\u00bb, a estim\u00e9 l\u2019organisation, appelant l\u2019Union europ\u00e9enne et Rome \u00e0 \u00ab\u00a0prot\u00e9ger un v\u00e9ritable symbole du r\u00e9gime m\u00e9diterran\u00e9en\u00a0\u00bb.<\/p>\n<p>Les \u00c9tats-Unis constituent un march\u00e9 strat\u00e9gique pour les producteurs italiens, repr\u00e9sentant pr\u00e8s de 671\u00a0millions d\u2019euros d\u2019exportations en 2024, soit environ 17\u00a0% des ventes totales de p\u00e2tes \u00e0 l\u2019\u00e9tranger.<\/p>\n","protected":false},"excerpt":{"rendered":"L\u2019Italie a annonc\u00e9 dimanche travailler avec les \u00c9tats-Unis et la Commission europ\u00e9enne afin d\u2019\u00e9viter la mise en place&hellip;\n","protected":false},"author":2,"featured_media":441469,"comment_status":"","ping_status":"","sticky":false,"template":"","format":"standard","meta":{"footnotes":""},"categories":[1589],"tags":[17,11,6370,56799,33,73,1866,452,12,3499,56800,18800,96,1864,1865,1863,308],"class_list":{"0":"post-441468","1":"post","2":"type-post","3":"status-publish","4":"format-standard","5":"has-post-thumbnail","7":"category-etats-unis","8":"tag-17","9":"tag-actualites","10":"tag-americaine","11":"tag-deviter","12":"tag-economie","13":"tag-etats-unis","14":"tag-etats-unis-damerique","15":"tag-italie","16":"tag-news","17":"tag-rome","18":"tag-surtaxe","19":"tag-tente","20":"tag-une","21":"tag-united-states","22":"tag-united-states-of-america","23":"tag-us","24":"tag-usa"},"share_on_mastodon":{"url":"https:\/\/pubeurope.com\/@fr\/115323454385279934","error":""},"_links":{"self":[{"href":"https:\/\/www.europesays.com\/fr\/wp-json\/wp\/v2\/posts\/441468","targetHints":{"allow":["GET"]}}],"collection":[{"href":"https:\/\/www.europesays.com\/fr\/wp-json\/wp\/v2\/posts"}],"about":[{"href":"https:\/\/www.europesays.com\/fr\/wp-json\/wp\/v2\/types\/post"}],"author":[{"embeddable":true,"href":"https:\/\/www.europesays.com\/fr\/wp-json\/wp\/v2\/users\/2"}],"replies":[{"embeddable":true,"href":"https:\/\/www.europesays.com\/fr\/wp-json\/wp\/v2\/comments?post=441468"}],"version-history":[{"count":0,"href":"https:\/\/www.europesays.com\/fr\/wp-json\/wp\/v2\/posts\/441468\/revisions"}],"wp:featuredmedia":[{"embeddable":true,"href":"https:\/\/www.europesays.com\/fr\/wp-json\/wp\/v2\/media\/441469"}],"wp:attachment":[{"href":"https:\/\/www.europesays.com\/fr\/wp-json\/wp\/v2\/media?parent=441468"}],"wp:term":[{"taxonomy":"category","embeddable":true,"href":"https:\/\/www.europesays.com\/fr\/wp-json\/wp\/v2\/categories?post=441468"},{"taxonomy":"post_tag","embeddable":true,"href":"https:\/\/www.europesays.com\/fr\/wp-json\/wp\/v2\/tags?post=441468"}],"curies":[{"name":"wp","href":"https:\/\/api.w.org\/{rel}","templated":true}]}}