{"id":441473,"date":"2025-10-05T20:32:20","date_gmt":"2025-10-05T20:32:20","guid":{"rendered":"https:\/\/www.europesays.com\/fr\/441473\/"},"modified":"2025-10-05T20:32:20","modified_gmt":"2025-10-05T20:32:20","slug":"un-anti-tour-de-france-sacre-tadej-pogacar-champion-deurope","status":"publish","type":"post","link":"https:\/\/www.europesays.com\/fr\/441473\/","title":{"rendered":"Un anti-Tour de France sacre Tadej Pogacar champion d\u2019Europe"},"content":{"rendered":"<p>    R\u00e9sum\u00e9 en 20 secondes<\/p>\n<p>        En savoir plus sur ce type de contenu<\/p>\n<p>Ce r\u00e9sum\u00e9 peut avoir \u00e9t\u00e9 \u00e9crit avec l&rsquo;assistance d\u2019une IA g\u00e9n\u00e9rative. <a href=\"https:\/\/www.letemps.ch\/cyber\/l-usage-de-l-ia-generative-par-les-journalistes-du-temps\" target=\"_blank\" rel=\"noopener\">En savoir plus<\/a><\/p>\n<p class=\"article__abstract-call-to-action\" data-ariato=\"TrackableElement\" data-trackable-element-type=\"article_abstract_cta\" data-trackable-element-location=\"article_header\" data-trackable-element-id=\"508143\">\n        <a data-event=\"click-&gt;clicked\" href=\"https:\/\/www.letemps.ch\/abonnements\" target=\"_blank\" rel=\"noopener\">Abonnez-vous<\/a> pour acc\u00e9der au r\u00e9sum\u00e9 en 20 secondes.\n      <\/p>\n<p>L\u2019\u00abEuro\u00bb dans le v\u00e9lo est devenu dimanche presque aussi noble qu\u2019en football, par la magie d\u2019une route paysanne. Un millim\u00e8tre d\u2019erreur et le cycliste fait la culbute dans les broussailles. Le bonheur, \u00e0 l\u2019ancienne. Ce chemin en c\u00f4te s\u2019appelle \u00abval d\u2019Enfer\u00bb. Comme il existe un pont du Diable sur chaque torrent. En contrebas, le Rh\u00f4ne versant fran\u00e7ais, \u00e0 hauteur de Valence, coule moir\u00e9, en \u00e9cailles de truite. Au-dessus s\u2019\u00e9tire le plateau de l\u2019Ard\u00e8che, qu\u2019on dit rude au grand c\u0153ur, description commode mais v\u00e9ritable. La route marque une faille g\u00e9ologique entre le Jura et le Mexique. C\u2019est donc cette pente \u00e9troite et gr\u00eal\u00e9e qui a m\u00e9tamorphos\u00e9 les Championnats d\u2019Europe de cyclisme, invent\u00e9s en 2016, m\u00e9connus jusqu\u2019\u00e0 cette ann\u00e9e et d\u00e9sormais pleinement accept\u00e9s par la l\u00e9gende. Tadej Pogacar consacre lui aussi l\u2019\u00e9v\u00e9nement, par sa victoire dimanche lors de la course en ligne, apr\u00e8s 75 kilom\u00e8tres d\u2019\u00e9chapp\u00e9e. Le Belge Remco Evenepoel et la r\u00e9v\u00e9lation fran\u00e7aise Paul Seixas, 19\u00a0ans, compl\u00e8tent le podium.<\/p>\n<p>Samedi, la veille de ces durs labours, les moins de 23\u00a0ans partaient \u00e0 l\u2019assaut du m\u00eame val d\u2019Enfer. Enfin, \u00ab\u00e0 l\u2019assaut\u00bb, c\u2019est vite \u00e9crit. Ce mur d\u00e9colle les grimpeurs. Ils passent au ralenti. Un spectateur crie \u00abIls sont pas loin\u00bb \u00e0 un l\u00e2ch\u00e9. La silhouette trop large pour la pente accuse six minutes de retard. \u00ab\u00c7a fait du bien de lui mentir.\u00bb Maudit val, terrible Enfer. Les organisateurs ont suppli\u00e9 la voirie de ne pas boucher les trous, sauf dans la descente. Ils ne veulent pas ressembler au Tour de France, qui bitume trop fin, fa\u00e7on moquette. Une route lisse donne un cyclisme lisse.<\/p>\n","protected":false},"excerpt":{"rendered":"R\u00e9sum\u00e9 en 20 secondes En savoir plus sur ce type de contenu Ce r\u00e9sum\u00e9 peut avoir \u00e9t\u00e9 \u00e9crit&hellip;\n","protected":false},"author":2,"featured_media":441474,"comment_status":"","ping_status":"","sticky":false,"template":"","format":"standard","meta":{"footnotes":""},"categories":[1586],"tags":[11,1777,674,1011,27,12,301,25],"class_list":{"0":"post-441473","1":"post","2":"type-post","3":"status-publish","4":"format-standard","5":"has-post-thumbnail","7":"category-europe","8":"tag-actualites","9":"tag-eu","10":"tag-europe","11":"tag-fr","12":"tag-france","13":"tag-news","14":"tag-premium","15":"tag-republique-francaise"},"share_on_mastodon":{"url":"https:\/\/pubeurope.com\/@fr\/115323466209566522","error":""},"_links":{"self":[{"href":"https:\/\/www.europesays.com\/fr\/wp-json\/wp\/v2\/posts\/441473","targetHints":{"allow":["GET"]}}],"collection":[{"href":"https:\/\/www.europesays.com\/fr\/wp-json\/wp\/v2\/posts"}],"about":[{"href":"https:\/\/www.europesays.com\/fr\/wp-json\/wp\/v2\/types\/post"}],"author":[{"embeddable":true,"href":"https:\/\/www.europesays.com\/fr\/wp-json\/wp\/v2\/users\/2"}],"replies":[{"embeddable":true,"href":"https:\/\/www.europesays.com\/fr\/wp-json\/wp\/v2\/comments?post=441473"}],"version-history":[{"count":0,"href":"https:\/\/www.europesays.com\/fr\/wp-json\/wp\/v2\/posts\/441473\/revisions"}],"wp:featuredmedia":[{"embeddable":true,"href":"https:\/\/www.europesays.com\/fr\/wp-json\/wp\/v2\/media\/441474"}],"wp:attachment":[{"href":"https:\/\/www.europesays.com\/fr\/wp-json\/wp\/v2\/media?parent=441473"}],"wp:term":[{"taxonomy":"category","embeddable":true,"href":"https:\/\/www.europesays.com\/fr\/wp-json\/wp\/v2\/categories?post=441473"},{"taxonomy":"post_tag","embeddable":true,"href":"https:\/\/www.europesays.com\/fr\/wp-json\/wp\/v2\/tags?post=441473"}],"curies":[{"name":"wp","href":"https:\/\/api.w.org\/{rel}","templated":true}]}}