{"id":441487,"date":"2025-10-05T20:43:11","date_gmt":"2025-10-05T20:43:11","guid":{"rendered":"https:\/\/www.europesays.com\/fr\/441487\/"},"modified":"2025-10-05T20:43:11","modified_gmt":"2025-10-05T20:43:11","slug":"polemique-a-lol-deschamps-sort-du-silence","status":"publish","type":"post","link":"https:\/\/www.europesays.com\/fr\/441487\/","title":{"rendered":"Pol\u00e9mique \u00e0 l\u2019OL : Deschamps sort du silence !"},"content":{"rendered":"<p>                    Hugo Chirossel<br \/>\n                        &#8211;<\/p>\n<p>Journaliste<\/p>\n<p>Passionn\u00e9 de football depuis le plus jeune \u00e2ge, devenir journaliste sportif est rapidement devenu une \u00e9vidence pour Hugo. Il se d\u00e9couvrira plus tard un amour pour la NBA, avant d\u2019explorer d\u2019autres horizons comme ceux de la Formule 1 et de la NFL.<\/p>\n<p class=\"heading\">Alors qu\u2019il esp\u00e9rait \u00eatre appel\u00e9, Corentin Tolisso a eu la mauvaise surprise de ne pas voir son nom figurer sur la liste d\u00e9voil\u00e9e par Didier Deschamps jeudi. Malgr\u00e9 sa tr\u00e8s bonne forme, le capitaine de l\u2019OL attend encore d\u00e9sesp\u00e9r\u00e9ment de revenir en \u00e9quipe de France \u00e0 quelques mois de la Coupe du monde 2026, mais le s\u00e9lectionneur des Bleus a assur\u00e9 qu\u2019il n\u2019en \u00e9tait pas tr\u00e8s loin. <\/p>\n<p>En grande forme la saison derni\u00e8re et depuis la reprise de la Ligue 1, <strong>Corentin Tolisso<\/strong> (31 ans, 28 s\u00e9lections) doit encore patienter avant de faire son retour en <strong>\u00e9quipe de France<\/strong>. Le milieu de terrain \u00e2g\u00e9 de l\u2019<strong>OL<\/strong> n\u2019a plus \u00e9t\u00e9 appel\u00e9 par <strong>Didier Deschamps<\/strong> depuis l\u2019Euro 2021 et n\u2019a pas \u00e9t\u00e9 retenu dans sa derni\u00e8re liste. <\/p>\n<p>                                            \u00ab Je n\u2019abandonnerai pas, je ne l\u00e2cherai pas \u00bb<\/p>\n<p>Le s\u00e9lectionneur des Bleus lui a pr\u00e9f\u00e9r\u00e9 <strong>Adrien Rabiot<\/strong>, <strong>Manu Kon\u00e9<\/strong>, <strong>Eduardo Camavinga<\/strong> et <strong>Khephren Thuram<\/strong>, pour affronter l\u2019<strong>Azerba\u00efdjan <\/strong>(10 octobre) et l\u2019<strong>Islande<\/strong> (13 octobre), dans le cadre des \u00e9liminatoires de la Coupe du monde 2026. \u00ab Je n\u2019abandonnerai pas, je ne l\u00e2cherai pas \u00bb, a assur\u00e9 <a href=\"https:\/\/le10sport.com\/football\/equipe-de-france\/je-nabandonnerai-pas-deschamps-fait-son-annonce-coup-de-tonnerre-pour-760042\" target=\"_blank\" rel=\"noopener\">Corentin Tolisso<\/a> apr\u00e8s l\u2019annonce de la liste de <strong>Didier Deschamps<\/strong>. <\/p>\n<p>                                            Deschamps s\u2019exprime sur le cas Tolisso<\/p>\n<p>Dans le \u00ab Oui &#8211; Non \u00bb de T\u00e9l\u00e9foot, le s\u00e9lectionneur de l\u2019<strong>\u00e9quipe de France<\/strong> a \u00e9t\u00e9 interrog\u00e9 sur le capitaine de l\u2019<strong>OL<\/strong> et ses chances de revenir \u00e0 Clairefontaine : \u00ab J\u2019ai h\u00e9sit\u00e9 \u00e0 prendre Tolisso dans cette liste ? On r\u00e9fl\u00e9chit. Est-ce qu\u2019il lui manque beaucoup de choses pour revenir ? Non. \u00bb<\/p>\n","protected":false},"excerpt":{"rendered":"Hugo Chirossel &#8211; Journaliste Passionn\u00e9 de football depuis le plus jeune \u00e2ge, devenir journaliste sportif est rapidement devenu&hellip;\n","protected":false},"author":2,"featured_media":441488,"comment_status":"","ping_status":"","sticky":false,"template":"","format":"standard","meta":{"footnotes":""},"categories":[1412],"tags":[1451,1452,1453,1454,1455,1011,27,60],"class_list":{"0":"post-441487","1":"post","2":"type-post","3":"status-publish","4":"format-standard","5":"has-post-thumbnail","7":"category-f1","8":"tag-f1","9":"tag-formula-1","10":"tag-formula1","11":"tag-formule-1","12":"tag-formule1","13":"tag-fr","14":"tag-france","15":"tag-sports"},"share_on_mastodon":{"url":"https:\/\/pubeurope.com\/@fr\/115323509436754655","error":""},"_links":{"self":[{"href":"https:\/\/www.europesays.com\/fr\/wp-json\/wp\/v2\/posts\/441487","targetHints":{"allow":["GET"]}}],"collection":[{"href":"https:\/\/www.europesays.com\/fr\/wp-json\/wp\/v2\/posts"}],"about":[{"href":"https:\/\/www.europesays.com\/fr\/wp-json\/wp\/v2\/types\/post"}],"author":[{"embeddable":true,"href":"https:\/\/www.europesays.com\/fr\/wp-json\/wp\/v2\/users\/2"}],"replies":[{"embeddable":true,"href":"https:\/\/www.europesays.com\/fr\/wp-json\/wp\/v2\/comments?post=441487"}],"version-history":[{"count":0,"href":"https:\/\/www.europesays.com\/fr\/wp-json\/wp\/v2\/posts\/441487\/revisions"}],"wp:featuredmedia":[{"embeddable":true,"href":"https:\/\/www.europesays.com\/fr\/wp-json\/wp\/v2\/media\/441488"}],"wp:attachment":[{"href":"https:\/\/www.europesays.com\/fr\/wp-json\/wp\/v2\/media?parent=441487"}],"wp:term":[{"taxonomy":"category","embeddable":true,"href":"https:\/\/www.europesays.com\/fr\/wp-json\/wp\/v2\/categories?post=441487"},{"taxonomy":"post_tag","embeddable":true,"href":"https:\/\/www.europesays.com\/fr\/wp-json\/wp\/v2\/tags?post=441487"}],"curies":[{"name":"wp","href":"https:\/\/api.w.org\/{rel}","templated":true}]}}