{"id":441493,"date":"2025-10-05T20:46:31","date_gmt":"2025-10-05T20:46:31","guid":{"rendered":"https:\/\/www.europesays.com\/fr\/441493\/"},"modified":"2025-10-05T20:46:31","modified_gmt":"2025-10-05T20:46:31","slug":"sur-rtl-priscilla-beaulieu-presley-revient-sur-son-histoire-damour-avec-elvis","status":"publish","type":"post","link":"https:\/\/www.europesays.com\/fr\/441493\/","title":{"rendered":"sur RTL, Priscilla Beaulieu-Presley revient sur son histoire d&rsquo;amour avec Elvis"},"content":{"rendered":"<p class=\"article-p mdl\">Le paradis ou la prison dor\u00e9e ?\u00a0Priscilla Beaulieu-Presley a \u00e9t\u00e9 la seule femme d&rsquo;Elvis Presley, d\u00e9c\u00e9d\u00e9 en 1977. Elle sort un livre, baptis\u00e9 Softly, As I Leave You &#8211; les confidences de l&rsquo;unique femme du King..<\/p>\n<p class=\"article-p mdl\">\u00ab\u00a0J&rsquo;ai des souvenirs incroyables\u00a0\u00bb, a notamment confi\u00e9 l&rsquo;ex-femme d&rsquo;<a class=\"link\" href=\"https:\/\/www.rtl.fr\/culture\/musique\/elvis-presley-comment-la-mort-du-king-a-forge-sa-legende-7900097321\" title=\"Elvis Presley : comment la mort du King a forg\u00e9 sa l\u00e9gende\" target=\"_blank\" rel=\"noopener\">Elvis Presley<\/a>\u00a0au micro de Marc-Olivier Fogiel sur RTL. Le couple a divorc\u00e9 en 1973. \u00ab\u00a0Je ne pouvais plus vivre comme \u00e7a pendant le restant de mes jours. <strong>J&rsquo;ai d\u00e9couvert qu&rsquo;il y avait ces filles tout autour<\/strong>\u00ab\u00a0, a expliqu\u00e9 Priscilla Beaulieu-Presley, affirmant que son ancien mari avait \u00ab\u00a0une sorte de double vie\u00a0\u00bb.\u00a0<\/p>\n<p class=\"article-p mdl\">\u00ab\u00a0<strong>Je l&rsquo;aime encore aujourd&rsquo;hui<\/strong>, m\u00eame s&rsquo;il n&rsquo;est plus l\u00e0. C&rsquo;\u00e9tait vraiment un \u00eatre humain merveilleux\u00a0\u00bb, a poursuivi l&rsquo;ex-femme du \u00ab\u00a0King\u00a0\u00bb au micro de RTL. Le couple a donn\u00e9 naissance \u00e0 une fille,\u00a0<a class=\"link\" href=\"https:\/\/www.rtl.fr\/culture\/medias-people\/etats-unis-lisa-marie-presley-fille-d-elvis-presley-est-morte-a-54-ans-7900224703\" title=\"\u00c9tats-Unis : Lisa Marie Presley, fille d&#039;Elvis Presley, est morte \u00e0 54 ans\" target=\"_blank\" rel=\"noopener\">Lisa Marie Presley<\/a>, d\u00e9c\u00e9d\u00e9e en 2023 \u00e0 l&rsquo;\u00e2ge de 54 ans.\u00a0<\/p>\n<p class=\"article-p mdl\">Dans cet entretien, Priscilla Beaulieu-Presley\u00a0est aussi revenue sur les addictions de son ex-mari. La superstar am\u00e9ricaine a perdu de sa splendeur, avant sa mort, \u00e0 cause des m\u00e9dicaments. \u00ab\u00a0Quand il prenait ses m\u00e9dicaments, \u00e7a l&rsquo;apaisait\u00a0\u00bb, a-t-elle expliqu\u00e9, soulignant que la star du rock <strong>\u00ab\u00a0cachait tellement de choses et tellement bien<\/strong>\u00ab\u00a0.<\/p>\n<p>    La r\u00e9daction vous recommande<\/p>\n<p class=\"s-newsletter__title\">\n                L\u2019actualit\u00e9 par la r\u00e9daction de RTL dans votre bo\u00eete mail.\n            <\/p>\n<p class=\"s-newsletter__subtitle\">\n                Gr\u00e2ce \u00e0 votre compte RTL abonnez-vous \u00e0 la newsletter RTL info pour suivre toute l&rsquo;actualit\u00e9 au quotidien\n            <\/p>\n<p>\n                                    Lire la suite\n                                <\/p>\n","protected":false},"excerpt":{"rendered":"Le paradis ou la prison dor\u00e9e ?\u00a0Priscilla Beaulieu-Presley a \u00e9t\u00e9 la seule femme d&rsquo;Elvis Presley, d\u00e9c\u00e9d\u00e9 en 1977.&hellip;\n","protected":false},"author":2,"featured_media":441494,"comment_status":"","ping_status":"","sticky":false,"template":"","format":"standard","meta":{"footnotes":""},"categories":[1359],"tags":[1193,58,55324,59,73,107,1011,27,973],"class_list":{"0":"post-441493","1":"post","2":"type-post","3":"status-publish","4":"format-standard","5":"has-post-thumbnail","7":"category-people","8":"tag-couple","9":"tag-divertissement","10":"tag-elvis-presley","11":"tag-entertainment","12":"tag-etats-unis","13":"tag-fil-info","14":"tag-fr","15":"tag-france","16":"tag-people"},"share_on_mastodon":{"url":"https:\/\/pubeurope.com\/@fr\/115323521165467460","error":""},"_links":{"self":[{"href":"https:\/\/www.europesays.com\/fr\/wp-json\/wp\/v2\/posts\/441493","targetHints":{"allow":["GET"]}}],"collection":[{"href":"https:\/\/www.europesays.com\/fr\/wp-json\/wp\/v2\/posts"}],"about":[{"href":"https:\/\/www.europesays.com\/fr\/wp-json\/wp\/v2\/types\/post"}],"author":[{"embeddable":true,"href":"https:\/\/www.europesays.com\/fr\/wp-json\/wp\/v2\/users\/2"}],"replies":[{"embeddable":true,"href":"https:\/\/www.europesays.com\/fr\/wp-json\/wp\/v2\/comments?post=441493"}],"version-history":[{"count":0,"href":"https:\/\/www.europesays.com\/fr\/wp-json\/wp\/v2\/posts\/441493\/revisions"}],"wp:featuredmedia":[{"embeddable":true,"href":"https:\/\/www.europesays.com\/fr\/wp-json\/wp\/v2\/media\/441494"}],"wp:attachment":[{"href":"https:\/\/www.europesays.com\/fr\/wp-json\/wp\/v2\/media?parent=441493"}],"wp:term":[{"taxonomy":"category","embeddable":true,"href":"https:\/\/www.europesays.com\/fr\/wp-json\/wp\/v2\/categories?post=441493"},{"taxonomy":"post_tag","embeddable":true,"href":"https:\/\/www.europesays.com\/fr\/wp-json\/wp\/v2\/tags?post=441493"}],"curies":[{"name":"wp","href":"https:\/\/api.w.org\/{rel}","templated":true}]}}