{"id":441495,"date":"2025-10-05T20:48:51","date_gmt":"2025-10-05T20:48:51","guid":{"rendered":"https:\/\/www.europesays.com\/fr\/441495\/"},"modified":"2025-10-05T20:48:51","modified_gmt":"2025-10-05T20:48:51","slug":"les-parents-deleves-construisent-une-boite-a-livres","status":"publish","type":"post","link":"https:\/\/www.europesays.com\/fr\/441495\/","title":{"rendered":"les parents d\u2019\u00e9l\u00e8ves construisent une bo\u00eete \u00e0 livres"},"content":{"rendered":"<p>\u00ab\u00a0Le livre, \u00e7a permet de voyager, de s\u2019instruire, de r\u00eaver, de rire\u2026\u00a0\u00bb, Les raisons de lire sont inscrites sur la bo\u00eete aux livres mise en place, depuis quelques jours, sur le parking de l\u2019\u00e9cole du Diamant noir, \u00e0 Marigny-Marmande. Persuad\u00e9e que le fait de mettre des livres \u00e0 disposition, de mani\u00e8re tr\u00e8s visible, peut inciter les enfants \u00e0 les emprunter, puis \u00e0 fr\u00e9quenter r\u00e9g&#8230; <\/p>\n<p>    Cet article a \u00e9t\u00e9 tronqu\u00e9. Abonnez-vous pour lire l&rsquo;article complet sur notre site.<\/p>\n<p style=\"margin: 0 !important; padding: 0 !important; font-size: 12px !important;\">Cet article a \u00e9t\u00e9 tronqu\u00e9. Abonnez-vous pour lire l&rsquo;article complet.<\/p>\n<p>    <a href=\"https:\/\/www.lanouvellerepublique.fr\/abonnements\" style=\"display: inline-block; margin-top: 5px !important; padding: 6px 12px !important; background: #cb1c27; color: white; text-decoration: none; border-radius: 4px; font-size: 12px !important;\" target=\"_blank\" rel=\"noopener\"><br \/>\n      S&rsquo;abonner<br \/>\n    <\/a><\/p>\n","protected":false},"excerpt":{"rendered":"\u00ab\u00a0Le livre, \u00e7a permet de voyager, de s\u2019instruire, de r\u00eaver, de rire\u2026\u00a0\u00bb, Les raisons de lire sont inscrites&hellip;\n","protected":false},"author":2,"featured_media":441496,"comment_status":"","ping_status":"","sticky":false,"template":"","format":"standard","meta":{"footnotes":""},"categories":[1357],"tags":[1379,1674,58,4019,59,1011,27,1380,56802],"class_list":{"0":"post-441495","1":"post","2":"type-post","3":"status-publish","4":"format-standard","5":"has-post-thumbnail","7":"category-livres","8":"tag-books","9":"tag-communes","10":"tag-divertissement","11":"tag-ecoles","12":"tag-entertainment","13":"tag-fr","14":"tag-france","15":"tag-livres","16":"tag-marigny-marmande"},"share_on_mastodon":{"url":"https:\/\/pubeurope.com\/@fr\/115323532939836880","error":""},"_links":{"self":[{"href":"https:\/\/www.europesays.com\/fr\/wp-json\/wp\/v2\/posts\/441495","targetHints":{"allow":["GET"]}}],"collection":[{"href":"https:\/\/www.europesays.com\/fr\/wp-json\/wp\/v2\/posts"}],"about":[{"href":"https:\/\/www.europesays.com\/fr\/wp-json\/wp\/v2\/types\/post"}],"author":[{"embeddable":true,"href":"https:\/\/www.europesays.com\/fr\/wp-json\/wp\/v2\/users\/2"}],"replies":[{"embeddable":true,"href":"https:\/\/www.europesays.com\/fr\/wp-json\/wp\/v2\/comments?post=441495"}],"version-history":[{"count":0,"href":"https:\/\/www.europesays.com\/fr\/wp-json\/wp\/v2\/posts\/441495\/revisions"}],"wp:featuredmedia":[{"embeddable":true,"href":"https:\/\/www.europesays.com\/fr\/wp-json\/wp\/v2\/media\/441496"}],"wp:attachment":[{"href":"https:\/\/www.europesays.com\/fr\/wp-json\/wp\/v2\/media?parent=441495"}],"wp:term":[{"taxonomy":"category","embeddable":true,"href":"https:\/\/www.europesays.com\/fr\/wp-json\/wp\/v2\/categories?post=441495"},{"taxonomy":"post_tag","embeddable":true,"href":"https:\/\/www.europesays.com\/fr\/wp-json\/wp\/v2\/tags?post=441495"}],"curies":[{"name":"wp","href":"https:\/\/api.w.org\/{rel}","templated":true}]}}