{"id":441499,"date":"2025-10-05T20:53:19","date_gmt":"2025-10-05T20:53:19","guid":{"rendered":"https:\/\/www.europesays.com\/fr\/441499\/"},"modified":"2025-10-05T20:53:19","modified_gmt":"2025-10-05T20:53:19","slug":"les-experts-recommandent-a-nouveau-le-port-du-masque","status":"publish","type":"post","link":"https:\/\/www.europesays.com\/fr\/441499\/","title":{"rendered":"Les experts recommandent \u00e0 nouveau le port du masque"},"content":{"rendered":"<p>Virus d\u2019automne \u2013 <\/p>\n<p>Les experts recommandent \u00e0 nouveau le port du masque<\/p>\n<p class=\"ContentHead_lead____SsS link_regular__O0hk0 link_externalicon-big__ZdPgo link_externalicon__qcwXs\">Trois ans apr\u00e8s la pand\u00e9mie, les \u00e9pid\u00e9miologistes tirent la sonnette d\u2019alarme. L\u2019\u00e9volution observ\u00e9e dans l\u2019h\u00e9misph\u00e8re Sud laisse pr\u00e9sager un hiver difficile en mati\u00e8re d\u2019infections respiratoires.<\/p>\n<p><img loading=\"lazy\" decoding=\"async\" src=\"https:\/\/www.europesays.com\/fr\/wp-content\/uploads\/2025\/10\/2Un82yw7ast9TWA14Mkfak.jpg\"  width=\"100\" height=\"100\"  alt=\"Konrad Staehelin\" class=\"AuthorImage_root__WCxj_ ContentMetaInfo_authorimage__Mp4LD AuthorImage_-content-head__3qDob\" style=\"background-color:#868686\"\/>Publi\u00e9: 04.10.2025, 18h16<img decoding=\"async\" loading=\"eager\" fetchpriority=\"high\" src=\"https:\/\/www.europesays.com\/fr\/wp-content\/uploads\/2025\/10\/E6XU0TpKaFDByD6KyGTOo-.jpg\" alt=\"Femme d\u2019\u00e2ge moyen mettant un masque chirurgical sur son visage et regardant la cam\u00e9ra.\" title=\"Femme d\u2019\u00e2ge moyen mettant un masque chirurgical sur son visage et regardant la cam\u00e9ra.\" class=\"ResponsiveImage_root__ZDz10 responsive-image\" style=\"background-color:#6F4A2A\"\/><\/p>\n<p>Porter un masque fait partie des gestes barri\u00e8res pour limiter la transmission des virus saisonniers.<\/p>\n<p>Getty Images<\/p>\n<p><strong class=\"SummaryList_title__8uifR\">En bref:<\/strong><\/p>\n<ul class=\"SummaryList_list__pEa7M\">\n<li>Les experts recommandent le port du masque dans les lieux bond\u00e9s.<\/li>\n<li>L\u2019Australie conna\u00eet une \u00e9pid\u00e9mie de grippe H3N2 particuli\u00e8rement virulente cette ann\u00e9e.<\/li>\n<li>Les autorit\u00e9s pensent judicieux de cr\u00e9er un bulletin viral similaire aux pr\u00e9visions m\u00e9t\u00e9o.<\/li>\n<\/ul>\n<p class=\"ArticleParagraph_root__lhFZo ArticleContainer_content-width__FRl7F link_focus__0ZMwx link_externalicon-big__ZdPgo link_externalicon__qcwXs ArticleElement_article-element__q93eL\">Chaque automne, les immunologistes se posent la m\u00eame question. L\u2019\u00e9volution observ\u00e9e \u00e0 l\u2019\u00e9tranger laisse pr\u00e9sager une fin de saison et un hiver particuli\u00e8rement propices aux infections respiratoires.<\/p>\n<p class=\"ArticleParagraph_root__lhFZo ArticleContainer_content-width__FRl7F link_focus__0ZMwx link_externalicon-big__ZdPgo link_externalicon__qcwXs ArticleElement_article-element__q93eL\">Plus de trois ans apr\u00e8s la fin de la pand\u00e9mie, les experts recommandent \u00e0 nouveau le port du masque. \u00ab\u00c0 l\u2019int\u00e9rieur, dans les endroits o\u00f9 il y a beaucoup de monde, notamment dans les transports publics, cette mesure est particuli\u00e8rement b\u00e9n\u00e9fique pour les personnes vuln\u00e9rables, comme les plus de 65\u00a0ans ou les immunod\u00e9prim\u00e9s\u00bb, explique Tanja Stadler. Professeure au D\u00e9partement des biosyst\u00e8mes de l\u2019EPFZ, elle a pr\u00e9sid\u00e9 la task force scientifique Covid-19 de la Conf\u00e9d\u00e9ration.<\/p>\n<p class=\"ArticleParagraph_root__lhFZo ArticleContainer_content-width__FRl7F link_focus__0ZMwx link_externalicon-big__ZdPgo link_externalicon__qcwXs ArticleElement_article-element__q93eL\">\u00abLes personnes qui ne font pas partie des groupes vuln\u00e9rables se prot\u00e8gent des maladies virales en portant un masque et font ainsi preuve de solidarit\u00e9\u00bb, poursuit la sp\u00e9cialiste. \u00abSi quelqu\u2019un se rend dans un lieu public avec des <a class=\"HtmlText_root__A1OSq\" href=\"https:\/\/www.24heures.ch\/covid-recrudescence-des-cas-confirmee-en-suisse-cet-automne-443272363425\" target=\"_blank\" rel=\"noopener\">sympt\u00f4mes de rhume<\/a>, le port d\u2019un masque devrait aller de soi.\u00bb<\/p>\n<p>Les diff\u00e9rents types de masques<\/p>\n<p class=\"ArticleParagraph_root__lhFZo ArticleContainer_content-width__FRl7F link_focus__0ZMwx link_externalicon-big__ZdPgo link_externalicon__qcwXs ArticleElement_article-element__q93eL\">Marcel Tanner partage cet avis. \u00abApr\u00e8s l\u2019\u00e9pid\u00e9mie de Covid en 2020 et les vagues qui ont suivi, il va de soi de <a class=\"HtmlText_root__A1OSq\" href=\"https:\/\/www.24heures.ch\/grippe-faut-il-interdire-dembrasser-notre-bebe-539138528987\" target=\"_blank\" rel=\"noopener\">porter un masque<\/a> dans les transports publics si l\u2019on est enrhum\u00e9.\u00bb Ce professeur \u00e9m\u00e9rite de sant\u00e9 publique \u00e0 l\u2019Universit\u00e9 de B\u00e2le a \u00e9galement si\u00e9g\u00e9 dans la task force qui a conseill\u00e9 les autorit\u00e9s durant la crise sanitaire. \u00abMalheureusement, l\u2019une des caract\u00e9ristiques de l\u2019humanit\u00e9 est qu\u2019elle ne tire pas de le\u00e7ons\u00bb, d\u00e9plore-t-il.<\/p>\n<p class=\"ArticleParagraph_root__lhFZo ArticleContainer_content-width__FRl7F link_focus__0ZMwx link_externalicon-big__ZdPgo link_externalicon__qcwXs ArticleElement_article-element__q93eL\">Petite piq\u00fbre de rappel, le masque chirurgical classique, g\u00e9n\u00e9ralement bleu, r\u00e9duit les risques de contaminer son entourage. \u00c0 l\u2019inverse, les masques FFP2 prot\u00e8gent davantage la personne qui les porte contre une contamination ext\u00e9rieure. Ces derniers sont toutefois plus co\u00fbteux et moins confortables.<\/p>\n<p><img decoding=\"async\" loading=\"lazy\" src=\"https:\/\/www.europesays.com\/fr\/wp-content\/uploads\/2025\/10\/5wB_VBNKaax8t7oN5ULMvv.jpg\" alt=\"Un homme portant un masque chirurgical sort d\u2019un train \u00e0 la gare principale, sous un panneau indiquant \u2019Autocontr\u00f4le\u2019 en trois langues.\" title=\"Un homme portant un masque chirurgical sort d\u2019un train \u00e0 la gare principale, sous un panneau indiquant \u2019Autocontr\u00f4le\u2019 en trois langues.\" class=\"ResponsiveImage_root__ZDz10 responsive-image\" style=\"background-color:#766E6C\"\/><\/p>\n<p>Selon Tanja Stadler, \u00e9pid\u00e9miologiste, \u00abporter un masque, c\u2019est se prot\u00e9ger des maladies virales et faire preuve de solidarit\u00e9\u00bb.<\/p>\n<p>Urs Jaudas<\/p>\n<p class=\"ArticleParagraph_root__lhFZo ArticleContainer_content-width__FRl7F link_focus__0ZMwx link_externalicon-big__ZdPgo link_externalicon__qcwXs ArticleElement_article-element__q93eL\">Les deux chercheurs rejettent cat\u00e9goriquement toute mesure radicale comme celles impos\u00e9es pendant la pand\u00e9mie. \u00abCela ne ferait que provoquer des r\u00e9actions de r\u00e9sistance excessives\u00bb, explique Marcel Tanner. Selon Tanja Stadler, il revient aux pouvoirs publics d\u2019\u00e9valuer l\u2019\u00e9quilibre entre urgence sanitaire et libert\u00e9 individuelle. Aujourd\u2019hui, des mesures trop drastiques n\u2019auraient aucune chance d\u2019\u00eatre accept\u00e9es.<\/p>\n<p>Virulente \u00e9pid\u00e9mie de grippe en Australie<\/p>\n<p class=\"ArticleParagraph_root__lhFZo ArticleContainer_content-width__FRl7F link_focus__0ZMwx link_externalicon-big__ZdPgo link_externalicon__qcwXs ArticleElement_article-element__q93eL\">Tanja Stadler invite les autorit\u00e9s \u00e0 changer d\u2019approche. \u00abIl serait judicieux de mettre \u00e0 disposition de la population un bulletin viral facilement accessible, \u00e0 l\u2019instar des pr\u00e9visions m\u00e9t\u00e9o ou des alertes aux pollens. Ainsi, celles et ceux qui le souhaitent pourraient agir en cons\u00e9quence.\u00bb La Conf\u00e9d\u00e9ration collecte d\u00e9j\u00e0 des donn\u00e9es sur la propagation des virus, mais celles-ci demeurent difficiles \u00e0 d\u00e9nicher sur internet.<\/p>\n<p class=\"ArticleParagraph_root__lhFZo ArticleContainer_content-width__FRl7F link_focus__0ZMwx link_externalicon-big__ZdPgo link_externalicon__qcwXs ArticleElement_article-element__q93eL\">Le bilan ne serait pour l\u2019instant pas dramatique, m\u00eame si de nombreuses personnes pr\u00e9sentent des sympt\u00f4mes de refroidissement. Les pharmaciens signalent une hausse de la demande de m\u00e9dicaments. Le coronavirus gagne du terrain depuis quelques semaines, ce qui est habituel en automne.<\/p>\n<p class=\"ArticleParagraph_root__lhFZo ArticleContainer_content-width__FRl7F link_focus__0ZMwx link_externalicon-big__ZdPgo link_externalicon__qcwXs ArticleElement_article-element__q93eL\">En revanche, les virus respiratoires syncytiaux (VRS) et de la <a class=\"HtmlText_root__A1OSq\" href=\"https:\/\/www.24heures.ch\/grippe-les-mythes-les-plus-tenaces-passes-au-crible-515852043971\" target=\"_blank\" rel=\"noopener\">grippe<\/a> classique (influenza) circulent faiblement. Leur propagation ne prend g\u00e9n\u00e9ralement son essor qu\u2019\u00e0 la fin novembre pour le VRS et autour de No\u00ebl pour la grippe. Le virus respiratoire syncytial, comme les grippes classiques \u00e0 risque, est particuli\u00e8rement dangereux pour les nouveau-n\u00e9s.<\/p>\n<p class=\"ArticleParagraph_root__lhFZo ArticleContainer_content-width__FRl7F link_focus__0ZMwx link_externalicon-big__ZdPgo link_externalicon__qcwXs ArticleElement_article-element__q93eL\">Un coup d\u2019\u0153il sur l\u2019<a class=\"HtmlText_root__A1OSq\" href=\"https:\/\/www.24heures.ch\/grippe-lepidemie-severe-en-australie-annonce-un-hiver-difficile-206444474825\" target=\"_blank\" rel=\"noopener\">h\u00e9misph\u00e8re Sud<\/a> laisse toutefois craindre une \u00e9pid\u00e9mie de grippe plus pr\u00e9coce et particuli\u00e8rement virulente cette ann\u00e9e. L\u2019hiver australien sert souvent de syst\u00e8me d\u2019alerte. Ces derniers mois, la variante A de la grippe (H3N2), qui peut provoquer des maladies graves, y a circul\u00e9 avec une intensit\u00e9 particuli\u00e8re. <a class=\"HtmlText_root__A1OSq\" href=\"https:\/\/www.24heures.ch\/grippe-covid-les-virus-qui-circulent-en-suisse-372384568522\" target=\"_blank\" rel=\"noopener\">Les VRS et les coronavirus<\/a> se sont \u00e9galement propag\u00e9s plus fortement que lors des hivers pr\u00e9c\u00e9dents. Les h\u00f4pitaux de l\u2019\u00c9tat du Queensland ont \u00e9t\u00e9 tellement sollicit\u00e9s qu\u2019ils ont d\u00fb reporter certaines interventions.<\/p>\n<p class=\"ArticleParagraph_root__lhFZo ArticleContainer_content-width__FRl7F link_focus__0ZMwx link_externalicon-big__ZdPgo link_externalicon__qcwXs ArticleElement_article-element__q93eL\">Il n\u2019est toutefois pas possible de transposer directement ces r\u00e9sultats \u00e0 l\u2019\u00e9volution de la situation six mois plus tard en Europe. L\u2019ampleur des vagues d\u00e9pendra notamment du nombre de personnes qui se feront vacciner, de l\u2019efficacit\u00e9 du vaccin et des conditions m\u00e9t\u00e9orologiques.<\/p>\n<p>Traduit de l\u2019allemand par Emmanuelle Stevan<\/p>\n<p class=\"DynamicTeaser_boxtitle__B6piN\">\u00c0 propos du SARS-CoV-2<\/p>\n<p>Newsletter<\/p>\n<p>\u00abSant\u00e9 &amp; Bien-\u00eatre\u00bb<\/p>\n<p>Conseils, actualit\u00e9s et r\u00e9cits autour de la sant\u00e9, de la nutrition, de la psychologie, de la forme et du bien-\u00eatre. Chaque mardi dans votre bo\u00eete mail.<\/p>\n<p><a class=\"NewsletterBox_more__FNemz link_underlinelink__K5Zr0\" href=\"https:\/\/www.24heures.ch\/nos-newsletters\" target=\"_blank\" rel=\"noopener\">Autres newsletters<\/a><\/p>\n<p>Se connecter<strong>Konrad Staehelin <\/strong>travaille chez Tamedia depuis 2020. Il est correspondant au Palais f\u00e9d\u00e9ral pour la r\u00e9daction \u00e9conomique. Parall\u00e8lement, ce politologue de formation \u00e9crit sur la th\u00e9matique de l&rsquo;aviation.<a class=\"ArticleAuthorBio_moreinfo__cqyvz link_underlinelink__K5Zr0\" rel=\"author noopener\" href=\"https:\/\/www.24heures.ch\/author\/52374240\/konrad-staehelin\" target=\"_blank\">Plus d&rsquo;infos<\/a><a href=\"https:\/\/twitter.com\/kstaeh\" target=\"_blank\" rel=\"noopener\">@KStaeh<\/a><\/p>\n<p class=\"Feedback_root__fr_Mi ArticleContainer_content-width__FRl7F\">Vous avez trouv\u00e9 une erreur?<a href=\"mailto:tes_correction@tamedia.ch?subject=Avis%20d'erreur%20%7C%20Konrad%20Staehelin%20%7C%20Les%20experts%20recommandent%20%C3%A0%20nouveau%20le%20port%20du%20masque&amp;body=J'ai%20trouv%C3%A9%20une%20erreur%20dans%20cet%20article%3A%20https%3A%2F%2Fwww.24heures.ch%2Fles-experts-recommandent-a-nouveau-le-port-du-masque-213675954644\" class=\"Feedback_feedbacklink__VyDCi link_underlinelink__K5Zr0\">Merci de nous la signaler.<\/a><\/p>\n<p>134 commentaires<\/p>\n<p><script async src=\"https:\/\/platform.twitter.com\/widgets.js\" charset=\"utf-8\"><\/script><\/p>\n","protected":false},"excerpt":{"rendered":"Virus d\u2019automne \u2013 Les experts recommandent \u00e0 nouveau le port du masque Trois ans apr\u00e8s la pand\u00e9mie, les&hellip;\n","protected":false},"author":2,"featured_media":441500,"comment_status":"","ping_status":"","sticky":false,"template":"","format":"standard","meta":{"footnotes":""},"categories":[10],"tags":[1011,27,72,71,43946],"class_list":{"0":"post-441499","1":"post","2":"type-post","3":"status-publish","4":"format-standard","5":"has-post-thumbnail","7":"category-sante","8":"tag-fr","9":"tag-france","10":"tag-health","11":"tag-sante","12":"tag-stats-traduction"},"share_on_mastodon":{"url":"https:\/\/pubeurope.com\/@fr\/115323549550287172","error":""},"_links":{"self":[{"href":"https:\/\/www.europesays.com\/fr\/wp-json\/wp\/v2\/posts\/441499","targetHints":{"allow":["GET"]}}],"collection":[{"href":"https:\/\/www.europesays.com\/fr\/wp-json\/wp\/v2\/posts"}],"about":[{"href":"https:\/\/www.europesays.com\/fr\/wp-json\/wp\/v2\/types\/post"}],"author":[{"embeddable":true,"href":"https:\/\/www.europesays.com\/fr\/wp-json\/wp\/v2\/users\/2"}],"replies":[{"embeddable":true,"href":"https:\/\/www.europesays.com\/fr\/wp-json\/wp\/v2\/comments?post=441499"}],"version-history":[{"count":0,"href":"https:\/\/www.europesays.com\/fr\/wp-json\/wp\/v2\/posts\/441499\/revisions"}],"wp:featuredmedia":[{"embeddable":true,"href":"https:\/\/www.europesays.com\/fr\/wp-json\/wp\/v2\/media\/441500"}],"wp:attachment":[{"href":"https:\/\/www.europesays.com\/fr\/wp-json\/wp\/v2\/media?parent=441499"}],"wp:term":[{"taxonomy":"category","embeddable":true,"href":"https:\/\/www.europesays.com\/fr\/wp-json\/wp\/v2\/categories?post=441499"},{"taxonomy":"post_tag","embeddable":true,"href":"https:\/\/www.europesays.com\/fr\/wp-json\/wp\/v2\/tags?post=441499"}],"curies":[{"name":"wp","href":"https:\/\/api.w.org\/{rel}","templated":true}]}}