{"id":441510,"date":"2025-10-05T20:59:13","date_gmt":"2025-10-05T20:59:13","guid":{"rendered":"https:\/\/www.europesays.com\/fr\/441510\/"},"modified":"2025-10-05T20:59:13","modified_gmt":"2025-10-05T20:59:13","slug":"le-coeur-a-gauche-roland-lescure-signe-son-retour-au-sommet-de-bercy","status":"publish","type":"post","link":"https:\/\/www.europesays.com\/fr\/441510\/","title":{"rendered":"le c\u0153ur \u00e0 gauche, Roland Lescure signe son retour au sommet de Bercy"},"content":{"rendered":"<p><strong>PORTRAIT<\/strong> &#8211; Marcheur de la premi\u00e8re heure, le nouveau ministre de l\u2019\u00c9conomie va devoir convaincre la gauche tout en cohabitant avec ses coll\u00e8gues venus de LR.<\/p>\n<p class=\"fig-paragraph\">Son grand gabarit va s\u2019installer \u00e0 Bercy. Le chef de l\u2019Etat a nomm\u00e9\u00a0<a href=\"http:\/\/www.lefigaro.fr\/politique\/roland-lescure-un-survivant-du-macronisme-originel-aux-avant-postes-du-parlement-20241022\" data-fig-type=\"Article\" data-gtm-custom-categorie=\"navigation\" data-gtm-custom-action=\"crossclick\" data-gtm-custom-label=\"Contextuel\" data-gtm-event=\"customEventSPE\" data-fig-domain=\"LEFIGARO\" target=\"_blank\" rel=\"noopener\">Roland Lescure<\/a>, ministre de l\u2019\u00c9conomie. Le quatri\u00e8me titulaire du poste depuis qu\u2019Emmanuel Macron est \u00e0 l\u2019Elys\u00e9e mais le troisi\u00e8me en pr\u00e8s d\u2019un an. Illustration d\u2019une instabilit\u00e9 politique qui n\u2019\u00e9pargne pas l\u2019\u00e9conomie du pays, alors que l\u2019\u00e9volution de la dette inqui\u00e8te.<\/p>\n<p class=\"fig-paragraph\">Parfois cit\u00e9 pour Matignon, la nomination de\u00a0<a href=\"http:\/\/www.lefigaro.fr\/politique\/nouveau-premier-ministre-recu-hier-a-l-elysee-roland-lescure-fracture-le-camp-macron-et-provoque-la-colere-de-lr-20241212\" data-fig-type=\"NewsFlash\" data-gtm-custom-categorie=\"navigation\" data-gtm-custom-action=\"crossclick\" data-gtm-custom-label=\"Contextuel\" data-gtm-event=\"customEventSPE\" data-fig-domain=\"LEFIGARO\" target=\"_blank\" rel=\"noopener\">Roland Lescure<\/a>\u00a0\u00e0 Bercy n\u2019est pas une surprise. Ancien ministre de l\u2019Industrie entre 2022 et 2024, il lorgnait sur le poste depuis longtemps. Il a renonc\u00e9 la semaine derni\u00e8re \u00e0 briguer le renouvellement de son maroquin de vice-pr\u00e9sident de l\u2019Assembl\u00e9e nationale pour se pr\u00e9parer \u00e0 un retour au gouvernement. Il a accompagn\u00e9 Emmanuel Macron, fin septembre \u00e0 New York, \u00e0 l\u2019occasion de son discours de reconnaissance de l\u2019\u00c9tat palestinien \u00e0 l\u2019ONU.<\/p>\n<p class=\"fig-paragraph\">Peu connu du grand public, cet homme de 58 ans au cr\u00e2ne glabre voit finalement r\u00e9compens\u00e9 son plongeon dans la vie politique. Sept ans apr\u00e8s avoir ralli\u00e9 Emmanuel Macron, dont\u2026<\/p>\n<p class=\"fig-premium-paywall__infos\">\n        Cet article est r\u00e9serv\u00e9 aux abonn\u00e9s.        Il vous reste 81% \u00e0 d\u00e9couvrir.\n    <\/p>\n<p>                <img  data- alt=\"Le Figaro\" class=\"fig-img--complete fig-img\"\/><\/p>\n<p class=\"fig-premium-paywall__title\">Vous avez envie de lire la suite ?<\/p>\n<p class=\"fig-premium-paywall__subtitle\">D\u00e9bloquez tous les articles imm\u00e9diatement.<\/p>\n<p class=\"fig-premium-paywall__connect\">\n                D\u00e9j\u00e0 abonn\u00e9\u00a0?                <a class=\"fig-premium-paywall__connect-link\" href=\"https:\/\/connect.lefigaro.fr\/login?client=horizon_web&amp;type=main&amp;redirect_uri=https%3A%2F%2Fwww.lefigaro.fr%2Fpolitique%2Fgouvernement-lecornu-le-coeur-a-gauche-roland-lescure-signe-son-retour-au-sommet-de-bercy-20251005\" data-js-gtm=\"{&quot;customCategorie&quot;: &quot;conversion&quot;, &quot;customAction&quot;: &quot;before_Landing_Connexion_paywall_auto&quot;, &quot;customLabel&quot;: &quot;bGVmaWdhcm8uZnJfXzFlZmI4YTIzLWZmZDEtNmEzZS05MWU3LTQxZTM5NzE5ZDFjM19fQXJ0aWNsZQ==_Gouvernement Lecornu\u00a0: le c\u0153ur \u00e0 gauche, Roland Lescure signe son retour au sommet de Bercy_174&quot;, &quot;customIDSPE&quot;: &quot;bGVmaWdhcm8uZnJfXzFlZmI4YTIzLWZmZDEtNmEzZS05MWU3LTQxZTM5NzE5ZDFjM19fQXJ0aWNsZQ==&quot;, &quot;event&quot;: &quot;customEventSPE&quot;}\" target=\"_blank\" rel=\"noopener\"><br \/>\n                    Connectez-vous<br \/>\n                <\/a>\n            <\/p>\n","protected":false},"excerpt":{"rendered":"PORTRAIT &#8211; Marcheur de la premi\u00e8re heure, le nouveau ministre de l\u2019\u00c9conomie va devoir convaincre la gauche tout&hellip;\n","protected":false},"author":2,"featured_media":441511,"comment_status":"","ping_status":"","sticky":false,"template":"","format":"standard","meta":{"footnotes":""},"categories":[4],"tags":[11,1011,27,12,25,56803],"class_list":{"0":"post-441510","1":"post","2":"type-post","3":"status-publish","4":"format-standard","5":"has-post-thumbnail","7":"category-france","8":"tag-actualites","9":"tag-fr","10":"tag-france","11":"tag-news","12":"tag-republique-francaise","13":"tag-roland-lescure"},"share_on_mastodon":{"url":"https:\/\/pubeurope.com\/@fr\/115323572356817447","error":""},"_links":{"self":[{"href":"https:\/\/www.europesays.com\/fr\/wp-json\/wp\/v2\/posts\/441510","targetHints":{"allow":["GET"]}}],"collection":[{"href":"https:\/\/www.europesays.com\/fr\/wp-json\/wp\/v2\/posts"}],"about":[{"href":"https:\/\/www.europesays.com\/fr\/wp-json\/wp\/v2\/types\/post"}],"author":[{"embeddable":true,"href":"https:\/\/www.europesays.com\/fr\/wp-json\/wp\/v2\/users\/2"}],"replies":[{"embeddable":true,"href":"https:\/\/www.europesays.com\/fr\/wp-json\/wp\/v2\/comments?post=441510"}],"version-history":[{"count":0,"href":"https:\/\/www.europesays.com\/fr\/wp-json\/wp\/v2\/posts\/441510\/revisions"}],"wp:featuredmedia":[{"embeddable":true,"href":"https:\/\/www.europesays.com\/fr\/wp-json\/wp\/v2\/media\/441511"}],"wp:attachment":[{"href":"https:\/\/www.europesays.com\/fr\/wp-json\/wp\/v2\/media?parent=441510"}],"wp:term":[{"taxonomy":"category","embeddable":true,"href":"https:\/\/www.europesays.com\/fr\/wp-json\/wp\/v2\/categories?post=441510"},{"taxonomy":"post_tag","embeddable":true,"href":"https:\/\/www.europesays.com\/fr\/wp-json\/wp\/v2\/tags?post=441510"}],"curies":[{"name":"wp","href":"https:\/\/api.w.org\/{rel}","templated":true}]}}