{"id":441518,"date":"2025-10-05T21:07:11","date_gmt":"2025-10-05T21:07:11","guid":{"rendered":"https:\/\/www.europesays.com\/fr\/441518\/"},"modified":"2025-10-05T21:07:11","modified_gmt":"2025-10-05T21:07:11","slug":"toulon-meteo-un-temps-globalement-ensoleille-lundi-sur-la-provence-alpes-cote-dazur","status":"publish","type":"post","link":"https:\/\/www.europesays.com\/fr\/441518\/","title":{"rendered":"TOULON : M\u00e9t\u00e9o &#8211; Un temps globalement ensoleill\u00e9 lundi sur la Provence-Alpes-C\u00f4te-d\u2019Azur"},"content":{"rendered":"<p><strong>Un temps globalement ensoleill\u00e9 ce lundi sur la r\u00e9gion Provence-Alpes-C\u00f4te-d\u2019Azur, accompagn\u00e9 d\u2019un\u00a0mistral bien pr\u00e9sent, avec des rafales pouvant atteindre\u00a060 km\/h.<\/strong><\/p>\n<p>Quelques <strong data-start=\"297\" data-end=\"326\" data-is-only-node=\"\">voiles nuageux d\u2019altitude<\/strong>\u00a0pourront traverser le ciel par moments.<br data-start=\"384\" data-end=\"387\"\/>C\u00f4t\u00e9 temp\u00e9ratures, l\u2019air reste un peu frais le matin, puis plus doux dans l\u2019apr\u00e8s-midi avec\u00a0<strong data-start=\"479\" data-end=\"504\">18\u00b0 \u00e0 Digne et Orange<\/strong>,\u00a0<strong data-start=\"506\" data-end=\"523\">19\u00b0 \u00e0 Avignon<\/strong>,\u00a0<strong data-start=\"525\" data-end=\"546\">20\u00b0 du c\u00f4t\u00e9 d\u2019Apt<\/strong>, et jusqu\u2019\u00e0\u00a0<strong data-start=\"559\" data-end=\"637\">21\u00b0 sur Aix-en-Provence, Marseille, Marignane, La Ciotat, Bandol et Toulon<\/strong>.<br data-start=\"638\" data-end=\"641\"\/>On atteindra\u00a0<strong data-start=\"654\" data-end=\"693\">22\u00b0 \u00e0 Hy\u00e8res, La Londe et Cavalaire<\/strong>.<\/p>\n<p><strong>ComLaRadio\u00a0<\/strong><br \/><strong>Thierry CARI<\/strong><br \/><strong>Voix Off<\/strong><br \/><strong>Animateur \/ pr\u00e9sentateur<\/strong><br \/><strong><a href=\"https:\/\/presseagence.fr\/toulon-un-temps-globalement-ensoleille-lundi-sur-la-provence-alpes-cote-dazur\/mailto:Contact@thierrycari.com\" rel=\"nofollow noopener\" target=\"_blank\">Contact@thierrycari.com<\/a><\/strong><br \/><strong><a href=\"http:\/\/www.thierrycari.com\" rel=\"nofollow noopener\" target=\"_blank\">www.thierrycari.com<\/a><\/strong><\/p>\n","protected":false},"excerpt":{"rendered":"Un temps globalement ensoleill\u00e9 ce lundi sur la r\u00e9gion Provence-Alpes-C\u00f4te-d\u2019Azur, accompagn\u00e9 d\u2019un\u00a0mistral bien pr\u00e9sent, avec des rafales pouvant&hellip;\n","protected":false},"author":2,"featured_media":441519,"comment_status":"","ping_status":"","sticky":false,"template":"","format":"standard","meta":{"footnotes":""},"categories":[9619],"tags":[1111,11,1777,674,1011,27,12,882,25,2310],"class_list":{"0":"post-441518","1":"post","2":"type-post","3":"status-publish","4":"format-standard","5":"has-post-thumbnail","7":"category-toulon","8":"tag-actu","9":"tag-actualites","10":"tag-eu","11":"tag-europe","12":"tag-fr","13":"tag-france","14":"tag-news","15":"tag-provence-alpes-cote-dazur","16":"tag-republique-francaise","17":"tag-toulon"},"share_on_mastodon":{"url":"https:\/\/pubeurope.com\/@fr\/115323603795856383","error":""},"_links":{"self":[{"href":"https:\/\/www.europesays.com\/fr\/wp-json\/wp\/v2\/posts\/441518","targetHints":{"allow":["GET"]}}],"collection":[{"href":"https:\/\/www.europesays.com\/fr\/wp-json\/wp\/v2\/posts"}],"about":[{"href":"https:\/\/www.europesays.com\/fr\/wp-json\/wp\/v2\/types\/post"}],"author":[{"embeddable":true,"href":"https:\/\/www.europesays.com\/fr\/wp-json\/wp\/v2\/users\/2"}],"replies":[{"embeddable":true,"href":"https:\/\/www.europesays.com\/fr\/wp-json\/wp\/v2\/comments?post=441518"}],"version-history":[{"count":0,"href":"https:\/\/www.europesays.com\/fr\/wp-json\/wp\/v2\/posts\/441518\/revisions"}],"wp:featuredmedia":[{"embeddable":true,"href":"https:\/\/www.europesays.com\/fr\/wp-json\/wp\/v2\/media\/441519"}],"wp:attachment":[{"href":"https:\/\/www.europesays.com\/fr\/wp-json\/wp\/v2\/media?parent=441518"}],"wp:term":[{"taxonomy":"category","embeddable":true,"href":"https:\/\/www.europesays.com\/fr\/wp-json\/wp\/v2\/categories?post=441518"},{"taxonomy":"post_tag","embeddable":true,"href":"https:\/\/www.europesays.com\/fr\/wp-json\/wp\/v2\/tags?post=441518"}],"curies":[{"name":"wp","href":"https:\/\/api.w.org\/{rel}","templated":true}]}}