{"id":441520,"date":"2025-10-05T21:08:34","date_gmt":"2025-10-05T21:08:34","guid":{"rendered":"https:\/\/www.europesays.com\/fr\/441520\/"},"modified":"2025-10-05T21:08:34","modified_gmt":"2025-10-05T21:08:34","slug":"les-confidences-de-jean-roch-sur-france-3","status":"publish","type":"post","link":"https:\/\/www.europesays.com\/fr\/441520\/","title":{"rendered":"les confidences de Jean Roch sur France 3"},"content":{"rendered":"<p class=\"fs-5 \">C\u2019est un visage bien diff\u00e9rent du roi de la f\u00eate que nous donne \u00e0 voir Thierry Bezer dans C\u2019est pas le jour, le magazine de la nuit, diffus\u00e9 aujourd\u2019hui \u00e0 12 h 55 sur France 3 Provence-Alpes.<\/p>\n<p class=\"fs-5 \">Dans une vir\u00e9e nocturne en voiture sur les routes du Var, le journaliste invite Jean Roch \u00e0 la confidence, loin des clich\u00e9s qui lui collent \u00e0 la peau.<\/p>\n<p class=\"fs-5 \">On y d\u00e9couvre un p\u00e8re attach\u00e9 aux valeurs familiales, qui s\u2019est fait seul, propuls\u00e9 encore mineur dans la gestion d\u2019\u00e9tablissements de nuit \u00e0 Toulon apr\u00e8s le d\u00e9c\u00e8s de son p\u00e8re.<\/p>\n<p>                                                                                Night-club et troisi\u00e8me mi-temps<\/p>\n<p class=\"fs-5 \">Dans leur p\u00e9riple sur les routes du Var et dans les rues de Toulon, le journaliste et son invit\u00e9 font escale \u00e0 la caserne des pompiers, autres stars de la nuit. \u00ab On vous appelle pour le pire, on m\u2019appelle pour le meilleur \u00bb, s\u2019amuse Jean Roch.<\/p>\n<p class=\"fs-5 \">Le p\u00e9riple passe aussi par le lieu qui a accuelli la premi\u00e8re discoth\u00e8que de Jean Roch, en 1985, \u00e9tablissement transform\u00e9 depuis en maison d\u2019habitation.<\/p>\n<p class=\"fs-5 \">Il y a de l\u2019\u00e9motion dans ce retour aux sources, une forme de nostalgie dans le regard d\u2019un Jean Roch qui se replonge dans ses souvenirs. Cathy Guetta habitait une rue toute proche, et elle venait y travailler, aux vestiaires.<\/p>\n<p class=\"fs-5 \">De l\u2019\u00e9motion, il y en a aussi quand on passe par le stade Mayol o\u00f9 Manu Diaz, champion de France 1987, retrouve Jean Roch. L\u2019occasion de se rem\u00e9morer des troisi\u00e8mes mi-temps et des liens humains comme seuls le rugby et le monde de la nuit peuvent en cr\u00e9er.<\/p>\n<p class=\"fs-5 \">\u00ab C\u2019est pas le jour \u00bb, aujourd\u2019hui \u00e0 12 h 55.<\/p>\n","protected":false},"excerpt":{"rendered":"C\u2019est un visage bien diff\u00e9rent du roi de la f\u00eate que nous donne \u00e0 voir Thierry Bezer dans&hellip;\n","protected":false},"author":2,"featured_media":441521,"comment_status":"","ping_status":"","sticky":false,"template":"","format":"standard","meta":{"footnotes":""},"categories":[9619],"tags":[1111,11,1777,674,1011,27,12,882,25,2310],"class_list":{"0":"post-441520","1":"post","2":"type-post","3":"status-publish","4":"format-standard","5":"has-post-thumbnail","7":"category-toulon","8":"tag-actu","9":"tag-actualites","10":"tag-eu","11":"tag-europe","12":"tag-fr","13":"tag-france","14":"tag-news","15":"tag-provence-alpes-cote-dazur","16":"tag-republique-francaise","17":"tag-toulon"},"share_on_mastodon":{"url":"https:\/\/pubeurope.com\/@fr\/115323607746113928","error":""},"_links":{"self":[{"href":"https:\/\/www.europesays.com\/fr\/wp-json\/wp\/v2\/posts\/441520","targetHints":{"allow":["GET"]}}],"collection":[{"href":"https:\/\/www.europesays.com\/fr\/wp-json\/wp\/v2\/posts"}],"about":[{"href":"https:\/\/www.europesays.com\/fr\/wp-json\/wp\/v2\/types\/post"}],"author":[{"embeddable":true,"href":"https:\/\/www.europesays.com\/fr\/wp-json\/wp\/v2\/users\/2"}],"replies":[{"embeddable":true,"href":"https:\/\/www.europesays.com\/fr\/wp-json\/wp\/v2\/comments?post=441520"}],"version-history":[{"count":0,"href":"https:\/\/www.europesays.com\/fr\/wp-json\/wp\/v2\/posts\/441520\/revisions"}],"wp:featuredmedia":[{"embeddable":true,"href":"https:\/\/www.europesays.com\/fr\/wp-json\/wp\/v2\/media\/441521"}],"wp:attachment":[{"href":"https:\/\/www.europesays.com\/fr\/wp-json\/wp\/v2\/media?parent=441520"}],"wp:term":[{"taxonomy":"category","embeddable":true,"href":"https:\/\/www.europesays.com\/fr\/wp-json\/wp\/v2\/categories?post=441520"},{"taxonomy":"post_tag","embeddable":true,"href":"https:\/\/www.europesays.com\/fr\/wp-json\/wp\/v2\/tags?post=441520"}],"curies":[{"name":"wp","href":"https:\/\/api.w.org\/{rel}","templated":true}]}}