{"id":441527,"date":"2025-10-05T21:15:28","date_gmt":"2025-10-05T21:15:28","guid":{"rendered":"https:\/\/www.europesays.com\/fr\/441527\/"},"modified":"2025-10-05T21:15:28","modified_gmt":"2025-10-05T21:15:28","slug":"die-en-week-end-dintegration-un-etudiant-grenoblois-chute-dans-la-riviere-drome-son-pronostic-vital-engage","status":"publish","type":"post","link":"https:\/\/www.europesays.com\/fr\/441527\/","title":{"rendered":"Die. En week-end d&rsquo;int\u00e9gration, un \u00e9tudiant grenoblois chute dans la rivi\u00e8re Dr\u00f4me\u00a0: son pronostic vital engag\u00e9"},"content":{"rendered":"<p>Vers 13h30, ce dimanche 5\u00a0octobre, les secours ont d\u00fb intervenir dans la r\u00e9gion de Die apr\u00e8s une chute dans le lit de la rivi\u00e8re Dr\u00f4me. La victime, un jeune homme de 20 ans, \u00e9tait en week-end d\u2019int\u00e9gration avec d\u2019autres \u00e9tudiants de l\u2019Universit\u00e9 Grenoble Alpes lorsqu\u2019il a perdu l\u2019\u00e9quilibre et chut\u00e9 d\u2019une vingtaine de m\u00e8tres. Pour lui venir en aide, les sapeurs-pompiers ont d\u00fb d\u00e9ployer l\u2019h\u00e9licopt\u00e8re de la S\u00e9curit\u00e9 civile Dragon 38. Le jeune homme, gravement bless\u00e9, au pronostic vital engag\u00e9, a pu \u00eatre transport\u00e9 par voie a\u00e9rienne au centre hospitalier de Grenoble, gr\u00e2ce au concours de secouristes montagne pr\u00e9sents dans l\u2019a\u00e9ronef.<\/p>\n<p>Des sp\u00e9cialistes en sauvetage aquatique ont aussi \u00e9t\u00e9 engag\u00e9s dans cette intervention p\u00e9rilleuse. Il n\u2019a cependant pas \u00e9t\u00e9 n\u00e9cessaire qu\u2019ils se rendent sur place, la victime ayant \u00e9t\u00e9 plus rapidement h\u00e9litreuill\u00e9e. \ufeff<\/p>\n","protected":false},"excerpt":{"rendered":"Vers 13h30, ce dimanche 5\u00a0octobre, les secours ont d\u00fb intervenir dans la r\u00e9gion de Die apr\u00e8s une chute&hellip;\n","protected":false},"author":2,"featured_media":441528,"comment_status":"","ping_status":"","sticky":false,"template":"","format":"standard","meta":{"footnotes":""},"categories":[9566],"tags":[119,1111,11,2430,17021,12850,2730,112,2735,1777,674,274,107,1011,27,2731,108,12,25],"class_list":{"0":"post-441527","1":"post","2":"type-post","3":"status-publish","4":"format-standard","5":"has-post-thumbnail","7":"category-grenoble","8":"tag-accident","9":"tag-actu","10":"tag-actualites","11":"tag-auvergne-rhone-alpes","12":"tag-die","13":"tag-diois","14":"tag-drome","15":"tag-edition-grenoble-agglomeration","16":"tag-edition-valence-rhone-crussol-vallee-de-la-drome","17":"tag-eu","18":"tag-europe","19":"tag-faits-divers-justice","20":"tag-fil-info","21":"tag-fr","22":"tag-france","23":"tag-grenoble","24":"tag-isere","25":"tag-news","26":"tag-republique-francaise"},"share_on_mastodon":{"url":"https:\/\/pubeurope.com\/@fr\/115323635141350732","error":""},"_links":{"self":[{"href":"https:\/\/www.europesays.com\/fr\/wp-json\/wp\/v2\/posts\/441527","targetHints":{"allow":["GET"]}}],"collection":[{"href":"https:\/\/www.europesays.com\/fr\/wp-json\/wp\/v2\/posts"}],"about":[{"href":"https:\/\/www.europesays.com\/fr\/wp-json\/wp\/v2\/types\/post"}],"author":[{"embeddable":true,"href":"https:\/\/www.europesays.com\/fr\/wp-json\/wp\/v2\/users\/2"}],"replies":[{"embeddable":true,"href":"https:\/\/www.europesays.com\/fr\/wp-json\/wp\/v2\/comments?post=441527"}],"version-history":[{"count":0,"href":"https:\/\/www.europesays.com\/fr\/wp-json\/wp\/v2\/posts\/441527\/revisions"}],"wp:featuredmedia":[{"embeddable":true,"href":"https:\/\/www.europesays.com\/fr\/wp-json\/wp\/v2\/media\/441528"}],"wp:attachment":[{"href":"https:\/\/www.europesays.com\/fr\/wp-json\/wp\/v2\/media?parent=441527"}],"wp:term":[{"taxonomy":"category","embeddable":true,"href":"https:\/\/www.europesays.com\/fr\/wp-json\/wp\/v2\/categories?post=441527"},{"taxonomy":"post_tag","embeddable":true,"href":"https:\/\/www.europesays.com\/fr\/wp-json\/wp\/v2\/tags?post=441527"}],"curies":[{"name":"wp","href":"https:\/\/api.w.org\/{rel}","templated":true}]}}