{"id":441531,"date":"2025-10-05T21:18:34","date_gmt":"2025-10-05T21:18:34","guid":{"rendered":"https:\/\/www.europesays.com\/fr\/441531\/"},"modified":"2025-10-05T21:18:34","modified_gmt":"2025-10-05T21:18:34","slug":"avec-le-resto-riva-la-mediterranee-rythme-strasbourg","status":"publish","type":"post","link":"https:\/\/www.europesays.com\/fr\/441531\/","title":{"rendered":"avec le resto RIVA, la M\u00e9diterran\u00e9e rythme Strasbourg"},"content":{"rendered":"<p><strong>Besoin d\u2019un peu de chaleur par les temps qui courent ? Tu m\u2019\u00e9tonnes. Aujourd\u2019hui, on part en direction de la Krutenau pour faire le plein de soleil chez RIVA, un restaurant m\u00e9diterran\u00e9en qui propose plein de nouveaut\u00e9s qui r\u00e9chauffent. Bavette avec frites et tapas \u00e0 volont\u00e9, ouverture 7 jours sur 7 et soir\u00e9es color\u00e9es, \u00e7a bouge pas mal \u00e0 deux pas de la place Saint-Nicolas-aux-Ondes.<\/strong><\/p>\n<p>RIVA, c\u2019est <strong>ce restaurant aux accents m\u00e9diterran\u00e9ens<\/strong> (mais pas que) situ\u00e9 <strong>rue des Planches \u00e0 la Krutenau<\/strong> (anciennement La Vie).<\/p>\n<p>Install\u00e9 dans un quartier que l\u2019on ne pr\u00e9sente plus, <strong>l\u2019\u00e9tablissement ouvert 7 jours sur 7 s\u2019est fait conna\u00eetre<\/strong>, entre autres, <strong>pour ses soir\u00e9es sans complexe et ses d\u00eeners bien arros\u00e9s. <\/strong>Aujourd\u2019hui, <strong>le restaurant continue d\u2019\u00e9toffer sa proposition,<\/strong> dans et hors de l\u2019assiette, <strong>pour satisfaire les palais et faire danser.<\/strong><\/p>\n<p>                <img width=\"375\" height=\"500\" src=\"https:\/\/www.europesays.com\/fr\/wp-content\/uploads\/2025\/10\/riva-restaurant-mediterrannee-img-0220-375x500.jpeg\" class=\"attachment-gallery size-gallery\" alt=\"Riva restaurant m\u00e9diterrann\u00e9e IMG_0220\" data-full-url=\"https:\/\/pokaa.fr\/wp-content\/uploads\/2025\/10\/02\/riva-restaurant-mediterrannee-img-0220.jpeg\" decoding=\"async\" loading=\"lazy\"  \/>            <\/p>\n<p>                <img width=\"375\" height=\"500\" src=\"https:\/\/www.europesays.com\/fr\/wp-content\/uploads\/2025\/10\/riva-restaurant-mediterrannee-img-0289-375x500.jpeg\" class=\"attachment-gallery size-gallery\" alt=\"Riva restaurant m\u00e9diterrann\u00e9e IMG_0289\" data-full-url=\"https:\/\/pokaa.fr\/wp-content\/uploads\/2025\/10\/02\/riva-restaurant-mediterrannee-img-0289.jpeg\" decoding=\"async\" loading=\"lazy\"  \/>            <\/p>\n<p>                <img width=\"375\" height=\"500\" src=\"https:\/\/www.europesays.com\/fr\/wp-content\/uploads\/2025\/10\/riva-restaurant-mediterrannee-img-0226-375x500.jpeg\" class=\"attachment-gallery size-gallery\" alt=\"Riva restaurant m\u00e9diterrann\u00e9e IMG_0226\" data-full-url=\"https:\/\/pokaa.fr\/wp-content\/uploads\/2025\/10\/02\/riva-restaurant-mediterrannee-img-0226.jpeg\" decoding=\"async\" loading=\"lazy\"  \/>            <\/p>\n<p>                <img width=\"375\" height=\"500\" src=\"https:\/\/www.europesays.com\/fr\/wp-content\/uploads\/2025\/10\/riva-restaurant-mediterrannee-img-0277-375x500.jpeg\" class=\"attachment-gallery size-gallery\" alt=\"Riva restaurant m\u00e9diterrann\u00e9e IMG_0277\" data-full-url=\"https:\/\/pokaa.fr\/wp-content\/uploads\/2025\/10\/02\/riva-restaurant-mediterrannee-img-0277.jpeg\" decoding=\"async\" loading=\"lazy\"  \/>            <\/p>\n<p>                <img width=\"375\" height=\"500\" src=\"https:\/\/www.europesays.com\/fr\/wp-content\/uploads\/2025\/10\/riva-restaurant-mediterrannee-img-0224-375x500.jpeg\" class=\"attachment-gallery size-gallery\" alt=\"Riva restaurant m\u00e9diterrann\u00e9e IMG_0224\" data-full-url=\"https:\/\/pokaa.fr\/wp-content\/uploads\/2025\/10\/02\/riva-restaurant-mediterrannee-img-0224.jpeg\" decoding=\"async\" loading=\"lazy\"  \/>            <\/p>\n<p>                    \u00a9 Bastien Pietronave \/ Pokaa<\/p>\n<p>RIVA, des nouveaut\u00e9s et un petit air de M\u00e9diterran\u00e9e <\/p>\n<p><strong>Un int\u00e9rieur chaleureux et confortable<\/strong>, une d\u00e9coration l\u00e9ch\u00e9e qui nous sugg\u00e8re un voyage l\u00e0 o\u00f9 il fait chaud,<strong>\u00a0on se sent plut\u00f4t bien dans ce restaurant d\u2019une soixantaine de couverts.<\/strong><\/p>\n<p>On y trouve <strong>une carte qui laisse place \u00e0 une cuisine fran\u00e7aise classique et m\u00e9diterran\u00e9enne<\/strong>. Une partie de celle-ci est <strong>d\u00e9di\u00e9e aux tapas chauds ou froids<\/strong> comme les boulettes de b\u0153uf, le gravlax de saumon \u00e0 l\u2019estragon ou le crispy chicken (il y en a 10 en tout)\u2026 \u00a0Et le reste aux<strong> plats qui sont servis midi et soir : <\/strong>risotto, pav\u00e9 de saumon et riz pilaf ou lasagne de l\u00e9gumes.<\/p>\n<p><strong>La carte est courte et c\u2019est de bonne augure<\/strong>. Mais ce qui cartonne r\u00e9ellement, c\u2019est <strong>la formule d\u00e9jeuner et les formules \u00e0 volont\u00e9.<\/strong><\/p>\n<p>                <img width=\"375\" height=\"500\" src=\"https:\/\/www.europesays.com\/fr\/wp-content\/uploads\/2025\/10\/riva-restaurant-mediterrannee-img-0243-375x500.jpeg\" class=\"attachment-gallery size-gallery\" alt=\"Riva restaurant m\u00e9diterrann\u00e9e IMG_0243\" data-full-url=\"https:\/\/pokaa.fr\/wp-content\/uploads\/2025\/10\/02\/riva-restaurant-mediterrannee-img-0243.jpeg\" decoding=\"async\" loading=\"lazy\"  \/>            <\/p>\n<p>                <img width=\"375\" height=\"500\" src=\"https:\/\/www.europesays.com\/fr\/wp-content\/uploads\/2025\/10\/riva-restaurant-mediterrannee-img-0221-2-375x500.jpeg\" class=\"attachment-gallery size-gallery\" alt=\"Riva restaurant m\u00e9diterrann\u00e9e IMG_0221 2\" data-full-url=\"https:\/\/pokaa.fr\/wp-content\/uploads\/2025\/10\/02\/riva-restaurant-mediterrannee-img-0221-2.jpeg\" decoding=\"async\" loading=\"lazy\"  \/>            <\/p>\n<p>                <img width=\"375\" height=\"500\" src=\"https:\/\/www.europesays.com\/fr\/wp-content\/uploads\/2025\/10\/riva-restaurant-mediterrannee-img-0272-375x500.jpeg\" class=\"attachment-gallery size-gallery\" alt=\"Riva restaurant m\u00e9diterrann\u00e9e IMG_0272\" data-full-url=\"https:\/\/pokaa.fr\/wp-content\/uploads\/2025\/10\/02\/riva-restaurant-mediterrannee-img-0272.jpeg\" decoding=\"async\" loading=\"lazy\"  \/>            <\/p>\n<p>                <img width=\"667\" height=\"500\" src=\"https:\/\/www.europesays.com\/fr\/wp-content\/uploads\/2025\/10\/riva-restaurant-mediterrannee-img-0284-667x500.jpeg\" class=\"attachment-gallery size-gallery\" alt=\"Riva restaurant m\u00e9diterrann\u00e9e IMG_0284\" data-full-url=\"https:\/\/pokaa.fr\/wp-content\/uploads\/2025\/10\/02\/riva-restaurant-mediterrannee-img-0284.jpeg\" decoding=\"async\" loading=\"lazy\"  \/>            <\/p>\n<p>                    \u00a9 Bastien Pietronave \/ Pokaa<\/p>\n<p>Pour celles et ceux qui ont envie de taper de la bavette \u00e0 n\u2019en plus finir, <strong>une offre bavette + frites maison \u00e0 volont\u00e9<\/strong> (+4 sauces maison) est propos\u00e9e<strong> \u00e0 25\u20ac, midi et soir.<\/strong><\/p>\n<p>Si vous pr\u00e9f\u00e9rez la diversit\u00e9, la formule tapas \u00e0 volont\u00e9 vous permettra de <strong>go\u00fbter toute la carte des tapas pour 20\u20ac, \u00e9galement midi et soir.<\/strong><\/p>\n<p>Le midi, du lundi au vendredi, <strong>une formule d\u00e9jeuner plut\u00f4t g\u00e9n\u00e9reuse est \u00e9galement propos\u00e9e<\/strong>. Deux entr\u00e9es (au choix) + un plat du jour ou une bavette black Angus ou les lasagnes aux l\u00e9gumes +un caf\u00e9, un th\u00e9 ou une boisson soft = <strong>19\u20ac, pas mal du tout !<\/strong> Et tous les mercredis, c\u2019est cordon bleu au menu du jour.<\/p>\n<p>                <img width=\"375\" height=\"500\" src=\"https:\/\/www.europesays.com\/fr\/wp-content\/uploads\/2025\/10\/riva-restaurant-mediterrannee-img-0263-2-375x500.jpeg\" class=\"attachment-gallery size-gallery\" alt=\"Riva restaurant m\u00e9diterrann\u00e9e IMG_0263 2\" data-full-url=\"https:\/\/pokaa.fr\/wp-content\/uploads\/2025\/10\/02\/riva-restaurant-mediterrannee-img-0263-2.jpeg\" decoding=\"async\" loading=\"lazy\"  \/>            <\/p>\n<p>                <img width=\"375\" height=\"500\" src=\"https:\/\/www.europesays.com\/fr\/wp-content\/uploads\/2025\/10\/riva-restaurant-mediterrannee-img-0251-2-375x500.jpeg\" class=\"attachment-gallery size-gallery\" alt=\"Riva restaurant m\u00e9diterrann\u00e9e IMG_0251 2\" data-full-url=\"https:\/\/pokaa.fr\/wp-content\/uploads\/2025\/10\/02\/riva-restaurant-mediterrannee-img-0251-2.jpeg\" decoding=\"async\" loading=\"lazy\"  \/>            <\/p>\n<p>                <img width=\"375\" height=\"500\" src=\"https:\/\/www.europesays.com\/fr\/wp-content\/uploads\/2025\/10\/riva-restaurant-mediterrannee-img-0259-2-375x500.jpeg\" class=\"attachment-gallery size-gallery\" alt=\"Riva restaurant m\u00e9diterrann\u00e9e IMG_0259 2\" data-full-url=\"https:\/\/pokaa.fr\/wp-content\/uploads\/2025\/10\/02\/riva-restaurant-mediterrannee-img-0259-2.jpeg\" decoding=\"async\" loading=\"lazy\"  \/>            <\/p>\n<p>                <img width=\"375\" height=\"500\" src=\"https:\/\/www.europesays.com\/fr\/wp-content\/uploads\/2025\/10\/riva-restaurant-mediterrannee-img-0198-2-375x500.jpeg\" class=\"attachment-gallery size-gallery\" alt=\"Riva restaurant m\u00e9diterrann\u00e9e IMG_0198 2\" data-full-url=\"https:\/\/pokaa.fr\/wp-content\/uploads\/2025\/10\/02\/riva-restaurant-mediterrannee-img-0198-2.jpeg\" decoding=\"async\" loading=\"lazy\"  \/>            <\/p>\n<p>                <img width=\"375\" height=\"500\" src=\"https:\/\/www.europesays.com\/fr\/wp-content\/uploads\/2025\/10\/riva-restaurant-mediterrannee-img-0246-375x500.jpeg\" class=\"attachment-gallery size-gallery\" alt=\"Riva restaurant m\u00e9diterrann\u00e9e IMG_0246\" data-full-url=\"https:\/\/pokaa.fr\/wp-content\/uploads\/2025\/10\/02\/riva-restaurant-mediterrannee-img-0246.jpeg\" decoding=\"async\" loading=\"lazy\"  \/>            <\/p>\n<p>                    \u00a9 Bastien Pietronave \/ Pokaa<\/p>\n<p>Vous l\u2019avez compris, c\u00f4t\u00e9 food, le restaurant a mis le paquet <strong>pour satisfaire tout le monde. <\/strong>D\u2019ailleurs, l\u2019\u00e9quipe a mis en place <strong>un jeu-concours pour tenter de gagner deux formules \u00e0 volont\u00e9<\/strong>, vous le retrouverez <a href=\"https:\/\/www.google.com\/url?sa=t&amp;source=web&amp;rct=j&amp;opi=89978449&amp;url=https:\/\/www.instagram.com\/p\/DPRa9IWEdNL\/&amp;ved=2ahUKEwiO2cbVloiQAxVoU6QEHclmATkQFnoECB8QAQ&amp;usg=AOvVaw015jAcHM0r6UugUDOhK8RV\" target=\"_blank\" rel=\"noopener\">juste ici<\/a>.<\/p>\n<p>Et si le resto continue de trouver des id\u00e9es pour convaincre les petit(e)s et grand(e)s mangeurs\/ses, <strong>les soir\u00e9es font aussi leur petit effet.<\/strong><\/p>\n<p>                <img width=\"375\" height=\"500\" src=\"https:\/\/www.europesays.com\/fr\/wp-content\/uploads\/2025\/10\/riva-restaurant-mediterrannee-img-0273-375x500.jpeg\" class=\"attachment-gallery size-gallery\" alt=\"Riva restaurant m\u00e9diterrann\u00e9e IMG_0273\" data-full-url=\"https:\/\/pokaa.fr\/wp-content\/uploads\/2025\/10\/02\/riva-restaurant-mediterrannee-img-0273.jpeg\" decoding=\"async\" loading=\"lazy\"  \/>            <\/p>\n<p>                <img width=\"375\" height=\"500\" src=\"https:\/\/www.europesays.com\/fr\/wp-content\/uploads\/2025\/10\/riva-restaurant-mediterrannee-img-0227-375x500.jpeg\" class=\"attachment-gallery size-gallery\" alt=\"Riva restaurant m\u00e9diterrann\u00e9e IMG_0227\" data-full-url=\"https:\/\/pokaa.fr\/wp-content\/uploads\/2025\/10\/02\/riva-restaurant-mediterrannee-img-0227.jpeg\" decoding=\"async\" loading=\"lazy\"  \/>            <\/p>\n<p>                <img width=\"375\" height=\"500\" src=\"https:\/\/www.europesays.com\/fr\/wp-content\/uploads\/2025\/10\/riva-restaurant-mediterrannee-img-0266-375x500.jpeg\" class=\"attachment-gallery size-gallery\" alt=\"Riva restaurant m\u00e9diterrann\u00e9e IMG_0266\" data-full-url=\"https:\/\/pokaa.fr\/wp-content\/uploads\/2025\/10\/02\/riva-restaurant-mediterrannee-img-0266.jpeg\" decoding=\"async\" loading=\"lazy\"  \/>            <\/p>\n<p>                <img width=\"375\" height=\"500\" src=\"https:\/\/www.europesays.com\/fr\/wp-content\/uploads\/2025\/10\/riva-restaurant-mediterrannee-img-0203-375x500.jpeg\" class=\"attachment-gallery size-gallery\" alt=\"Riva restaurant m\u00e9diterrann\u00e9e IMG_0203\" data-full-url=\"https:\/\/pokaa.fr\/wp-content\/uploads\/2025\/10\/02\/riva-restaurant-mediterrannee-img-0203.jpeg\" decoding=\"async\" loading=\"lazy\"  \/>            <\/p>\n<p>                <img width=\"667\" height=\"500\" src=\"https:\/\/www.europesays.com\/fr\/wp-content\/uploads\/2025\/10\/riva-restaurant-mediterrannee-img-0209-2-667x500.jpeg\" class=\"attachment-gallery size-gallery\" alt=\"Riva restaurant m\u00e9diterrann\u00e9e IMG_0209 2\" data-full-url=\"https:\/\/pokaa.fr\/wp-content\/uploads\/2025\/10\/02\/riva-restaurant-mediterrannee-img-0209-2.jpeg\" decoding=\"async\" loading=\"lazy\"  \/>            <\/p>\n<p>                    \u00a9 Bastien Pietronave \/ Pokaa<\/p>\n<p>Un restaurant qui se transforme et nous fait voyager pour ses soir\u00e9es <\/p>\n<p>RIVA, c\u2019est aussi<strong> un restaurant sans complexe, un resto de potes qui aiment boire et manger sans lever le petit doigt<\/strong>. Et puisque nous sommes chez des restaurateurs qui aiment se faire plaisir, <strong>l\u2019\u00e9quipe organise chaque semaine des soir\u00e9es pour changer d\u2019air et s\u2019\u00e9vader un peu.<\/strong><\/p>\n<p><strong>Un jeudi soir par mois, une soir\u00e9e sp\u00e9ciale<\/strong> est organis\u00e9e autour d\u2019un pays et\/ou d\u2019une localit\u00e9. Que ce soit <strong>pour un voyage en Gr\u00e8ce, en Espagne ou en Italie<\/strong>, une d\u00e9coration et <strong>un menu unique (\u00e0 35\u20ac)<\/strong> sont propos\u00e9s le temps d\u2019une soir\u00e9e, et le <strong>resto s\u2019anime au rythme<\/strong> de danseurs\/ses, de musicien(ne)s ou de chanteurs\/ses tout au long de la nuit.<\/p>\n<p>                <img width=\"375\" height=\"500\" src=\"https:\/\/www.europesays.com\/fr\/wp-content\/uploads\/2025\/10\/soiree-riva-3-375x500.jpeg\" class=\"attachment-gallery size-gallery\" alt=\"Soir\u00e9e chez Riva\" data-full-url=\"https:\/\/pokaa.fr\/wp-content\/uploads\/2025\/10\/03\/soiree-riva-3.jpeg\" decoding=\"async\" loading=\"lazy\"  \/>            <\/p>\n<p>                <img width=\"375\" height=\"500\" src=\"https:\/\/www.europesays.com\/fr\/wp-content\/uploads\/2025\/10\/soiree-riva-5-375x500.jpeg\" class=\"attachment-gallery size-gallery\" alt=\"Soir\u00e9e chez Riva\" data-full-url=\"https:\/\/pokaa.fr\/wp-content\/uploads\/2025\/10\/03\/soiree-riva-5.jpeg\" decoding=\"async\" loading=\"lazy\"  \/>            <\/p>\n<p>                <img width=\"375\" height=\"500\" src=\"https:\/\/www.europesays.com\/fr\/wp-content\/uploads\/2025\/10\/soiree-riva-4-375x500.jpeg\" class=\"attachment-gallery size-gallery\" alt=\"Soir\u00e9e chez Riva\" data-full-url=\"https:\/\/pokaa.fr\/wp-content\/uploads\/2025\/10\/03\/soiree-riva-4.jpeg\" decoding=\"async\" loading=\"lazy\"  \/>            <\/p>\n<p>                <img width=\"375\" height=\"500\" src=\"https:\/\/www.europesays.com\/fr\/wp-content\/uploads\/2025\/10\/soiree-riva-1-375x500.jpeg\" class=\"attachment-gallery size-gallery\" alt=\"Soir\u00e9e chez Riva\" data-full-url=\"https:\/\/pokaa.fr\/wp-content\/uploads\/2025\/10\/03\/soiree-riva-1.jpeg\" decoding=\"async\" loading=\"lazy\"  \/>            <\/p>\n<p>                <img width=\"375\" height=\"500\" src=\"https:\/\/www.europesays.com\/fr\/wp-content\/uploads\/2025\/10\/soiree-riva-2-375x500.jpeg\" class=\"attachment-gallery size-gallery\" alt=\"Soir\u00e9e chez Riva\" data-full-url=\"https:\/\/pokaa.fr\/wp-content\/uploads\/2025\/10\/03\/soiree-riva-2.jpeg\" decoding=\"async\" loading=\"lazy\"  \/>            <\/p>\n<p>                    \u00a9 RIVA \/ Documents remis<\/p>\n<p>Chaque premier jeudi soir du mois,<strong> le th\u00e8me navigue entre les sons et les saveurs orientales<\/strong>, et chaque deuxi\u00e8me jeudi du mois (c\u2019est pr\u00e9cis),<strong> une soir\u00e9e DJ, un peu plus muscl\u00e9e, est organis\u00e9e<\/strong>. \u00c0 chaque fois, <strong>un cocktail de bienvenue est offert<\/strong>, parfait pour d\u00e9buter le week-end.<\/p>\n<p>Et si vous cherchez un lieu rien qu\u2019\u00e0 vous pour faire la f\u00eate, <strong>le restaurant s\u2019y pr\u00eate bien. <\/strong>L\u2019\u00e9quipe propose en effet des formules pour privatiser le resto <strong>en fonction de ses envies et de son budget.<\/strong><\/p>\n<p>POur r\u00e9sumer : \u00e0 la fois restaurant classique, <strong>lieu de f\u00eate et de rencontres<\/strong>, RIVA change de visage en fonction des jours de la semaine <strong>pour convaincre celles et ceux qui souhaitent se faire plaisir <\/strong>le temps d\u2019un d\u00e9jeuner, d\u2019un diner ou d\u2019une soir\u00e9e.<\/p>\n<p>            RIVA Comptoir m\u00e9diterran\u00e9en<\/p>\n<p>            Quoi ?<br \/>\n            Restaurant         <\/p>\n<p>            o\u00f9 ?<br \/>\n            3 rue des Planches, \u00e0 Strasbourg        <\/p>\n<p>                Plus d&rsquo;infos ?<\/p>\n<p><strong><a href=\"https:\/\/www.google.com\/url?sa=t&amp;source=web&amp;rct=j&amp;opi=89978449&amp;url=https:\/\/rivastrasbourg.fr\/&amp;ved=2ahUKEwi9r7vskoiQAxWYVqQEHRgKCT0QFnoECE4QAQ&amp;usg=AOvVaw1FhbfNvpGUkNMKX-CSE2M0\" target=\"_blank\" rel=\"noopener\">Le site web<\/a><\/strong><\/p>\n<p><strong><a href=\"https:\/\/www.google.com\/url?sa=t&amp;source=web&amp;rct=j&amp;opi=89978449&amp;url=https:\/\/www.facebook.com\/lavierestaurant.fr\/%3Flocale%3Dfr_FR&amp;ved=2ahUKEwi9r7vskoiQAxWYVqQEHRgKCT0QFnoECFMQAQ&amp;usg=AOvVaw10oCFGqYdTOOnyhSeNHKUF\" target=\"_blank\" rel=\"noopener\">La page Facebook<\/a><\/strong><\/p>\n<p><strong><a href=\"https:\/\/www.google.com\/url?sa=t&amp;source=web&amp;rct=j&amp;opi=89978449&amp;url=https:\/\/www.instagram.com\/riva.strasbourg\/%3Fhl%3Dfr&amp;ved=2ahUKEwi9r7vskoiQAxWYVqQEHRgKCT0QFnoECFEQAQ&amp;usg=AOvVaw3Bmhpd_kie1YZ1Nl5yPr8b\" target=\"_blank\" rel=\"noopener\">La page Instagram<\/a><\/strong><\/p>\n<p><strong>T\u00e8l : 06 81 27 33 43<\/strong><\/p>\n<p>                <img width=\"375\" height=\"500\" src=\"https:\/\/www.europesays.com\/fr\/wp-content\/uploads\/2025\/10\/riva-restaurant-mediterrannee-img-0236-375x500.jpeg\" class=\"attachment-gallery size-gallery\" alt=\"Riva restaurant m\u00e9diterrann\u00e9e IMG_0236\" data-full-url=\"https:\/\/pokaa.fr\/wp-content\/uploads\/2025\/10\/02\/riva-restaurant-mediterrannee-img-0236.jpeg\" decoding=\"async\" loading=\"lazy\"  \/>            <\/p>\n<p>                <img width=\"375\" height=\"500\" src=\"https:\/\/www.europesays.com\/fr\/wp-content\/uploads\/2025\/10\/riva-restaurant-mediterrannee-img-0200-375x500.jpeg\" class=\"attachment-gallery size-gallery\" alt=\"Riva restaurant m\u00e9diterrann\u00e9e IMG_0200\" data-full-url=\"https:\/\/pokaa.fr\/wp-content\/uploads\/2025\/10\/02\/riva-restaurant-mediterrannee-img-0200.jpeg\" decoding=\"async\" loading=\"lazy\"  \/>            <\/p>\n<p>                <img width=\"375\" height=\"500\" src=\"https:\/\/www.europesays.com\/fr\/wp-content\/uploads\/2025\/10\/riva-restaurant-mediterrannee-img-0225-2-375x500.jpeg\" class=\"attachment-gallery size-gallery\" alt=\"Riva restaurant m\u00e9diterrann\u00e9e IMG_0225 2\" data-full-url=\"https:\/\/pokaa.fr\/wp-content\/uploads\/2025\/10\/02\/riva-restaurant-mediterrannee-img-0225-2.jpeg\" decoding=\"async\" loading=\"lazy\"  \/>            <\/p>\n<p>                <img width=\"389\" height=\"500\" src=\"https:\/\/www.europesays.com\/fr\/wp-content\/uploads\/2025\/04\/riva-comptoir-mediterranneen-steak-tablee-soleil-img-1343-2-389x500.jpeg\" class=\"attachment-gallery size-gallery\" alt=\"riva comptoir mediterrann\u00e9en steak tabl\u00e9e soleil IMG_1343 2\" data-full-url=\"https:\/\/pokaa.fr\/wp-content\/uploads\/2025\/04\/09\/riva-comptoir-mediterranneen-steak-tablee-soleil-img-1343-2.jpeg\" decoding=\"async\" loading=\"lazy\"  \/>            <\/p>\n<p>                    \u00a9 Bastien Pietronave \/ Pokaa<\/p>\n<p><script async src=\"\/\/www.instagram.com\/embed.js\"><\/script><\/p>\n","protected":false},"excerpt":{"rendered":"Besoin d\u2019un peu de chaleur par les temps qui courent ? Tu m\u2019\u00e9tonnes. Aujourd\u2019hui, on part en direction&hellip;\n","protected":false},"author":2,"featured_media":441532,"comment_status":"","ping_status":"","sticky":false,"template":"","format":"standard","meta":{"footnotes":""},"categories":[2820],"tags":[1111,11,1777,674,14012,1011,27,775,1252,12,25,1340,6449,640],"class_list":{"0":"post-441531","1":"post","2":"type-post","3":"status-publish","4":"format-standard","5":"has-post-thumbnail","7":"category-strasbourg","8":"tag-actu","9":"tag-actualites","10":"tag-eu","11":"tag-europe","12":"tag-festif","13":"tag-fr","14":"tag-france","15":"tag-grand-est","16":"tag-mediterranee","17":"tag-news","18":"tag-republique-francaise","19":"tag-restaurant","20":"tag-riva","21":"tag-strasbourg"},"share_on_mastodon":{"url":"https:\/\/pubeurope.com\/@fr\/115323648771798050","error":""},"_links":{"self":[{"href":"https:\/\/www.europesays.com\/fr\/wp-json\/wp\/v2\/posts\/441531","targetHints":{"allow":["GET"]}}],"collection":[{"href":"https:\/\/www.europesays.com\/fr\/wp-json\/wp\/v2\/posts"}],"about":[{"href":"https:\/\/www.europesays.com\/fr\/wp-json\/wp\/v2\/types\/post"}],"author":[{"embeddable":true,"href":"https:\/\/www.europesays.com\/fr\/wp-json\/wp\/v2\/users\/2"}],"replies":[{"embeddable":true,"href":"https:\/\/www.europesays.com\/fr\/wp-json\/wp\/v2\/comments?post=441531"}],"version-history":[{"count":0,"href":"https:\/\/www.europesays.com\/fr\/wp-json\/wp\/v2\/posts\/441531\/revisions"}],"wp:featuredmedia":[{"embeddable":true,"href":"https:\/\/www.europesays.com\/fr\/wp-json\/wp\/v2\/media\/441532"}],"wp:attachment":[{"href":"https:\/\/www.europesays.com\/fr\/wp-json\/wp\/v2\/media?parent=441531"}],"wp:term":[{"taxonomy":"category","embeddable":true,"href":"https:\/\/www.europesays.com\/fr\/wp-json\/wp\/v2\/categories?post=441531"},{"taxonomy":"post_tag","embeddable":true,"href":"https:\/\/www.europesays.com\/fr\/wp-json\/wp\/v2\/tags?post=441531"}],"curies":[{"name":"wp","href":"https:\/\/api.w.org\/{rel}","templated":true}]}}