{"id":441533,"date":"2025-10-05T21:19:41","date_gmt":"2025-10-05T21:19:41","guid":{"rendered":"https:\/\/www.europesays.com\/fr\/441533\/"},"modified":"2025-10-05T21:19:41","modified_gmt":"2025-10-05T21:19:41","slug":"a-strasbourg-pierre-jakubowicz-accelere-sa-campagne-avec-3-propositions","status":"publish","type":"post","link":"https:\/\/www.europesays.com\/fr\/441533\/","title":{"rendered":"\u00e0 Strasbourg, Pierre Jakubowicz acc\u00e9l\u00e8re sa campagne avec 3 propositions"},"content":{"rendered":"<p><b>Officiellement investi par Horizons et Renaissance, Pierre Jakubowicz compte bien s\u2019imposer dans sa campagne en tant que candidat du \u00ab bloc central \u00bb. Pour lancer une dynamique, il a d\u00e9voil\u00e9 quelques propositions afin de \u00ab\u00a0penser la ville \u00e0 30 m\u00e8tres\u00a0\u00bb : des futur(e)s maires de quartier et le r\u00e9f\u00e9rendum local d\u2019initiative partag\u00e9e. Des id\u00e9es plus d\u00e9velopp\u00e9es, mais semblables \u00e0 celles pr\u00f4n\u00e9es par son rival de la droite, Jean-Philippe Vetter.<\/b><\/p>\n<p class=\"p1\">\u00ab C\u2019est un moment important pour nous. \u00bb Officiellement candidat de l\u2019alliance du \u00ab\u00a0bloc central\u00a0\u00bb apr\u00e8s la d\u00e9cision de Renaissance de se ranger derri\u00e8re lui, Pierre Jakubowicz veut d\u00e9sormais passer la vitesse sup\u00e9rieure. <b>Pour cela, il veut enclencher une dynamique de campagne<\/b>, surtout apr\u00e8s le sondage command\u00e9 par son d\u00e9sormais rival de la droite Jean-Philippe Vetter, l\u2019ayant plac\u00e9 \u00e0 6%.<\/p>\n<p>                <a href=\"https:\/\/pokaa.fr\/2025\/09\/15\/municipales-2026-cest-quoi-ce-sondage-qui-place-trautmann-et-vetter-en-tete-a-strasbourg\/\" target=\"_blank\" rel=\"noopener\"><br \/>\n                    <img width=\"450\" height=\"270\" src=\"https:\/\/www.europesays.com\/fr\/wp-content\/uploads\/2025\/09\/1758169937_637_okkkk-450x270.png\" class=\"attachment-card-horizontal--same-subject size-card-horizontal--same-subject wp-post-image\" alt=\"\" decoding=\"async\" loading=\"lazy\"\/>                <\/a><\/p>\n<p>Dans le froid du 3 octobre dernier,<b> le candidat Jakubowicz \u00e9tait entour\u00e9 de son \u00e9tat-major, avec Rebecca Breitman et \u00c9tienne Loos, afin de pr\u00e9senter ses premi\u00e8res mesures pour \u00ab\u00a0refonder l\u2019action municipale en proximit\u00e9 pour penser la ville \u00e0 30 m\u00e8tres\u00a0\u00bb<\/b>. Accompagn\u00e9 de supports visuels, comme des cartons et un entonnoir, il a un objectif en ligne de mire : le centre administratif, situ\u00e9 \u00e0 quelques encablures du lieu de la conf\u00e9rence de presse.<\/p>\n<p>    <img width=\"800\" height=\"600\" src=\"https:\/\/www.europesays.com\/fr\/wp-content\/uploads\/2025\/10\/img-1638-grande-800x600.jpeg\" class=\"attachment-image-size-L size-image-size-L\" alt=\"campagne pierre jakubowicz\" decoding=\"async\" loading=\"lazy\"  \/>         Cartons, entonnoir, centre administratif et Pierre Jakubowicz. \u00a9 Nicolas Kaspar \/ Pokaa <\/p>\n<p>10 nouvelles mairies de quartier<\/p>\n<p class=\"p1\">Car pour Pierre Jakubowicz, le centre administratif est aujourd\u2019hui devenu un \u00ab\u00a0entonnoir\u00a0\u00bb, o\u00f9 \u00ab les probl\u00e8mes de 300 000 habitants convergent presque tous vers un seul et m\u00eame lieu d\u2019hyperconcentration des d\u00e9cisions et des pouvoirs \u00bb.<b> Le candidat propose alors sa vision d\u2019une d\u00e9centralisation de l\u2019action municipale, en annon\u00e7ant la future cr\u00e9ation de 10 nouvelles mairies de quartier (contre 8 auparavant)<\/b>. Dans le d\u00e9tail :<\/p>\n<ul class=\"ul1\">\n<li class=\"li4\">Robertsau-Wacken-Cit\u00e9 de l\u2019Ill<\/li>\n<li class=\"li4\">Montagne Verte-Elsau<\/li>\n<li class=\"li4\">Neudorf-Malraux-Port du Rhin<\/li>\n<li class=\"li4\">Hautepierre-Poteries<\/li>\n<li class=\"li4\">Neuhof-Meinau<\/li>\n<li class=\"li4\">Centre-Neustadt<\/li>\n<li class=\"li4\">Cronenbourg<\/li>\n<li class=\"li4\">Orangerie-Conseil des XV-Bourse-Esplanade-Krutenau<\/li>\n<li class=\"li4\">Halles-Gare-Tribunal<\/li>\n<li class=\"li4\">Koenigshoffen<\/li>\n<\/ul>\n<blockquote><p>\n        Une multitude de sujets simples du quotidien pourraient \u00eatre r\u00e9gl\u00e9s en mairie de quartier\u00a0plut\u00f4t qu\u2019au centre administratif.    <\/p><\/blockquote>\n<p>            Pierre Jakubowicz, candidat Renaissance-Horizons-Modem aux municipales<\/p>\n<p class=\"p1\">Petite nouveaut\u00e9 : <b>ces mairies de quartier auront leur propre \u00ab maire \u00bb, sur le mod\u00e8le de ce qui se fait \u00e0 Toulouse<\/b> [une ville g\u00e9r\u00e9e par un maire LR, r\u00e9guli\u00e8rement prise en exemple par Pierre Jakubowicz, ndlr], mais \u00e9galement un budget, des services d\u00e9di\u00e9s et une fois par semaine des horaires d\u00e9cal\u00e9s.<\/p>\n<p class=\"p1\"><strong>Elles fonctionneront en collaboration avec les \u00ab\u00a0Koeurs de quartier\u00a0\u00bb<\/strong>, autre proposition de Pierre Jakubowicz. Interrog\u00e9 plus en d\u00e9tail sur la logique du d\u00e9coupage des mairies de quartier, le candidat explique : \u00ab La logique \u00e9tait de ne pas tout bouleverser par rapport \u00e0 ce qui a pu exister ou existe, de maintenir une coh\u00e9rence g\u00e9ographique et d\u2019avoir un p\u00e9rim\u00e8tre plus restreint pour les quartiers les plus fragiles et quartiers prioritaires de la ville. \u00bb<\/p>\n<p>                <a href=\"https:\/\/pokaa.fr\/2024\/11\/26\/curiosite-politique-pierre-jakubowicz-veut-creer-12-kiosques-dans-les-quartiers-de-strasbourg\/\" target=\"_blank\" rel=\"noopener\"><br \/>\n                    <img width=\"450\" height=\"270\" src=\"https:\/\/www.europesays.com\/fr\/wp-content\/uploads\/2025\/10\/koeurs-de-quartier-450x270.png\" class=\"attachment-card-horizontal--same-subject size-card-horizontal--same-subject wp-post-image\" alt=\"\" decoding=\"async\" loading=\"lazy\"\/>                <\/a><\/p>\n<p>Une fa\u00e7on d\u2019op\u00e9rer un \u00ab choc de d\u00e9centralisation des moyens de d\u00e9cision de la Ville de Strasbourg \u00bb, <b>dans une rh\u00e9torique classique des candidat(e)s de droite souhaitant une simplification des d\u00e9cisions administratives qui tendraient vers l\u2019efficacit\u00e9 du service public<\/b>.<\/p>\n<p>    <img width=\"800\" height=\"533\" src=\"https:\/\/www.europesays.com\/fr\/wp-content\/uploads\/2025\/09\/centre-administratif-800x533.jpg\" class=\"attachment-image-size-L size-image-size-L\" alt=\"Centre administratif\" decoding=\"async\" loading=\"lazy\"  \/>         \u00a9 David Lev\u00eaque \/ Pokaa <\/p>\n<p>Recr\u00e9er une relation directe entre \u00e9lu(e)s et Strasbourgeois(es)<\/p>\n<p class=\"p1\">Ces nouvelles mairies de quartier comptent bien remettre du lien entre la ville et ses habitant(e)s, v\u00e9ritable axe de programme du candidat du \u00ab bloc central \u00bb. Ce \u00ab\u00a0manque de proximit\u00e9\u00a0\u00bb de la mandature \u00e9cologiste a \u00e9t\u00e9, selon Pierre Jakubowicz, <b>le \u00ab\u00a0fil rouge des demandes et revendications\u00a0\u00bb qui lui ont \u00e9t\u00e9 rapport\u00e9es lors de sa grande concertation<\/b>. Comme le r\u00e9sume Rebecca Breitman, aujourd\u2019hui \u00ab on n\u2019a plus ces \u00e9lus qui nous r\u00e9pondent \u00bb.<\/p>\n<blockquote><p>\n        C\u2019est devenu impossible d\u2019avoir les \u00e9lus, aucun contact, aucun dialogue pour nous expliquer le suivi ou la logistique des travaux.    <\/p><\/blockquote>\n<p>            D\u00e9l\u00e9gu\u00e9e du quartier Halles de Pierre Jakubowicz<\/p>\n<p>Cette volont\u00e9 de remettre du lien explique \u00e9galement deux autres propositions d\u00e9voil\u00e9es par Pierre Jakubowicz. <b>D\u2019abord le r\u00e9f\u00e9rendum local d\u2019initiative partag\u00e9e, inject\u00e9 dans son programme par le ralliement d\u2019\u00c9tienne Loos<\/b>. Concr\u00e8tement, chaque ann\u00e9e un grand r\u00e9f\u00e9rendum aura lieu sur une question majeure qui concerne les Strasbourgeois(es). Selon Pierre Jakubowicz, il faut que ce soit un \u00ab outil pour permettre aux citoyens et collectifs de porter des initiatives positives sur de grands enjeux, et non pas un moyen de r\u00e9gler des comptes \u00bb.<\/p>\n<p>Ensuite, sa proposition de mettre en place un(e) m\u00e9diateur\/rice de la Ville de Strasbourg. Une proposition qui date de d\u00e9cembre 2022, qu\u2019il avait fait adopter en conseil municipal sous la forme de r\u00e9solution. Depuis, rien n\u2019a \u00e9t\u00e9 fait pour mettre en place cette id\u00e9e, <b>qui permettrait \u00ab de d\u00e9nouer les situations conflictuelles et de construire des solutions adapt\u00e9es sans passer par un recours interne ou juridictionnel \u00bb sur certains sujets<\/b>, comme le stationnement, l\u2019urbanisme, la d\u00e9mocratie locale ou le logement.<\/p>\n<p>    <img width=\"800\" height=\"600\" src=\"https:\/\/www.europesays.com\/fr\/wp-content\/uploads\/2025\/10\/img-1632-grande-800x600.jpeg\" class=\"attachment-image-size-L size-image-size-L\" alt=\"Pierre Jakubowicz\" decoding=\"async\" loading=\"lazy\"  \/>         \u00a9 Nicolas Kaspar \/ Pokaa <\/p>\n<p>Des propositions suffisantes pour enclencher une dynamique favorable ?<\/p>\n<p class=\"p1\">Ces propositions de \u00ab\u00a0penser la ville \u00e0 30 m\u00e8tres\u00a0\u00bb sont les premi\u00e8res de Pierre Jakubowicz depuis sa d\u00e9claration de candidature, et le ralliement de Renaissance. <b>C\u2019est donc par cette voie que le candidat compte enclencher sa dynamique de campagne<\/b>, qui a pu souffrir du rangement de Nicolas Matt derri\u00e8re Jean-Philippe Vetter et du sondage command\u00e9 par le candidat LR, le pla\u00e7ant \u00e0 6%.<\/p>\n<p class=\"p1\">Une ombre tenace, <b>alors que ses propositions, bien que plus explicit\u00e9es et d\u00e9taill\u00e9es, se retrouvent \u00e9galement <a href=\"https:\/\/pokaa.fr\/2025\/06\/24\/municipales-2026-jean-philippe-vetter-souhaite-reparer-strasbourg-ville-fracturee\/\" target=\"_blank\" rel=\"noopener\">dans les id\u00e9es du candidat LR<\/a><\/b>. Difficile alors de se d\u00e9marquer dans la t\u00eate des Strasbourgeois(es). Interrog\u00e9 l\u00e0-dessus, il r\u00e9pond que si ces propositions \u00ab n\u2019ont \u00e9t\u00e9 \u00e0 ma connaissance formul\u00e9es par aucun autre candidat [\u2026], l\u2019enjeu de la proximit\u00e9 est pr\u00e9sent dans le discours de plusieurs offres politiques \u00bb.<\/p>\n<blockquote><p>\n        Ce sont des propositions que nous faisons, non pas pour nous d\u00e9marquer, mais au contraire pour f\u00e9d\u00e9rer les habitants, les quartiers et leurs repr\u00e9sentants.&#13;\n    <\/p><\/blockquote>\n<p>            Pierre Jakubowicz, candidat Renaissance-Horizons-Modem aux municipales<\/p>\n<p>Des sujets de d\u00e9mocratie participative et des adjoint(e)s de quartier qui passionnent les politiques, <strong>mais peuvent sembler loin d\u2019autres pr\u00e9occupations, comme la pr\u00e9carit\u00e9, le pouvoir d\u2019achat ou m\u00eame les projets pour d\u00e9velopper la ville<\/strong>. Difficile donc d\u2019imaginer, \u00e0 premi\u00e8re vue, le fait de lancer une dynamique de campagne sur ces sujets-l\u00e0.<\/p>\n<p>N\u00e9anmoins, Pierre Jakubowicz ne l\u2019entend pas de cette oreille : \u00ab<strong> Les sujets de la d\u00e9mocratie participative et de la proximit\u00e9 ont \u00e9t\u00e9 au coeur du mandat de mani\u00e8re n\u00e9gative dans l\u2019ensemble des quartiers<\/strong>. Nous souhaitons leur redonner une tonalit\u00e9 positive. C\u2019est pourquoi nous pensons qu\u2019ils constituent une base \u00e0 toute action municipale efficace et \u00e0 la reconstruction d\u2019un vrai partenariat entre citoyens et acteurs publics. Il \u00e9tait donc naturel pour nous d\u2019en faire l\u2019un des premiers sujets de proposition. \u00bb <strong>Il n\u2019emp\u00eache qu\u2019un chemin de cr\u00eate se pr\u00e9sente devant Pierre Jakubowicz ; \u00e0 lui de bien man\u0153uvrer.<\/strong><\/p>\n","protected":false},"excerpt":{"rendered":"Officiellement investi par Horizons et Renaissance, Pierre Jakubowicz compte bien s\u2019imposer dans sa campagne en tant que candidat&hellip;\n","protected":false},"author":2,"featured_media":441534,"comment_status":"","ping_status":"","sticky":false,"template":"","format":"standard","meta":{"footnotes":""},"categories":[2820],"tags":[1111,11,1777,674,1011,27,775,3434,12,4333,316,25,640],"class_list":{"0":"post-441533","1":"post","2":"type-post","3":"status-publish","4":"format-standard","5":"has-post-thumbnail","7":"category-strasbourg","8":"tag-actu","9":"tag-actualites","10":"tag-eu","11":"tag-europe","12":"tag-fr","13":"tag-france","14":"tag-grand-est","15":"tag-municipales-2026","16":"tag-news","17":"tag-pierre-jakubowicz","18":"tag-politique","19":"tag-republique-francaise","20":"tag-strasbourg"},"share_on_mastodon":{"url":"https:\/\/pubeurope.com\/@fr\/115323651282008593","error":""},"_links":{"self":[{"href":"https:\/\/www.europesays.com\/fr\/wp-json\/wp\/v2\/posts\/441533","targetHints":{"allow":["GET"]}}],"collection":[{"href":"https:\/\/www.europesays.com\/fr\/wp-json\/wp\/v2\/posts"}],"about":[{"href":"https:\/\/www.europesays.com\/fr\/wp-json\/wp\/v2\/types\/post"}],"author":[{"embeddable":true,"href":"https:\/\/www.europesays.com\/fr\/wp-json\/wp\/v2\/users\/2"}],"replies":[{"embeddable":true,"href":"https:\/\/www.europesays.com\/fr\/wp-json\/wp\/v2\/comments?post=441533"}],"version-history":[{"count":0,"href":"https:\/\/www.europesays.com\/fr\/wp-json\/wp\/v2\/posts\/441533\/revisions"}],"wp:featuredmedia":[{"embeddable":true,"href":"https:\/\/www.europesays.com\/fr\/wp-json\/wp\/v2\/media\/441534"}],"wp:attachment":[{"href":"https:\/\/www.europesays.com\/fr\/wp-json\/wp\/v2\/media?parent=441533"}],"wp:term":[{"taxonomy":"category","embeddable":true,"href":"https:\/\/www.europesays.com\/fr\/wp-json\/wp\/v2\/categories?post=441533"},{"taxonomy":"post_tag","embeddable":true,"href":"https:\/\/www.europesays.com\/fr\/wp-json\/wp\/v2\/tags?post=441533"}],"curies":[{"name":"wp","href":"https:\/\/api.w.org\/{rel}","templated":true}]}}