{"id":441535,"date":"2025-10-05T21:20:11","date_gmt":"2025-10-05T21:20:11","guid":{"rendered":"https:\/\/www.europesays.com\/fr\/441535\/"},"modified":"2025-10-05T21:20:11","modified_gmt":"2025-10-05T21:20:11","slug":"mais-comment-des-voitures-sont-elles-entrees-dans-le-parc-du-ray-a-nice","status":"publish","type":"post","link":"https:\/\/www.europesays.com\/fr\/441535\/","title":{"rendered":"mais comment des voitures sont-elles entr\u00e9es dans le parc du Ray, \u00e0 Nice ?"},"content":{"rendered":"<p class=\"fs-5 \">Il fallait y penser. Des habitants du complexe r\u00e9sidentiel Le Ray, qui donne sur le parc \u00e9ponyme, sont arriv\u00e9s au bout de leur patience.<\/p>\n<p class=\"fs-5 \"><a href=\"https:\/\/www.nicematin.com\/societe\/vie-locale\/pourquoi-ce-parc-au-nord-de-nice-est-il-pris-d-assaut-pour-feter-les-anniversaires-d-enfants-925507\" rel=\"nofollow noopener\" target=\"_blank\">S\u2019ils n\u2019ont rien contre les anniversaires familiaux c\u00e9l\u00e9br\u00e9s sous leurs fen\u00eatres<\/a>, ils s\u2019\u00e9l\u00e8vent contre les \u00e9v\u00e9nements priv\u00e9s de grande ampleur.<\/p>\n<p class=\"fs-5 \">\u00abIl y a parfois 30 \u00e0 80 personnes, tr\u00e8s bien organis\u00e9es avec barnum, mobilier, nourriture et de l\u2019alcool, dont la consommation est interdite dans un parc public. Ils le privatisent au d\u00e9triment d\u2019autres utilisateurs. Cet \u00e9t\u00e9, des voitures se sont m\u00eame introduites dans le parc pour installer ou d\u00e9sinstaller le mat\u00e9riel de l\u2019anniversaire\u00bb, d\u00e9taille un habitant.<\/p>\n<p>                                                                                Arriv\u00e9e d\u2019une brigade verte<\/p>\n<p class=\"fs-5 \">Comment les conducteurs arrivent-ils jusque-l\u00e0 ? Tr\u00e8s simple : ils passent le portail qui donne sur l\u2019avenue du Ray et descendent jusqu\u2019en bas, en passant notamment sur une plaque de franchissement destin\u00e9e aux pompiers.<\/p>\n<p class=\"fs-5 \">\u00abC\u2019est super dangereux. Ce parc est situ\u00e9 \u00e0 proximit\u00e9 d\u2019une cr\u00e8che, d\u2019une \u00e9cole\u2026 il y a beaucoup d\u2019enfants qui le fr\u00e9quentent. Et comme il ferme rarement \u00e0 l\u2019heure, les gens squattent\u00bb, ajoute une riveraine.<\/p>\n<p class=\"fs-5 \">Pour rem\u00e9dier au probl\u00e8me, la Ville a promis l\u2019embauche d\u2019une \u00abbrigade verte\u00bb, qui pr\u00eatera main-forte aux policiers municipaux dans les parcs et jardins.<\/p>\n<p class=\"fs-5 \">Les recrutements sont en cours et les agents devraient \u00eatre op\u00e9rationnels \u00e0 la fin de l\u2019ann\u00e9e.<\/p>\n<p class=\"fs-5 \">Un poteau amovible a \u00e9galement \u00e9t\u00e9 install\u00e9 devant le portail de l\u2019avenue du Ray, afin d\u2019en bloquer l\u2019acc\u00e8s.<\/p>\n<p class=\"fs-5 \">Depuis, la Ville assure ne plus avoir \u00e9t\u00e9 sollicit\u00e9e \u00e0 ce propos.<\/p>\n<p class=\"fs-5 \">Mais mi-septembre, alors qu\u2019un prestataire sortait en camionnette du parc, le fameux poteau n\u2019a pas \u00e9t\u00e9 remont\u00e9. Et le conducteur a indiqu\u00e9 ignorer sa pr\u00e9sence.<\/p>\n","protected":false},"excerpt":{"rendered":"Il fallait y penser. Des habitants du complexe r\u00e9sidentiel Le Ray, qui donne sur le parc \u00e9ponyme, sont&hellip;\n","protected":false},"author":2,"featured_media":441536,"comment_status":"","ping_status":"","sticky":false,"template":"","format":"standard","meta":{"footnotes":""},"categories":[2819],"tags":[1111,11,1777,674,1011,27,12,2401,882,25],"class_list":{"0":"post-441535","1":"post","2":"type-post","3":"status-publish","4":"format-standard","5":"has-post-thumbnail","7":"category-nice","8":"tag-actu","9":"tag-actualites","10":"tag-eu","11":"tag-europe","12":"tag-fr","13":"tag-france","14":"tag-news","15":"tag-nice","16":"tag-provence-alpes-cote-dazur","17":"tag-republique-francaise"},"share_on_mastodon":{"url":"https:\/\/pubeurope.com\/@fr\/115323654912688985","error":""},"_links":{"self":[{"href":"https:\/\/www.europesays.com\/fr\/wp-json\/wp\/v2\/posts\/441535","targetHints":{"allow":["GET"]}}],"collection":[{"href":"https:\/\/www.europesays.com\/fr\/wp-json\/wp\/v2\/posts"}],"about":[{"href":"https:\/\/www.europesays.com\/fr\/wp-json\/wp\/v2\/types\/post"}],"author":[{"embeddable":true,"href":"https:\/\/www.europesays.com\/fr\/wp-json\/wp\/v2\/users\/2"}],"replies":[{"embeddable":true,"href":"https:\/\/www.europesays.com\/fr\/wp-json\/wp\/v2\/comments?post=441535"}],"version-history":[{"count":0,"href":"https:\/\/www.europesays.com\/fr\/wp-json\/wp\/v2\/posts\/441535\/revisions"}],"wp:featuredmedia":[{"embeddable":true,"href":"https:\/\/www.europesays.com\/fr\/wp-json\/wp\/v2\/media\/441536"}],"wp:attachment":[{"href":"https:\/\/www.europesays.com\/fr\/wp-json\/wp\/v2\/media?parent=441535"}],"wp:term":[{"taxonomy":"category","embeddable":true,"href":"https:\/\/www.europesays.com\/fr\/wp-json\/wp\/v2\/categories?post=441535"},{"taxonomy":"post_tag","embeddable":true,"href":"https:\/\/www.europesays.com\/fr\/wp-json\/wp\/v2\/tags?post=441535"}],"curies":[{"name":"wp","href":"https:\/\/api.w.org\/{rel}","templated":true}]}}