{"id":441537,"date":"2025-10-05T21:21:11","date_gmt":"2025-10-05T21:21:11","guid":{"rendered":"https:\/\/www.europesays.com\/fr\/441537\/"},"modified":"2025-10-05T21:21:11","modified_gmt":"2025-10-05T21:21:11","slug":"le-defenseur-de-logc-nice-moise-bombito-victime-dune-fracture-du-tibia","status":"publish","type":"post","link":"https:\/\/www.europesays.com\/fr\/441537\/","title":{"rendered":"Le d\u00e9fenseur de l&rsquo;OGC Nice Mo\u00efse Bombito victime d&rsquo;une fracture du tibia"},"content":{"rendered":"<p>Sorti sur civi\u00e8re au d\u00e9but de la seconde p\u00e9riode apr\u00e8s avoir conc\u00e9d\u00e9 un p\u00e9nalty, le d\u00e9fenseur Mo\u00efse Bombito souffre d&rsquo;une fracture du tibia gauche et manquera de longs mois de comp\u00e9tition. <\/p>\n<p>L&rsquo;OGC Nice confirme ce dimanche soir la fracture du tibia de Mo\u00efse Bombito dans un communiqu\u00e9 publi\u00e9 sur le site du club. Le d\u00e9fenseur canadien avait \u00e9t\u00e9 \u00e9vacu\u00e9 sur civi\u00e8re au d\u00e9but de la seconde p\u00e9riode apr\u00e8s avoir conc\u00e9d\u00e9 un p\u00e9nalty. Sur l&rsquo;action, Bombito s&rsquo;est tout de suite tordu de douleur et tenu la jambe gauche.<\/p>\n<p>Touch\u00e9 \u00e0 ce m\u00eame tibia cet \u00e9t\u00e9<\/p>\n<p>D\u00e9j\u00e0 bless\u00e9 \u00e0 ce m\u00eame tibia gauche cet \u00e9t\u00e9, le Canadien venait de retrouver les terrains il y a une semaine face au Paris FC. C&rsquo;est donc un \u00e9norme coup dur pour le d\u00e9fenseur de 25 ans, qui va \u00e0 nouveau rester \u00e9loign\u00e9 de longues semaines de la comp\u00e9tition. Les Aiglons avaient tous une pens\u00e9e, un mot pour leur co\u00e9quipier \u00e0 la sortie du match nul obtenu sur la pelouse de Louis 2.<\/p>\n","protected":false},"excerpt":{"rendered":"Sorti sur civi\u00e8re au d\u00e9but de la seconde p\u00e9riode apr\u00e8s avoir conc\u00e9d\u00e9 un p\u00e9nalty, le d\u00e9fenseur Mo\u00efse Bombito&hellip;\n","protected":false},"author":2,"featured_media":441538,"comment_status":"","ping_status":"","sticky":false,"template":"","format":"standard","meta":{"footnotes":""},"categories":[2819],"tags":[1111,11,1777,674,1011,27,12,2401,882,25],"class_list":{"0":"post-441537","1":"post","2":"type-post","3":"status-publish","4":"format-standard","5":"has-post-thumbnail","7":"category-nice","8":"tag-actu","9":"tag-actualites","10":"tag-eu","11":"tag-europe","12":"tag-fr","13":"tag-france","14":"tag-news","15":"tag-nice","16":"tag-provence-alpes-cote-dazur","17":"tag-republique-francaise"},"share_on_mastodon":{"url":"https:\/\/pubeurope.com\/@fr\/115323658746596651","error":""},"_links":{"self":[{"href":"https:\/\/www.europesays.com\/fr\/wp-json\/wp\/v2\/posts\/441537","targetHints":{"allow":["GET"]}}],"collection":[{"href":"https:\/\/www.europesays.com\/fr\/wp-json\/wp\/v2\/posts"}],"about":[{"href":"https:\/\/www.europesays.com\/fr\/wp-json\/wp\/v2\/types\/post"}],"author":[{"embeddable":true,"href":"https:\/\/www.europesays.com\/fr\/wp-json\/wp\/v2\/users\/2"}],"replies":[{"embeddable":true,"href":"https:\/\/www.europesays.com\/fr\/wp-json\/wp\/v2\/comments?post=441537"}],"version-history":[{"count":0,"href":"https:\/\/www.europesays.com\/fr\/wp-json\/wp\/v2\/posts\/441537\/revisions"}],"wp:featuredmedia":[{"embeddable":true,"href":"https:\/\/www.europesays.com\/fr\/wp-json\/wp\/v2\/media\/441538"}],"wp:attachment":[{"href":"https:\/\/www.europesays.com\/fr\/wp-json\/wp\/v2\/media?parent=441537"}],"wp:term":[{"taxonomy":"category","embeddable":true,"href":"https:\/\/www.europesays.com\/fr\/wp-json\/wp\/v2\/categories?post=441537"},{"taxonomy":"post_tag","embeddable":true,"href":"https:\/\/www.europesays.com\/fr\/wp-json\/wp\/v2\/tags?post=441537"}],"curies":[{"name":"wp","href":"https:\/\/api.w.org\/{rel}","templated":true}]}}