{"id":441545,"date":"2025-10-05T21:26:12","date_gmt":"2025-10-05T21:26:12","guid":{"rendered":"https:\/\/www.europesays.com\/fr\/441545\/"},"modified":"2025-10-05T21:26:12","modified_gmt":"2025-10-05T21:26:12","slug":"fusillade-a-toulouse-un-suspect-de-26-ans-mis-en-examen-pour-tentative-de-meurtre-en-bande-organisee","status":"publish","type":"post","link":"https:\/\/www.europesays.com\/fr\/441545\/","title":{"rendered":"Fusillade \u00e0 Toulouse\u00a0: un suspect de 26 ans mis en examen pour \u00ab\u00a0tentative de meurtre en bande organis\u00e9e\u00a0\u00bb"},"content":{"rendered":"<p>\n                                                                    l&rsquo;essentiel<br \/>\n                                                                Un homme de 26 ans a \u00e9t\u00e9 mis en examen pour \u00ab\u00a0tentative de meurtre en bande organis\u00e9e\u00a0\u00bb, dimanche 5\u00a0octobre.\u00a0L\u2019ultime fusillade en date \u00e0 Toulouse pose encore bien des questions.\n                            <\/p>\n<p>Son pronostic vital \u00ab\u00a0n\u2019est plus engag\u00e9\u00a0\u00bb. Mais le jeune homme de 22 ans pris pour cible par des tireurs \u00e0 bord d\u2019une Mercedes, dans la nuit de mercredi\u00a01er \u00e0 jeudi 2\u00a0octobre 2025, \u00e0 Toulouse, a fr\u00f4l\u00e9 le pire. Un projectile lui\u00a0a \u00ab\u00a0perfor\u00e9 le poumon\u00a0\u00bb, selon le parquet de Toulouse.<\/p>\n<p>L\u2019affaire se joue en deux temps. Vers 23\u00a0h\u00a030, une patrouille de la BST Mirail pr\u00e9sente quartier Bagatelle aper\u00e7oit un conducteur emprunter une rue \u00e0 contresens. Gyrophare, deux tons. Mais l\u2019automobiliste\u00a0acc\u00e9l\u00e8re. Les policiers n\u2019imaginent pas encore ce que cache ce refus d\u2019obtemp\u00e9rer.<\/p>\n<p>Course-poursuite et arme de poing<\/p>\n<p>Apr\u00e8s une course-poursuite \u00e0 vive allure, un passage sur le p\u00e9riph et de multiples infractions routi\u00e8res cumul\u00e9es, la Mercedes est stopp\u00e9e \u00e0 hauteur de la sortie des Minimes. Trois hommes se trouvent \u00e0 bord.<\/p>\n<p>Dans leur fuite, ils se sont d\u00e9barrass\u00e9s d\u2019un objet sous un pont, pr\u00e8s du canal. La fouille permet de saisir une arme de poing. Qui matche avec des douilles saisies sur la banquette arri\u00e8re.<\/p>\n<p>Un bless\u00e9 par balle dans une voiture \u00e0 contresens<\/p>\n<p>Concomitamment, \u00e0 Bagatelle, une conductrice emprunte elle aussi un sens interdit sous les yeux d\u2019une patrouille de la police municipale. Les agents se portent \u00e0 sa hauteur\u00a0: un homme couvert de sang g\u00eet dans l\u2019habitacle. Ils escortent la femme affol\u00e9e jusqu\u2019\u00e0 la clinique Ambroise-Par\u00e9. Le deuxi\u00e8me temps de l\u2019affaire.<\/p>\n<p>Lorsque les forces de l\u2019ordre combinent ces deux \u00e9v\u00e9nements, il devient clair qu\u2019ils ont d\u2019un c\u00f4t\u00e9, une victime de fusillade, et de l\u2019autre, les tireurs potentiels. La balistique et la vid\u00e9oprotection confirment le lien.<\/p>\n<p>Un tireur ouvre le feu\u2026 sur la voiture<\/p>\n<p>Mais les premi\u00e8res investigations men\u00e9es par les enqu\u00eateurs de la DCOS (Division de la criminalit\u00e9 organis\u00e9e et sp\u00e9cialis\u00e9e) \u00e9voquent une sc\u00e8ne ant\u00e9rieure au coup de feu qui a bless\u00e9 la victime. Et r\u00e9v\u00e8lent un sc\u00e9nario plus complexe.<\/p>\n<p>Le trio se trouvait en effet dans une voiture stationn\u00e9e, \u00ab\u00a0en train de regarder un match de foot sur une tablette\u00a0\u00bb selon un connaisseur du dossier, lorsqu\u2019un tireur s\u2019est approch\u00e9 d\u2019eux et a ouvert le feu. Il a manqu\u00e9 sa cible. Un projectile aurait \u00e9t\u00e9 retrouv\u00e9 \u00e0 l\u2019arri\u00e8re du si\u00e8ge conducteur, sans qu\u2019il l\u2019ait transperc\u00e9. Mais il aurait surtout impliqu\u00e9 une riposte imm\u00e9diate.<\/p>\n<p>Le suspect \u00e9crou\u00e9\u00a0?<\/p>\n<p>Le bless\u00e9 par balle au poumon est-il l\u2019homme qui a tir\u00e9 en premier sur la voiture\u00a0? S\u2019agit-il d\u2019une victime collat\u00e9rale\u00a0? Au terme de leur garde \u00e0 vue, les trois suspects ont \u00e9t\u00e9 d\u00e9f\u00e9r\u00e9s devant un juge d\u2019instruction, ce dimanche 5\u00a0octobre.<\/p>\n<p>Le juge d\u2019instruction n\u2019a finalement mis en examen que l\u2019auteur pr\u00e9sum\u00e9 du coup de feu, \u00e2g\u00e9 de 26 ans et d\u00e9fendu par Me Jean-Baptiste Colombani, du barreau de Paris, pour \u00ab\u00a0tentative de meurtre en bande organis\u00e9e\u00a0\u00bb. Le parquet a requis son placement en d\u00e9tention.<\/p>\n<p>Les deux autres occupants du v\u00e9hicule ont \u00e9t\u00e9 plac\u00e9s sous le statut de \u00ab\u00a0t\u00e9moins assist\u00e9s\u00a0\u00bb, avant leur remise en libert\u00e9.\u00a0\u00ab\u00a0Je suis satisfait que le juge d\u2019instruction ait pu faire la part des choses et constater que mon client n\u2019avait rien \u00e0 voir avec cette histoire\u00a0\u00bb, se f\u00e9licite\u00a0Me Alexandre Parra-Brugui\u00e8re. Les investigations se poursuivent sur commission rogatoire pour faire la pleine lumi\u00e8re sur cette affaire.<\/p>\n","protected":false},"excerpt":{"rendered":"l&rsquo;essentiel Un homme de 26 ans a \u00e9t\u00e9 mis en examen pour \u00ab\u00a0tentative de meurtre en bande organis\u00e9e\u00a0\u00bb,&hellip;\n","protected":false},"author":2,"featured_media":441546,"comment_status":"","ping_status":"","sticky":false,"template":"","format":"standard","meta":{"footnotes":""},"categories":[2816],"tags":[1111,11,1777,674,1011,27,12,2680,25,2312],"class_list":{"0":"post-441545","1":"post","2":"type-post","3":"status-publish","4":"format-standard","5":"has-post-thumbnail","7":"category-toulouse","8":"tag-actu","9":"tag-actualites","10":"tag-eu","11":"tag-europe","12":"tag-fr","13":"tag-france","14":"tag-news","15":"tag-occitanie","16":"tag-republique-francaise","17":"tag-toulouse"},"share_on_mastodon":{"url":"https:\/\/pubeurope.com\/@fr\/115323678491313322","error":""},"_links":{"self":[{"href":"https:\/\/www.europesays.com\/fr\/wp-json\/wp\/v2\/posts\/441545","targetHints":{"allow":["GET"]}}],"collection":[{"href":"https:\/\/www.europesays.com\/fr\/wp-json\/wp\/v2\/posts"}],"about":[{"href":"https:\/\/www.europesays.com\/fr\/wp-json\/wp\/v2\/types\/post"}],"author":[{"embeddable":true,"href":"https:\/\/www.europesays.com\/fr\/wp-json\/wp\/v2\/users\/2"}],"replies":[{"embeddable":true,"href":"https:\/\/www.europesays.com\/fr\/wp-json\/wp\/v2\/comments?post=441545"}],"version-history":[{"count":0,"href":"https:\/\/www.europesays.com\/fr\/wp-json\/wp\/v2\/posts\/441545\/revisions"}],"wp:featuredmedia":[{"embeddable":true,"href":"https:\/\/www.europesays.com\/fr\/wp-json\/wp\/v2\/media\/441546"}],"wp:attachment":[{"href":"https:\/\/www.europesays.com\/fr\/wp-json\/wp\/v2\/media?parent=441545"}],"wp:term":[{"taxonomy":"category","embeddable":true,"href":"https:\/\/www.europesays.com\/fr\/wp-json\/wp\/v2\/categories?post=441545"},{"taxonomy":"post_tag","embeddable":true,"href":"https:\/\/www.europesays.com\/fr\/wp-json\/wp\/v2\/tags?post=441545"}],"curies":[{"name":"wp","href":"https:\/\/api.w.org\/{rel}","templated":true}]}}