{"id":441549,"date":"2025-10-05T21:29:24","date_gmt":"2025-10-05T21:29:24","guid":{"rendered":"https:\/\/www.europesays.com\/fr\/441549\/"},"modified":"2025-10-05T21:29:24","modified_gmt":"2025-10-05T21:29:24","slug":"remanie-paris-freine-a-lille-mais-toujours-en-tete","status":"publish","type":"post","link":"https:\/\/www.europesays.com\/fr\/441549\/","title":{"rendered":"remani\u00e9, Paris frein\u00e9 \u00e0 Lille mais toujours en t\u00eate"},"content":{"rendered":"<p><strong>Lille\u00a0&#8211; Paris\u00a0SG\u00a0: 1-1<\/strong><\/p>\n<p>Au regard du onze titulaire du club de la capitale, il semblait bon de l\u2019affronter ce soir d\u2019automne, sous le toit ferm\u00e9 de l\u2019enceinte de Villeneuve-d\u2019Ascq\u00a0: de l\u2019\u00e9quipe de d\u00e9part en finale de la derni\u00e8re Ligue des champions, il ne restait que Willian Pacho.<\/p>\n<p>Il \u00e9tait entour\u00e9 de Lucas Beraldo, Warren Za\u00efre-Emery au poste d\u2019arri\u00e8re droit \u2013 en phase d\u00e9fensive \u2013 et, plus haut, trois des \u00ab\u00a0titis\u00a0\u00bb <a target=\"_self\" href=\"https:\/\/www.lanouvellerepublique.fr\/sports\/ligue-des-champions-le-psg-marque-son-territoire-a-barcelone-1759357338\" rel=\"nofollow noopener\">vainqueurs \u00e0 Barcelone<\/a> (2-1) mercredi en Ligue des champions\u00a0: Senny Mayulu, Quentin Ndjantou et Ibrahim Mbaye. Mais le niveau affich\u00e9 par ce Paris-l\u00e0, du moins durant la premi\u00e8re p\u00e9riode, \u00e9tait bien loin de celui qui lui a permis de signer un superbe succ\u00e8s en Catalogne.<\/p>\n<p>\u00c0 part un rat\u00e9 de Bradley Barcola, parti seul d\u00e9fier Berke \u00d6zer (43e), les joueurs de Luis Enrique n\u2019ont pas propos\u00e9 grand-chose, malgr\u00e9 une possession, sans surprises, favorable (66\u00a0%), durant le premier acte.<\/p>\n<p>Nuno Mendes d\u00e9bloque la rencontre<\/p>\n<p>Le Losc a m\u00eame donn\u00e9 l\u2019impression de pouvoir faire douter le champion d\u2019Europe, par son ailier supersonique Matias Fernandez-Pardo, qui a n\u00e9anmoins manqu\u00e9 de lucidit\u00e9 ou de justesse.<\/p>\n<p>La rencontre s\u2019est emball\u00e9e d\u00e8s le retour des vestiaires, comme souvent entre deux clubs soumis \u00e0 la cadence infernale de l\u2019encha\u00eenement championnat-coupe d\u2019Europe. Olivier Giroud a alors manqu\u00e9 de peu un retourn\u00e9 acrobatique (47e), avant que Lee Kang-in (48e) puis Bradley Barcola (56e) n\u2019obligent Berke \u00d6zer \u00e0 s\u2019interposer.<\/p>\n<p>Mais un autre match a commenc\u00e9 \u00e0 la 58e minute de jeu, quand Luis Enrique a abattu trois de ses meilleurs atouts\u00a0: Vitinha, Achraf Hakimi et Nuno Mendes. Huit minutes plus tard, le lat\u00e9ral gauche portugais a jet\u00e9 le froid dans les trav\u00e9es de Pierre-Mauroy en trouvant la lucarne gauche des cages lilloises d\u2019un coup franc \u00e0 25 m\u00e8tres (0-1, 66e).<\/p>\n<p>Ethan Mbapp\u00e9, sauveur inattendu<\/p>\n<p>Grand artisan de la victoire face au Bar\u00e7a, Mendes\u00a0a rev\u00eatu sa cape de h\u00e9ros parisien, une fois de plus. Mais un autre joueur lui a subtilis\u00e9\u00a0: Ethan Mbapp\u00e9, lui aussi sorti du banc (81e), qui est rapidement parvenu \u00e0 \u00e9galiser d\u2019une frappe du pied gauche entre les jambes de Lucas Beraldo (1-1, 85e).<\/p>\n<p>Le tout sous les yeux de son fr\u00e8re Kylian, qui a laiss\u00e9 \u00e9clater sa joie dans les tribunes apr\u00e8s ce but, c\u00e9l\u00e9br\u00e9 \u00e0 la mani\u00e8re du capitaine de l\u2019\u00e9quipe de France et ancienne gloire parisienne.<\/p>\n<p>Le match paraissait alors pouvoir basculer des deux c\u00f4t\u00e9s, mais s\u2019est finalement conclu par un match nul logique au vu du contenu. Sans toutes ses vedettes laiss\u00e9es un peu au repos ou absentes compl\u00e8tement comme Ousmane Demb\u00e9l\u00e9, D\u00e9sir\u00e9 Dou\u00e9, Khvicha Kvaratskhelia, Jo\u00e3o Neves, Fabi\u00e1n Ruiz et Marquinhos, Paris n\u2019a pas tant de marge que cela.<\/p>\n<p><strong>Mi-temps\u00a0:<\/strong> 0-0.<br \/><strong>Buts\u00a0:<\/strong> pour Lille, E.\u00a0Mbapp\u00e9 (85e)\u00a0; pour le Paris\u00a0SG, N.\u00a0Mendes (66e).<br \/><strong>Avertissements\u00a0:<\/strong> \u00e0 Lille, B.\u00a0Andr\u00e9 (88e)\u00a0; au Paris\u00a0SG, L.\u00a0Hernandez (45e +\u00a01).<\/p>\n","protected":false},"excerpt":{"rendered":"Lille\u00a0&#8211; Paris\u00a0SG\u00a0: 1-1 Au regard du onze titulaire du club de la capitale, il semblait bon de l\u2019affronter&hellip;\n","protected":false},"author":2,"featured_media":441550,"comment_status":"","ping_status":"","sticky":false,"template":"","format":"standard","meta":{"footnotes":""},"categories":[2815],"tags":[1111,11,1777,674,63,1011,27,811,66,1307,12,25,60],"class_list":{"0":"post-441549","1":"post","2":"type-post","3":"status-publish","4":"format-standard","5":"has-post-thumbnail","7":"category-lille","8":"tag-actu","9":"tag-actualites","10":"tag-eu","11":"tag-europe","12":"tag-football","13":"tag-fr","14":"tag-france","15":"tag-hauts-de-france","16":"tag-ligue-1","17":"tag-lille","18":"tag-news","19":"tag-republique-francaise","20":"tag-sports"},"share_on_mastodon":{"url":"https:\/\/pubeurope.com\/@fr\/115323690332127165","error":""},"_links":{"self":[{"href":"https:\/\/www.europesays.com\/fr\/wp-json\/wp\/v2\/posts\/441549","targetHints":{"allow":["GET"]}}],"collection":[{"href":"https:\/\/www.europesays.com\/fr\/wp-json\/wp\/v2\/posts"}],"about":[{"href":"https:\/\/www.europesays.com\/fr\/wp-json\/wp\/v2\/types\/post"}],"author":[{"embeddable":true,"href":"https:\/\/www.europesays.com\/fr\/wp-json\/wp\/v2\/users\/2"}],"replies":[{"embeddable":true,"href":"https:\/\/www.europesays.com\/fr\/wp-json\/wp\/v2\/comments?post=441549"}],"version-history":[{"count":0,"href":"https:\/\/www.europesays.com\/fr\/wp-json\/wp\/v2\/posts\/441549\/revisions"}],"wp:featuredmedia":[{"embeddable":true,"href":"https:\/\/www.europesays.com\/fr\/wp-json\/wp\/v2\/media\/441550"}],"wp:attachment":[{"href":"https:\/\/www.europesays.com\/fr\/wp-json\/wp\/v2\/media?parent=441549"}],"wp:term":[{"taxonomy":"category","embeddable":true,"href":"https:\/\/www.europesays.com\/fr\/wp-json\/wp\/v2\/categories?post=441549"},{"taxonomy":"post_tag","embeddable":true,"href":"https:\/\/www.europesays.com\/fr\/wp-json\/wp\/v2\/tags?post=441549"}],"curies":[{"name":"wp","href":"https:\/\/api.w.org\/{rel}","templated":true}]}}