{"id":441553,"date":"2025-10-05T21:31:28","date_gmt":"2025-10-05T21:31:28","guid":{"rendered":"https:\/\/www.europesays.com\/fr\/441553\/"},"modified":"2025-10-05T21:31:28","modified_gmt":"2025-10-05T21:31:28","slug":"previsions-du-dimanche-5-octobre-2025-15","status":"publish","type":"post","link":"https:\/\/www.europesays.com\/fr\/441553\/","title":{"rendered":"pr\u00e9visions du dimanche 5 octobre 2025"},"content":{"rendered":"<p class=\"mb-4 text-lg md:leading-8 break-words\"><strong>M\u00e9t\u00e9o &#8211; Aujourd&rsquo;hui, les Marseillais vont pouvoir b\u00e9n\u00e9ficier d&rsquo;un soleil radieux. Les temp\u00e9ratures seront de 15\u00b0C le matin et de 18\u00b0C l&rsquo;apr\u00e8s-midi&#8230;<\/strong><\/p>\n<p class=\"mb-4 text-lg md:leading-8 break-words\">Marseille va vivre une splendide journ\u00e9e tr\u00e8s ensoleill\u00e9e. Il fera 17\u00b0C en moyenne. Un vent de nord-ouest soufflera \u00e0 51 km\/h. Les valeurs avoisineront les 15\u00b0C au cours de la matin\u00e9e. Un vent de nord-ouest soufflera \u00e0 55 km\/h. Les temp\u00e9ratures s&rsquo;\u00e9chelonneront entre 17 et 19\u00b0C l&rsquo;apr\u00e8s-midi. Le soir, le vent va peu \u00e0 peu chasser la grisaille. Il va faire en moyenne 15\u00b0C. Un vent de nord-ouest soufflera \u00e0 48 km\/h. Un ciel d\u00e9pourvu de nuages est \u00e0 pr\u00e9voir dans la nuit reliant dimanche et lundi.<\/p>\n<p class=\"mb-4 text-lg md:leading-8 break-words\">Demain, un grand soleil brillera sur Marseille. Une chute du mercure est \u00e0 pr\u00e9voir. Les valeurs afficheront entre 12 et 20\u00b0C. Un vent de nord-ouest rafra\u00eechira l\u00e9g\u00e8rement l&rsquo;atmosph\u00e8re. Les temp\u00e9ratures seront comprises entre 12 et 18\u00b0C pendant la matin\u00e9e. Un temps plus chaud est pr\u00e9vu demain apr\u00e8s-midi puisque les temp\u00e9ratures vont conna\u00eetre une l\u00e9g\u00e8re augmentation. Les valeurs seront de 19\u00b0C au minimum et de 20\u00b0C au plus haut. Des \u00e9claircies appara\u00eetront dans la soir\u00e9e. On pr\u00e9voit des temp\u00e9ratures avoisinant 18\u00b0C.<\/p>\n<p class=\"mb-4 text-lg md:leading-8 break-words\">Peu d&rsquo;\u00e9volutions au fil des jours. On anticipe des journ\u00e9es ensoleill\u00e9es, avec des temp\u00e9ratures dans les 18\u00b0C en moyenne.<\/p>\n<p class=\"mb-4 text-lg md:leading-8 break-words\"><a href=\"https:\/\/www.20minutes.fr\/planete\/previsions-meteo\/4177188-20251005-meteo-marseille-previsions-dimanche-5-octobre-2025?at_medium=RSS%20feed&amp;at_campaign=ynews&amp;utm_source=yahoo&amp;utm_medium=rss&amp;utm_campaign=news_feed&amp;utm_content=read_more_link&quot;\" rel=\"nofollow noopener\" target=\"_blank\" data-ylk=\"slk:Lire la suite sur 20minutes;elm:context_link;itc:0;sec:content-canvas\" class=\"link \">Lire la suite sur 20minutes<\/a><\/p>\n","protected":false},"excerpt":{"rendered":"M\u00e9t\u00e9o &#8211; Aujourd&rsquo;hui, les Marseillais vont pouvoir b\u00e9n\u00e9ficier d&rsquo;un soleil radieux. Les temp\u00e9ratures seront de 15\u00b0C le matin&hellip;\n","protected":false},"author":2,"featured_media":441554,"comment_status":"","ping_status":"","sticky":false,"template":"","format":"standard","meta":{"footnotes":""},"categories":[2814],"tags":[1111,11,1777,674,1011,27,51394,884,2487,12,882,25,56804],"class_list":{"0":"post-441553","1":"post","2":"type-post","3":"status-publish","4":"format-standard","5":"has-post-thumbnail","7":"category-marseille","8":"tag-actu","9":"tag-actualites","10":"tag-eu","11":"tag-europe","12":"tag-fr","13":"tag-france","14":"tag-la-matinee","15":"tag-marseille","16":"tag-meteo","17":"tag-news","18":"tag-provence-alpes-cote-dazur","19":"tag-republique-francaise","20":"tag-soleil-radieux"},"share_on_mastodon":{"url":"https:\/\/pubeurope.com\/@fr\/115323698167851545","error":""},"_links":{"self":[{"href":"https:\/\/www.europesays.com\/fr\/wp-json\/wp\/v2\/posts\/441553","targetHints":{"allow":["GET"]}}],"collection":[{"href":"https:\/\/www.europesays.com\/fr\/wp-json\/wp\/v2\/posts"}],"about":[{"href":"https:\/\/www.europesays.com\/fr\/wp-json\/wp\/v2\/types\/post"}],"author":[{"embeddable":true,"href":"https:\/\/www.europesays.com\/fr\/wp-json\/wp\/v2\/users\/2"}],"replies":[{"embeddable":true,"href":"https:\/\/www.europesays.com\/fr\/wp-json\/wp\/v2\/comments?post=441553"}],"version-history":[{"count":0,"href":"https:\/\/www.europesays.com\/fr\/wp-json\/wp\/v2\/posts\/441553\/revisions"}],"wp:featuredmedia":[{"embeddable":true,"href":"https:\/\/www.europesays.com\/fr\/wp-json\/wp\/v2\/media\/441554"}],"wp:attachment":[{"href":"https:\/\/www.europesays.com\/fr\/wp-json\/wp\/v2\/media?parent=441553"}],"wp:term":[{"taxonomy":"category","embeddable":true,"href":"https:\/\/www.europesays.com\/fr\/wp-json\/wp\/v2\/categories?post=441553"},{"taxonomy":"post_tag","embeddable":true,"href":"https:\/\/www.europesays.com\/fr\/wp-json\/wp\/v2\/tags?post=441553"}],"curies":[{"name":"wp","href":"https:\/\/api.w.org\/{rel}","templated":true}]}}