{"id":441557,"date":"2025-10-05T21:33:16","date_gmt":"2025-10-05T21:33:16","guid":{"rendered":"https:\/\/www.europesays.com\/fr\/441557\/"},"modified":"2025-10-05T21:33:16","modified_gmt":"2025-10-05T21:33:16","slug":"lille-accroche-le-psg-monaco-en-echec-lyon-battu-les-bonnes-affaires-olympiennes-apres-la-7e-journee","status":"publish","type":"post","link":"https:\/\/www.europesays.com\/fr\/441557\/","title":{"rendered":"Lille accroche le PSG, Monaco en \u00e9chec, Lyon battu\u2026 Les bonnes affaires olympiennes apr\u00e8s la 7e journ\u00e9e"},"content":{"rendered":"<p><a href=\"https:\/\/www.laprovence.com\/article\/om\/5834575634075214\/lyon-om-1-0-une-nouvelle-defaite-qui-marque-tres-mal-pour-les-olympiens\" target=\"_blank\" rel=\"nofollow noopener\">Dimanche 31\u00a0ao\u00fbt dernier, au soir de la 3e journ\u00e9e et juste apr\u00e8s la d\u00e9faite sur le gong \u00e0 Lyon (1-0),<\/a> les hommes de Roberto De Zerbi pointaient \u00e0 une triste 10e place, \u00e0 l&rsquo;image d&rsquo;un bilan bien terne (deux d\u00e9faites, une victoire). Mais un peu plus d&rsquo;un mois plus tard, alors qu&rsquo;une nouvelle tr\u00eave internationale va priver les supporters marseillais de leur \u00e9quipe f\u00e9tiche, la remont\u00e9e est spectaculaire. Ce matin, l&rsquo;OM est d\u00e9sormais 2e, juste derri\u00e8re le PSG, et a encha\u00een\u00e9 quatre succ\u00e8s de rang en championnat. S&rsquo;ils doivent ce redressement en grande partie \u00e0 eux-m\u00eames, les Olympiens peuvent \u00e9galement remercier leurs concurrents directs qui ont perdu quelques points en cours de route, et la journ\u00e9e d&rsquo;hier, en cl\u00f4ture de la 7e lev\u00e9e de Ligue, 1 n&rsquo;y a pas fait exception.<\/p>\n<p>Lyon pi\u00e9g\u00e9 par Toulouse<\/p>\n<p>Un doubl\u00e9 du Br\u00e9silien Emersonn a permis \u00e0 Toulouse de s&rsquo;imposer 2-1 en toute fin de match au Groupama stadium aux d\u00e9pens de Lyon, puni de ne pas avoir \u00e9t\u00e9 assez percutant, apr\u00e8s avoir men\u00e9 jusqu&rsquo;\u00e0 la 87e minute. C&rsquo;est la deuxi\u00e8me d\u00e9faite cette saison de l&rsquo;OL, qui reste malgr\u00e9 tout aux premi\u00e8res loges du classement (4) \u00e0 \u00e9galit\u00e9 de points (15) avec Marseille et Strasbourg. Entr\u00e9 \u00e0 la 71e minute, Emersonn a dans un premier temps remis les deux \u00e9quipes \u00e0 \u00e9galit\u00e9 avec un tir contr\u00e9 par Clinton Mata qui a lob\u00e9 le gardien Dominik Greif (87) pour le premier but conc\u00e9d\u00e9 par l&rsquo;OL cette saison \u00e0 onze contre onze.<\/p>\n<p>Dans les derniers instants, le Br\u00e9silien a saut\u00e9 plus haut que tout le monde pour reprendre un corner jou\u00e9 de la gauche par Vossah (90 +\u00a06) et offrir la victoire \u00e0 son \u00e9quipe. Le Belge Malick Fofana avait pourtant donn\u00e9 l&rsquo;avantage \u00e0 l&rsquo;Olympique lyonnais en reprenant un centre d\u00e9livr\u00e9 par l&rsquo;Uruguayen Martin Satriano \u00e0 la conclusion d&rsquo;une action collective d\u00e9but\u00e9e dans le camp rhodanien (24).<\/p>\n<p>Monaco n&rsquo;avance plus<\/p>\n<p>Monaco n&rsquo;est pas parvenu \u00e0 battre Nice (2-2) au Stade Louis-II. Avec 13 points en sept journ\u00e9es, Monaco, qui avait perdu \u00e0 Lorient (3-1) la semaine derni\u00e8re, voit ses concurrents directs lui passer devant au classement. Pourtant, dans ce derby azur\u00e9en, l&rsquo;\u00e9quipe de la Principaut\u00e9 a \u00e9volu\u00e9 en sup\u00e9riorit\u00e9 num\u00e9rique durant une bonne heure, apr\u00e8s l&rsquo;exclusion d&rsquo;Ali Abdi (34).<\/p>\n<p>Mais si Adi H\u00fctter a multipli\u00e9 les attaquants, son \u00e9quipe n&rsquo;a marqu\u00e9 que sur deux penalties, inscrits par Ansu Fati (45+\u00a05, 56), d\u00e9sormais auteur de six buts en cinq matches avec Monaco. De son c\u00f4t\u00e9, Nice a r\u00e9ussi \u00e0 tenir malgr\u00e9 de nombreux vents contraires et avait bien d\u00e9marr\u00e9 la rencontre gr\u00e2ce \u00e0 Diop (1-0, 29). Les Aiglons ont m\u00eame doubl\u00e9 la mise rapidement sur penalty (40) \u00e0 nouveau transform\u00e9 par Diop (42). Mais Monaco a fini par se r\u00e9veiller pour \u00e9galiser.<\/p>\n<p>Le PSG crucifi\u00e9 par&#8230; Mbapp\u00e9<\/p>\n<p>Kylian Mbapp\u00e9 a beaucoup souri hier dans les tribunes du stade Pierre-Mauroy o\u00f9 il \u00e9tait pr\u00e9sent pour assister \u00e0 la rencontre entre Lille et le PSG. <a href=\"https:\/\/www.laprovence.com\/article\/om\/1013573374018714\/video-real-om-mbappe-nouveau-roi-de-madrid-et-bourreau-habituel-des-olympiens\" target=\"_blank\" rel=\"nofollow noopener\">Mais l&rsquo;attaquant du Real Madrid<\/a> n&rsquo;a pas explos\u00e9 de joie sur l&rsquo;ouverture du score de son ancien co\u00e9quipier en club Nuno Mendes, auteur d&rsquo;un sublime coup franc (66), mais bien sur l&rsquo;\u00e9galisation lilloise en toute fin de partie.<\/p>\n<p>Et pour cause, l&rsquo;auteur de la r\u00e9alisation n&rsquo;\u00e9tait autre que&#8230; son petit fr\u00e8re Ethan (85), ancien Parisien \u00e9galement, qui a jou\u00e9 un vilain tour au club de la capitale. Accroch\u00e9 dans le Nord (1-1), le PSG garde malgr\u00e9 tout la t\u00eate de la Ligue 1 pour un petit point devant l&rsquo;OM, Strasbourg et Lyon. De quoi faire r\u00eaver plus d&rsquo;un supporter du c\u00f4t\u00e9 de Marseille ce matin. Un sc\u00e9nario sur lequel peu d&rsquo;entre eux auraient pari\u00e9 il y a un mois.<\/p>\n","protected":false},"excerpt":{"rendered":"Dimanche 31\u00a0ao\u00fbt dernier, au soir de la 3e journ\u00e9e et juste apr\u00e8s la d\u00e9faite sur le gong \u00e0&hellip;\n","protected":false},"author":2,"featured_media":441558,"comment_status":"","ping_status":"","sticky":false,"template":"","format":"standard","meta":{"footnotes":""},"categories":[1889],"tags":[17,13372,1111,11,2430,12329,1777,674,1011,27,1307,2428,3127,12,149,93,25],"class_list":{"0":"post-441557","1":"post","2":"type-post","3":"status-publish","4":"format-standard","5":"has-post-thumbnail","7":"category-lyon","8":"tag-17","9":"tag-accroche","10":"tag-actu","11":"tag-actualites","12":"tag-auvergne-rhone-alpes","13":"tag-echec","14":"tag-eu","15":"tag-europe","16":"tag-fr","17":"tag-france","18":"tag-lille","19":"tag-lyon","20":"tag-monaco","21":"tag-news","22":"tag-om","23":"tag-psg","24":"tag-republique-francaise"},"share_on_mastodon":{"url":"https:\/\/pubeurope.com\/@fr\/115323705932827685","error":""},"_links":{"self":[{"href":"https:\/\/www.europesays.com\/fr\/wp-json\/wp\/v2\/posts\/441557","targetHints":{"allow":["GET"]}}],"collection":[{"href":"https:\/\/www.europesays.com\/fr\/wp-json\/wp\/v2\/posts"}],"about":[{"href":"https:\/\/www.europesays.com\/fr\/wp-json\/wp\/v2\/types\/post"}],"author":[{"embeddable":true,"href":"https:\/\/www.europesays.com\/fr\/wp-json\/wp\/v2\/users\/2"}],"replies":[{"embeddable":true,"href":"https:\/\/www.europesays.com\/fr\/wp-json\/wp\/v2\/comments?post=441557"}],"version-history":[{"count":0,"href":"https:\/\/www.europesays.com\/fr\/wp-json\/wp\/v2\/posts\/441557\/revisions"}],"wp:featuredmedia":[{"embeddable":true,"href":"https:\/\/www.europesays.com\/fr\/wp-json\/wp\/v2\/media\/441558"}],"wp:attachment":[{"href":"https:\/\/www.europesays.com\/fr\/wp-json\/wp\/v2\/media?parent=441557"}],"wp:term":[{"taxonomy":"category","embeddable":true,"href":"https:\/\/www.europesays.com\/fr\/wp-json\/wp\/v2\/categories?post=441557"},{"taxonomy":"post_tag","embeddable":true,"href":"https:\/\/www.europesays.com\/fr\/wp-json\/wp\/v2\/tags?post=441557"}],"curies":[{"name":"wp","href":"https:\/\/api.w.org\/{rel}","templated":true}]}}