{"id":441561,"date":"2025-10-05T21:38:16","date_gmt":"2025-10-05T21:38:16","guid":{"rendered":"https:\/\/www.europesays.com\/fr\/441561\/"},"modified":"2025-10-05T21:38:16","modified_gmt":"2025-10-05T21:38:16","slug":"cest-historique-sur-les-champs-elysees-des-centaines-de-chiens-defilent-pour-la-marche-des-animaux","status":"publish","type":"post","link":"https:\/\/www.europesays.com\/fr\/441561\/","title":{"rendered":"\u00ab\u00a0C\u2019est historique\u00a0\u00bb\u00a0: sur les Champs-\u00c9lys\u00e9es, des centaines de chiens d\u00e9filent pour la marche des animaux"},"content":{"rendered":"<p class=\"paragraph text_align_left lp-f-body-02\">Des flashs qui cr\u00e9pitent et des mod\u00e8les qui prennent la pose plus ou moins patiemment. Il y aurait presque un air de Fashion Week sur les Champs-\u00c9lys\u00e9es, ce dimanche apr\u00e8s-midi. Sauf que les stars du jour\u2026 ont quatre pattes et des poils.<\/p>\n<p class=\"paragraph text_align_left lp-f-body-02\">Foulards en soie nou\u00e9s autour du cou, Tuski, 5 ans et Tara, 4 ans, posent fi\u00e8rement au beau milieu de l\u2019avenue. Leurs boucles ch\u00e2tains soigneusement dompt\u00e9es avec des \u00e9lastiques assortis au tissu. Tout un attroupement s\u2019est form\u00e9 autour des deux caniches g\u00e9ants. \u00ab J\u2019ai jamais vu des chiens comme \u00e7a, ils sont magnifiques \u00bb, s\u2019\u00e9merveille l\u2019un des curieux.<\/p>\n<p>\u00ab Faire un \u00e9v\u00e9nement consensuel \u00bb<\/p>\n<p class=\"paragraph text_align_left lp-f-body-02\">Lateefa, leur ma\u00eetresse, le confie dans un sourire : elle veille \u00e0 ce qu\u2019ils soient \u00ab toujours \u00e0 la mode \u00bb. Cette habitante du XVIe &#8211; silhouette longiligne et longs cheveux bruns &#8211; a plut\u00f4t l\u2019habitude de les emmener parader au bois de Boulogne.<\/p>\n<p class=\"paragraph text_align_left lp-f-body-02\">Mais la quadrag\u00e9naire tenait, ce dimanche, \u00e0 participer \u00e0 <a href=\"https:\/\/www.leparisien.fr\/paris-75\/paris-pourquoi-plus-de-200-chiens-vont-defiler-sur-les-champs-elysees-ce-dimanche-03-10-2025-SO6Y2VYEZJE3ZJUT4LRTANILMA.php\" target=\"_self\" rel=\"nofollow noopener\">la toute premi\u00e8re marche des animaux de Paris<\/a>. Comme elle, des centaines d\u2019autres promeneurs sont venus d\u00e9ambuler sur l\u2019avenue enti\u00e8rement pi\u00e9tonnis\u00e9e &#8211; comme c\u2019est le cas une fois par mois &#8211; avec leur chien mais aussi leur chat. \u00ab C\u2019est g\u00e9nial de pouvoir \u00e9changer avec plein d\u2019autres propri\u00e9taires \u00bb, s\u2019enthousiasme Lateefa.<\/p>\n<p class=\"paragraph text_align_left lp-f-body-02\">\u00c0 l\u2019initiative de ce d\u00e9fil\u00e9 gratuit, l\u2019ex-journaliste et \u00e9crivain Henry-Jean Servat. En 2022, celui qui est \u00e9galement conseiller municipal \u00e0 Nice (encart\u00e9 au parti animaliste) avait eu l\u2019id\u00e9e de lancer une premi\u00e8re marche des animaux sur la promenade des Anglais. Pr\u00e8s de 500 chiens, des \u00e2nes, des chevaux et m\u00eame des lamas avaient d\u00e9ambul\u00e9 le long de la mer. Un rassemblement qui a depuis lieu chaque ann\u00e9e.<\/p>\n<p><img decoding=\"async\" class=\"image \" loading=\"lazy\" src=\"https:\/\/www.europesays.com\/fr\/wp-content\/uploads\/2025\/10\/BJMNHJXBCRDABOO37DAXGN6V5U.jpg\" alt=\"Des centaines de chiens ont d\u00e9fil\u00e9 sur les Champ-Elys\u00e9es pour la premi\u00e8re marche des animaux.\" align=\"\" data-rubrique-principale=\"\" data-article-type=\"\" fetchpriority=\"auto\"\/>Des centaines de chiens ont d\u00e9fil\u00e9 sur les Champ-Elys\u00e9es pour la premi\u00e8re marche des animaux.<\/p>\n<p class=\"paragraph text_align_left lp-f-body-02\">Transposer le concept au pied de l\u2019Arc de triomphe ? Cet amoureux des b\u00eates en r\u00eavait. \u00ab Les Champs-\u00c9lys\u00e9es, pour moi, c\u2019est de Gaulle qui les remonte pour la Lib\u00e9ration, c\u2019est l\u2019honneur de la France, mart\u00e8le le septuag\u00e9naire. Faire en sorte que les animaux y tiennent le haut du pav\u00e9 pendant une journ\u00e9e, c\u2019est vraiment une premi\u00e8re historique. \u00bb<\/p>\n<p class=\"paragraph text_align_left lp-f-body-02\">Une histoire qui aurait pourtant failli ne pas s\u2019\u00e9crire. \u00ab Ce matin encore, cette manifestation \u00e9tait interdite, soupire Henry-Jean Servat. La pr\u00e9fecture de police craignait des d\u00e9bordements. Ils ne savaient pas \u00e0 quoi s\u2019attendre. \u00bb<\/p>\n<p class=\"paragraph text_align_left lp-f-body-02\">Le d\u00e9fil\u00e9 s\u2019est finalement fait sans la sono et l\u2019estrade, qui \u00e9taient initialement pr\u00e9vues pour les discours. Qu\u2019importe. L\u2019organisateur ne voulait de toute fa\u00e7on surtout pas d\u2019une \u00ab marche revendicative \u00bb avec panneaux ou slogans. \u00ab Je suis v\u00e9g\u00e9tarien, contre la corrida ou les combats de coqs, liste l\u2019\u00e9crivain. Mais l\u2019id\u00e9e, c\u2019\u00e9tait vraiment de c\u00e9l\u00e9brer les animaux et de faire un \u00e9v\u00e9nement consensuel. \u00bb<\/p>\n<p>\u00ab Il faut d\u00e9velopper des espaces appropri\u00e9s pour les chiens \u00bb<\/p>\n<p class=\"paragraph text_align_left lp-f-body-02\">Nabil aurait pourtant aim\u00e9 que la journ\u00e9e ait une port\u00e9e plus politique. \u00ab Les Champs, on s\u2019en fiche, s\u2019agace cet habitant de l\u2019avenue, qui y prom\u00e8ne quotidiennement sa chienne. Ce qui aurait eu du sens, c\u2019est d\u2019organiser \u00e7a aux Tuileries ou dans un autre parc parisien, o\u00f9 les chiens sont interdits. \u00bb<\/p>\n<p class=\"paragraph text_align_left lp-f-body-02\">Une cause que le quadrag\u00e9naire d\u00e9fend au sein d\u2019un collectif de riverains qui rassemble \u00ab 400 propri\u00e9taires de chiens \u00bb. \u00ab Il faut vraiment d\u00e9velopper des espaces appropri\u00e9s pour eux \u00bb, mart\u00e8le-t-il.<\/p>\n<p class=\"paragraph text_align_left lp-f-body-02\">\u00c0 ses c\u00f4t\u00e9s, Chrisland Bellivier, \u00e9ducateur canin \u00e0 Levallois-Perret (Hauts-de-Seine), nuance : \u00ab Cet \u00e9v\u00e9nement permet quand m\u00eame de montrer que les chiens ont aussi leur place en ville. \u00bb Gilet orange sur le dos, ce professionnel fait partie des \u00e9ducateurs canins et des v\u00e9t\u00e9rinaires qui encadrent la marche. Un service de s\u00e9curit\u00e9 sp\u00e9cial compagnons \u00e0 quatre pattes.<\/p>\n<p class=\"paragraph text_align_left lp-f-body-02\">\u00ab On a d\u00fb g\u00e9rer quelques altercations entre chiens, r\u00e9sume Chrisland Bellivier. Mais dans l\u2019ensemble, \u00e7a se passe tr\u00e8s bien. \u00bb Une manifestation qu\u2019Henry-Jean Servat esp\u00e8re bien pouvoir reconduire chaque ann\u00e9e sur les Champs\u2026 et, pourquoi pas, \u00ab dans toutes les villes de France \u00bb.<\/p>\n","protected":false},"excerpt":{"rendered":"Des flashs qui cr\u00e9pitent et des mod\u00e8les qui prennent la pose plus ou moins patiemment. Il y aurait&hellip;\n","protected":false},"author":2,"featured_media":441562,"comment_status":"","ping_status":"","sticky":false,"template":"","format":"standard","meta":{"footnotes":""},"categories":[1888],"tags":[1111,1928,11,1927,1777,674,1011,27,1944,12,1926,626,1925,25,104],"class_list":{"0":"post-441561","1":"post","2":"type-post","3":"status-publish","4":"format-standard","5":"has-post-thumbnail","7":"category-paris","8":"tag-actu","9":"tag-actu-paris","10":"tag-actualites","11":"tag-actualites-paris","12":"tag-eu","13":"tag-europe","14":"tag-fr","15":"tag-france","16":"tag-ma-ville","17":"tag-news","18":"tag-news-paris","19":"tag-paris","20":"tag-paris-news","21":"tag-republique-francaise","22":"tag-societe"},"share_on_mastodon":{"url":"https:\/\/pubeurope.com\/@fr\/115323725734446744","error":""},"_links":{"self":[{"href":"https:\/\/www.europesays.com\/fr\/wp-json\/wp\/v2\/posts\/441561","targetHints":{"allow":["GET"]}}],"collection":[{"href":"https:\/\/www.europesays.com\/fr\/wp-json\/wp\/v2\/posts"}],"about":[{"href":"https:\/\/www.europesays.com\/fr\/wp-json\/wp\/v2\/types\/post"}],"author":[{"embeddable":true,"href":"https:\/\/www.europesays.com\/fr\/wp-json\/wp\/v2\/users\/2"}],"replies":[{"embeddable":true,"href":"https:\/\/www.europesays.com\/fr\/wp-json\/wp\/v2\/comments?post=441561"}],"version-history":[{"count":0,"href":"https:\/\/www.europesays.com\/fr\/wp-json\/wp\/v2\/posts\/441561\/revisions"}],"wp:featuredmedia":[{"embeddable":true,"href":"https:\/\/www.europesays.com\/fr\/wp-json\/wp\/v2\/media\/441562"}],"wp:attachment":[{"href":"https:\/\/www.europesays.com\/fr\/wp-json\/wp\/v2\/media?parent=441561"}],"wp:term":[{"taxonomy":"category","embeddable":true,"href":"https:\/\/www.europesays.com\/fr\/wp-json\/wp\/v2\/categories?post=441561"},{"taxonomy":"post_tag","embeddable":true,"href":"https:\/\/www.europesays.com\/fr\/wp-json\/wp\/v2\/tags?post=441561"}],"curies":[{"name":"wp","href":"https:\/\/api.w.org\/{rel}","templated":true}]}}