{"id":441565,"date":"2025-10-05T21:40:13","date_gmt":"2025-10-05T21:40:13","guid":{"rendered":"https:\/\/www.europesays.com\/fr\/441565\/"},"modified":"2025-10-05T21:40:13","modified_gmt":"2025-10-05T21:40:13","slug":"paris-connerre-5-octobre-2025-classement","status":"publish","type":"post","link":"https:\/\/www.europesays.com\/fr\/441565\/","title":{"rendered":"Paris-Connerr\u00e9 5 octobre 2025 classement"},"content":{"rendered":"<p>&#13;<br \/>\n&#13;<\/p>\n<p>actu33835.<\/p>\n<p>&#13;<br \/>\n<img decoding=\"async\" loading=\"lazy\" src=\"https:\/\/www.europesays.com\/fr\/wp-content\/uploads\/2025\/10\/72_route_sarthe_hidephotojpg.jpg\" alt=\"72 Route Sarthe hidephoto.JPG\"\/>&#13;<br \/>\n&#13;<\/p>\n<p>Classement de la 55\u00e8me \u00e9dition de Paris-Connerr\u00e9, course cycliste Elite Nationale organis\u00e9e par Paris-Connerr\u00e9 Organisation le dimanche 5 octobre 2025. Le d\u00e9part sera donn\u00e9 \u00e0 \u00c9manc\u00e9 dans les Yvelines (78). Il y avait une course d\u2019attente \u00e0 Connerr\u00e9 (72), Prix Narcisse H\u00e9riveau, pour les open 2.3 et access.<\/p>\n<p>&#13;<br \/>\n&#13;<\/p>\n<p>\tCLASSEMENT<\/p>\n<tr>\n<td style=\"height:14px;\">\n<p>1<\/p>\n<\/td>\n<td style=\"height:14px;\">\n<p>RIOU ALAN<\/p>\n<\/td>\n<td style=\"height:14px;\">\n<p>TEAM COTE DE GRANIT ROSE<\/p>\n<\/td>\n<td style=\"height:14px;\">\n<p>ELITE PRO<\/p>\n<\/td>\n<\/tr>\n<tr>\n<td style=\"height:14px;\">\n<p>2<\/p>\n<\/td>\n<td style=\"height:14px;\">\n<p>THEOT HUGO<\/p>\n<\/td>\n<td style=\"height:14px;\">\n<p>PARIS CYCLISTE OLYMPIQUE<\/p>\n<\/td>\n<td style=\"height:14px;\">\n<p>ELITE<\/p>\n<\/td>\n<\/tr>\n<tr>\n<td style=\"height:15px;\">\n<p>3<\/p>\n<\/td>\n<td style=\"height:15px;\">\n<p>LE GUEVEL ALEXIS<\/p>\n<\/td>\n<td style=\"height:15px;\">\n<p>TEAM SPORTBREIZH<\/p>\n<\/td>\n<td style=\"height:15px;\">\n<p>ELITE<\/p>\n<\/td>\n<\/tr>\n<tr>\n<td style=\"height:15px;\">\n<p>4<\/p>\n<\/td>\n<td style=\"height:15px;\">\n<p>ADAM GUILLAUME<\/p>\n<\/td>\n<td style=\"height:15px;\">\n<p>VC ROUEN 76<\/p>\n<\/td>\n<td style=\"height:15px;\">\n<p>ELITE<\/p>\n<\/td>\n<\/tr>\n<tr>\n<td style=\"height:15px;\">\n<p>5<\/p>\n<\/td>\n<td style=\"height:15px;\">\n<p>ZAHEM MA\u00cbL<\/p>\n<\/td>\n<td style=\"height:15px;\">\n<p>PARIS CYCLISTE OLYMPIQUE<\/p>\n<\/td>\n<td style=\"height:15px;\">\n<p>ELITE<\/p>\n<\/td>\n<\/tr>\n<tr>\n<td style=\"height:15px;\">\n<p>6<\/p>\n<\/td>\n<td style=\"height:15px;\">\n<p>HERBRETEAU\u00a0 VICTOR<\/p>\n<\/td>\n<td style=\"height:15px;\">\n<p>UNION CYCLISTE CHOLET 49<\/p>\n<\/td>\n<td style=\"height:15px;\">\n<p>OPEN<\/p>\n<\/td>\n<\/tr>\n<tr>\n<td style=\"height:15px;\">\n<p>7<\/p>\n<\/td>\n<td style=\"height:15px;\">\n<p>HARTLEY JAMES<\/p>\n<\/td>\n<td style=\"height:15px;\">\n<p>TEAM BRICQUEBEC COTENTIN<\/p>\n<\/td>\n<td style=\"height:15px;\">\n<p>ELITE<\/p>\n<\/td>\n<\/tr>\n<tr>\n<td style=\"height:15px;\">\n<p>8<\/p>\n<\/td>\n<td style=\"height:15px;\">\n<p>SAVER KASPER<\/p>\n<\/td>\n<td style=\"height:15px;\">\n<p>TEAM BRICQUEBEC COTENTIN<\/p>\n<\/td>\n<td style=\"height:15px;\">\n<p>ELITE<\/p>\n<\/td>\n<\/tr>\n<tr>\n<td style=\"height:15px;\">\n<p>9<\/p>\n<\/td>\n<td style=\"height:15px;\">\n<p>DROUET JULES<\/p>\n<\/td>\n<td style=\"height:15px;\">\n<p>BOURG EN BRESSE AIN CYCLISME<\/p>\n<\/td>\n<td style=\"height:15px;\">\n<p>ELITE<\/p>\n<\/td>\n<\/tr>\n<tr>\n<td style=\"height:15px;\">\n<p>10<\/p>\n<\/td>\n<td style=\"height:15px;\">\n<p>GUERINEL MATHIS<\/p>\n<\/td>\n<td style=\"height:15px;\">\n<p>PARIS CYCLISTE OLYMPIQUE<\/p>\n<\/td>\n<td style=\"height:15px;\">\n<p>ELITE<\/p>\n<\/td>\n<\/tr>\n<tr>\n<td style=\"height:15px;\">\n<p>11<\/p>\n<\/td>\n<td style=\"height:15px;\">\n<p>PICHON BASTIEN<\/p>\n<\/td>\n<td style=\"height:15px;\">\n<p>CC NOGENT \/ OISE<\/p>\n<\/td>\n<td style=\"height:15px;\">\n<p>ELITE<\/p>\n<\/td>\n<\/tr>\n<tr>\n<td style=\"height:15px;\">\n<p>12<\/p>\n<\/td>\n<td style=\"height:15px;\">\n<p>GUEFVENEU SWANN<\/p>\n<\/td>\n<td style=\"height:15px;\">\n<p>VENDEE U PAYS DE LA LOIRE<\/p>\n<\/td>\n<td style=\"height:15px;\">\n<p>ELITE<\/p>\n<\/td>\n<\/tr>\n<tr>\n<td style=\"height:15px;\">\n<p>13<\/p>\n<\/td>\n<td style=\"height:15px;\">\n<p>LE CUNFF KEVIN<\/p>\n<\/td>\n<td style=\"height:15px;\">\n<p>ASS. TEAM MADRAS CYCLING BELLE EAU<\/p>\n<\/td>\n<td style=\"height:15px;\">\n<p>ELITE<\/p>\n<\/td>\n<\/tr>\n<tr>\n<td style=\"height:15px;\">\n<p>14<\/p>\n<\/td>\n<td style=\"height:15px;\">\n<p>LAMBERT MATHIEU<\/p>\n<\/td>\n<td style=\"height:15px;\">\n<p>AVC AIX EN PROVENCE<\/p>\n<\/td>\n<td style=\"height:15px;\">\n<p>ELITE<\/p>\n<\/td>\n<\/tr>\n<tr>\n<td style=\"height:15px;\">\n<p>15<\/p>\n<\/td>\n<td style=\"height:15px;\">\n<p>THEOT KILLIAN<\/p>\n<\/td>\n<td style=\"height:15px;\">\n<p>SUD DE L&rsquo;EURE CYCLISME &#8211; STADE VERNOLIEN<\/p>\n<\/td>\n<td style=\"height:15px;\">\n<p>ELITE PRO<\/p>\n<\/td>\n<\/tr>\n<tr>\n<td style=\"height:15px;\">\n<p>16<\/p>\n<\/td>\n<td style=\"height:15px;\">\n<p>HEBERT THEO<\/p>\n<\/td>\n<td style=\"height:15px;\">\n<p>US ST HERBLAIN<\/p>\n<\/td>\n<td style=\"height:15px;\">\n<p>ELITE<\/p>\n<\/td>\n<\/tr>\n<tr>\n<td style=\"height:15px;\">\n<p>17<\/p>\n<\/td>\n<td style=\"height:15px;\">\n<p>BACLE AXEL<\/p>\n<\/td>\n<td style=\"height:15px;\">\n<p>EC QUEVILLY<\/p>\n<\/td>\n<td style=\"height:15px;\">\n<p>OPEN<\/p>\n<\/td>\n<\/tr>\n<tr>\n<td style=\"height:15px;\">\n<p>18<\/p>\n<\/td>\n<td style=\"height:15px;\">\n<p>CHEVIGNON JULES<\/p>\n<\/td>\n<td style=\"height:15px;\">\n<p>LA ROCHE SUR YON VENDEE CYCLISME<\/p>\n<\/td>\n<td style=\"height:15px;\">\n<p>ELITE<\/p>\n<\/td>\n<\/tr>\n<tr>\n<td style=\"height:15px;\">\n<p>19<\/p>\n<\/td>\n<td style=\"height:15px;\">\n<p>FILLION ERWANN<\/p>\n<\/td>\n<td style=\"height:15px;\">\n<p>MOYON PERCY VELO CLUB<\/p>\n<\/td>\n<td style=\"height:15px;\">\n<p>ELITE<\/p>\n<\/td>\n<\/tr>\n<tr>\n<td style=\"height:15px;\">\n<p>20<\/p>\n<\/td>\n<td style=\"height:15px;\">\n<p>HAMON SIMILIEN<\/p>\n<\/td>\n<td style=\"height:15px;\">\n<p>PAYS D&rsquo;ANCENIS CYCLISME 44<\/p>\n<\/td>\n<td style=\"height:15px;\">\n<p>ELITE PRO<\/p>\n<\/td>\n<\/tr>\n<tr>\n<td style=\"height:15px;\">\n<p>21<\/p>\n<\/td>\n<td style=\"height:15px;\">\n<p>LEBOUCHER ANATOLE<\/p>\n<\/td>\n<td style=\"height:15px;\">\n<p>UNION CYCLISTE CHOLET 49<\/p>\n<\/td>\n<td style=\"height:15px;\">\n<p>ELITE<\/p>\n<\/td>\n<\/tr>\n<tr>\n<td style=\"height:15px;\">\n<p>22<\/p>\n<\/td>\n<td style=\"height:15px;\">\n<p>BOUQUET AXEL<\/p>\n<\/td>\n<td style=\"height:15px;\">\n<p>MOYON PERCY VELO CLUB<\/p>\n<\/td>\n<td style=\"height:15px;\">\n<p>ELITE PRO<\/p>\n<\/td>\n<\/tr>\n<tr>\n<td style=\"height:15px;\">\n<p>23<\/p>\n<\/td>\n<td style=\"height:15px;\">\n<p>MORELL NOAH BORGEN<\/p>\n<\/td>\n<td style=\"height:15px;\">\n<p>CC VILLENEUVE ST GERMAIN SOISSONS AISNE<\/p>\n<\/td>\n<td style=\"height:15px;\">\n<p>ELITE<\/p>\n<\/td>\n<\/tr>\n<tr>\n<td style=\"height:15px;\">\n<p>24<\/p>\n<\/td>\n<td style=\"height:15px;\">\n<p>GODEBY MAXENS<\/p>\n<\/td>\n<td style=\"height:15px;\">\n<p>PARIS CYCLISTE OLYMPIQUE<\/p>\n<\/td>\n<td style=\"height:15px;\">\n<p>OPEN<\/p>\n<\/td>\n<\/tr>\n<tr>\n<td style=\"height:15px;\">\n<p>25<\/p>\n<\/td>\n<td style=\"height:15px;\">\n<p>BRETON KYLIAN<\/p>\n<\/td>\n<td style=\"height:15px;\">\n<p>VC PAYS DE LOUDEAC<\/p>\n<\/td>\n<td style=\"height:15px;\">\n<p>ELITE<\/p>\n<\/td>\n<\/tr>\n<tr>\n<td style=\"height:15px;\">\n<p>26<\/p>\n<\/td>\n<td style=\"height:15px;\">\n<p>BODARD DAMIEN<\/p>\n<\/td>\n<td style=\"height:15px;\">\n<p>LA ROCHE SUR YON VENDEE CYCLISME<\/p>\n<\/td>\n<td style=\"height:15px;\">\n<p>ELITE<\/p>\n<\/td>\n<\/tr>\n<tr>\n<td style=\"height:15px;\">\n<p>27<\/p>\n<\/td>\n<td style=\"height:15px;\">\n<p>MIAS ANTOINE<\/p>\n<\/td>\n<td style=\"height:15px;\">\n<p>TEAM BRICQUEBEC COTENTIN<\/p>\n<\/td>\n<td style=\"height:15px;\">\n<p>ELITE<\/p>\n<\/td>\n<\/tr>\n<tr>\n<td style=\"height:15px;\">\n<p>28<\/p>\n<\/td>\n<td style=\"height:15px;\">\n<p>GUERINEL MANU<\/p>\n<\/td>\n<td style=\"height:15px;\">\n<p>PARIS CYCLISTE OLYMPIQUE<\/p>\n<\/td>\n<td style=\"height:15px;\">\n<p>ELITE<\/p>\n<\/td>\n<\/tr>\n<tr>\n<td style=\"height:15px;\">\n<p>29<\/p>\n<\/td>\n<td style=\"height:15px;\">\n<p>PRIGENT GA\u00cbL<\/p>\n<\/td>\n<td style=\"height:15px;\">\n<p>U.V.AUBE<\/p>\n<\/td>\n<td style=\"height:15px;\">\n<p>OPEN<\/p>\n<\/td>\n<\/tr>\n<tr>\n<td style=\"height:15px;\">\n<p>30<\/p>\n<\/td>\n<td style=\"height:15px;\">\n<p>BARRALLON DIMITRI<\/p>\n<\/td>\n<td style=\"height:15px;\">\n<p>UNION CYCLISTE PELUSSIN LOIRE PILAT<\/p>\n<\/td>\n<td style=\"height:15px;\">\n<p>ELITE<\/p>\n<\/td>\n<\/tr>\n<tr>\n<td style=\"height:15px;\">\n<p>31<\/p>\n<\/td>\n<td style=\"height:15px;\">\n<p>VILLEMIN ALAN<\/p>\n<\/td>\n<td style=\"height:15px;\">\n<p>PARIS CYCLISTE OLYMPIQUE<\/p>\n<\/td>\n<td style=\"height:15px;\">\n<p>ELITE<\/p>\n<\/td>\n<\/tr>\n<tr>\n<td style=\"height:15px;\">\n<p>32<\/p>\n<\/td>\n<td style=\"height:15px;\">\n<p>DUJARDIN JULIEN<\/p>\n<\/td>\n<td style=\"height:15px;\">\n<p>EC QUEVILLY<\/p>\n<\/td>\n<td style=\"height:15px;\">\n<p>OPEN<\/p>\n<\/td>\n<\/tr>\n<tr>\n<td style=\"height:15px;\">\n<p>33<\/p>\n<\/td>\n<td style=\"height:15px;\">\n<p>DOLTAIRE ALEX<\/p>\n<\/td>\n<td style=\"height:15px;\">\n<p>VELOCE VANNETAIS CYCLISME<\/p>\n<\/td>\n<td style=\"height:15px;\">\n<p>OPEN<\/p>\n<\/td>\n<\/tr>\n<tr>\n<td style=\"height:15px;\">\n<p>34<\/p>\n<\/td>\n<td style=\"height:15px;\">\n<p>BOUTEILLER JULIEN<\/p>\n<\/td>\n<td style=\"height:15px;\">\n<p>VC LUCEEN<\/p>\n<\/td>\n<td style=\"height:15px;\">\n<p>ELITE<\/p>\n<\/td>\n<\/tr>\n<tr>\n<td style=\"height:15px;\">\n<p>35<\/p>\n<\/td>\n<td style=\"height:15px;\">\n<p>BRACONNOT VALENTIN<\/p>\n<\/td>\n<td style=\"height:15px;\">\n<p>AC MONTIVILLIERS<\/p>\n<\/td>\n<td style=\"height:15px;\">\n<p>OPEN<\/p>\n<\/td>\n<\/tr>\n<tr>\n<td style=\"height:15px;\">\n<p>36<\/p>\n<\/td>\n<td style=\"height:15px;\">\n<p>HEBE CLEMENT<\/p>\n<\/td>\n<td style=\"height:15px;\">\n<p>SABLE SARTHE CYCLISME PDL<\/p>\n<\/td>\n<td style=\"height:15px;\">\n<p>OPEN<\/p>\n<\/td>\n<\/tr>\n<tr>\n<td style=\"height:15px;\">\n<p>37<\/p>\n<\/td>\n<td style=\"height:15px;\">\n<p>THIERRY PAUL<\/p>\n<\/td>\n<td style=\"height:15px;\">\n<p>OC LOCMINE<\/p>\n<\/td>\n<td style=\"height:15px;\">\n<p>ELITE PRO<\/p>\n<\/td>\n<\/tr>\n<tr>\n<td style=\"height:15px;\">\n<p>38<\/p>\n<\/td>\n<td style=\"height:15px;\">\n<p>DELALANDE BASILE<\/p>\n<\/td>\n<td style=\"height:15px;\">\n<p>VC DINANNAIS<\/p>\n<\/td>\n<td style=\"height:15px;\">\n<p>ELITE<\/p>\n<\/td>\n<\/tr>\n<tr>\n<td style=\"height:15px;\">\n<p>39<\/p>\n<\/td>\n<td style=\"height:15px;\">\n<p>DROUET VICTOR<\/p>\n<\/td>\n<td style=\"height:15px;\">\n<p>MOYON PERCY VELO CLUB<\/p>\n<\/td>\n<td style=\"height:15px;\">\n<p>ELITE<\/p>\n<\/td>\n<\/tr>\n<tr>\n<td style=\"height:15px;\">\n<p>40<\/p>\n<\/td>\n<td style=\"height:15px;\">\n<p>BOILEAU LEO<\/p>\n<\/td>\n<td style=\"height:15px;\">\n<p>TEAM SPORTBREIZH<\/p>\n<\/td>\n<td style=\"height:15px;\">\n<p>ELITE<\/p>\n<\/td>\n<\/tr>\n<tr>\n<td style=\"height:15px;\">\n<p>41<\/p>\n<\/td>\n<td style=\"height:15px;\">\n<p>PERLEAUX DORIAN<\/p>\n<\/td>\n<td style=\"height:15px;\">\n<p>UNION CYCLISTE CHOLET 49<\/p>\n<\/td>\n<td style=\"height:15px;\">\n<p>ELITE<\/p>\n<\/td>\n<\/tr>\n<tr>\n<td style=\"height:15px;\">\n<p>42<\/p>\n<\/td>\n<td style=\"height:15px;\">\n<p>JOLLY MAXIME<\/p>\n<\/td>\n<td style=\"height:15px;\">\n<p>LA ROCHE SUR YON VENDEE CYCLISME<\/p>\n<\/td>\n<td style=\"height:15px;\">\n<p>ELITE<\/p>\n<\/td>\n<\/tr>\n<tr>\n<td style=\"height:15px;\">\n<p>43<\/p>\n<\/td>\n<td style=\"height:15px;\">\n<p>MORIN EMIL<\/p>\n<\/td>\n<td style=\"height:15px;\">\n<p>EC QUEVILLY<\/p>\n<\/td>\n<td style=\"height:15px;\">\n<p>OPEN<\/p>\n<\/td>\n<\/tr>\n<tr>\n<td style=\"height:15px;\">\n<p>44<\/p>\n<\/td>\n<td style=\"height:15px;\">\n<p>CHOPIER LO\u00cfC<\/p>\n<\/td>\n<td style=\"height:15px;\">\n<p>EC QUEVILLY<\/p>\n<\/td>\n<td style=\"height:15px;\">\n<p>OPEN<\/p>\n<\/td>\n<\/tr>\n<tr>\n<td style=\"height:15px;\">\n<p>45<\/p>\n<\/td>\n<td style=\"height:15px;\">\n<p>BOUTVILLE DAVID<\/p>\n<\/td>\n<td style=\"height:15px;\">\n<p>SABLE SARTHE CYCLISME PDL<\/p>\n<\/td>\n<td style=\"height:15px;\">\n<p>ELITE<\/p>\n<\/td>\n<\/tr>\n<tr>\n<td style=\"height:15px;\">\n<p>46<\/p>\n<\/td>\n<td style=\"height:15px;\">\n<p>CHARTEAU DIEGO<\/p>\n<\/td>\n<td style=\"height:15px;\">\n<p>VENDEE U PAYS DE LA LOIRE<\/p>\n<\/td>\n<td style=\"height:15px;\">\n<p>ELITE<\/p>\n<\/td>\n<\/tr>\n<tr>\n<td style=\"height:15px;\">\n<p>47<\/p>\n<\/td>\n<td style=\"height:15px;\">\n<p>ROUSSET JUSTIN<\/p>\n<\/td>\n<td style=\"height:15px;\">\n<p>UC MONTGESNOISE<\/p>\n<\/td>\n<td style=\"height:15px;\">\n<p>OPEN<\/p>\n<\/td>\n<\/tr>\n<p>&#13;<br \/>\n&#13;<br \/>\n&#13;<br \/>\n&#13;<br \/>\n&#13;<br \/>\n&#13;<br \/>\n&#13;<br \/>\n&#13;<br \/>\n&#13;<br \/>\n&#13;<br \/>\n&#13;<br \/>\n&#13;<br \/>\n&#13;<br \/>\n&#13;<br \/>\n&#13;<br \/>\n&#13;<br \/>\nD&rsquo;autres Classements Route<img decoding=\"async\" loading=\"lazy\" src=\"https:\/\/www.europesays.com\/fr\/wp-content\/uploads\/2025\/10\/1759362852_513_drome-ardeche-championnats-deurope-1er-5-octobre-2025-guide-technique-01.jpg\" alt=\"Dr\u00f4me Ard\u00e8che Championnats d\u2019Europe 1er-5 octobre 2025 guide technique 01\"\/><\/p>\n<p>dimanche  5 octobre 2025<\/p>\n<p>Dr\u00f4me Ard\u00e8che Championnats d\u2019Europe 1er-5 octobre 2025 classement<img decoding=\"async\" loading=\"lazy\" src=\"https:\/\/www.europesays.com\/fr\/wp-content\/uploads\/2025\/10\/1759362852_513_drome-ardeche-championnats-deurope-1er-5-octobre-2025-guide-technique-01.jpg\" alt=\"Dr\u00f4me Ard\u00e8che Championnats d\u2019Europe 1er-5 octobre 2025 guide technique 01\"\/><\/p>\n<p>dimanche  5 octobre 2025<\/p>\n<p>Dr\u00f4me Ard\u00e8che Championnats d\u2019Europe 5 octobre 2025 J5 classement<img decoding=\"async\" loading=\"lazy\" src=\"https:\/\/www.europesays.com\/fr\/wp-content\/uploads\/2025\/08\/85_route_vendee_hidephotojpg.jpg\" alt=\"85 Route Vend\u00e9e hidephoto.JPG\"\/><\/p>\n<p>dimanche  5 octobre 2025<\/p>\n<p>St Laurent Sur S\u00e8vre 5 octobre 2025 classement de course cycliste&#13;<br \/>\n&#13;<\/p>\n","protected":false},"excerpt":{"rendered":"&#13; &#13; actu33835. &#13; &#13; &#13; Classement de la 55\u00e8me \u00e9dition de Paris-Connerr\u00e9, course cycliste Elite Nationale organis\u00e9e&hellip;\n","protected":false},"author":2,"featured_media":441566,"comment_status":"","ping_status":"","sticky":false,"template":"","format":"standard","meta":{"footnotes":""},"categories":[1888],"tags":[11,1777,674,1011,27,12,626,25],"class_list":{"0":"post-441565","1":"post","2":"type-post","3":"status-publish","4":"format-standard","5":"has-post-thumbnail","7":"category-paris","8":"tag-actualites","9":"tag-eu","10":"tag-europe","11":"tag-fr","12":"tag-france","13":"tag-news","14":"tag-paris","15":"tag-republique-francaise"},"share_on_mastodon":{"url":"https:\/\/pubeurope.com\/@fr\/115323733662321489","error":""},"_links":{"self":[{"href":"https:\/\/www.europesays.com\/fr\/wp-json\/wp\/v2\/posts\/441565","targetHints":{"allow":["GET"]}}],"collection":[{"href":"https:\/\/www.europesays.com\/fr\/wp-json\/wp\/v2\/posts"}],"about":[{"href":"https:\/\/www.europesays.com\/fr\/wp-json\/wp\/v2\/types\/post"}],"author":[{"embeddable":true,"href":"https:\/\/www.europesays.com\/fr\/wp-json\/wp\/v2\/users\/2"}],"replies":[{"embeddable":true,"href":"https:\/\/www.europesays.com\/fr\/wp-json\/wp\/v2\/comments?post=441565"}],"version-history":[{"count":0,"href":"https:\/\/www.europesays.com\/fr\/wp-json\/wp\/v2\/posts\/441565\/revisions"}],"wp:featuredmedia":[{"embeddable":true,"href":"https:\/\/www.europesays.com\/fr\/wp-json\/wp\/v2\/media\/441566"}],"wp:attachment":[{"href":"https:\/\/www.europesays.com\/fr\/wp-json\/wp\/v2\/media?parent=441565"}],"wp:term":[{"taxonomy":"category","embeddable":true,"href":"https:\/\/www.europesays.com\/fr\/wp-json\/wp\/v2\/categories?post=441565"},{"taxonomy":"post_tag","embeddable":true,"href":"https:\/\/www.europesays.com\/fr\/wp-json\/wp\/v2\/tags?post=441565"}],"curies":[{"name":"wp","href":"https:\/\/api.w.org\/{rel}","templated":true}]}}