{"id":441573,"date":"2025-10-05T21:44:19","date_gmt":"2025-10-05T21:44:19","guid":{"rendered":"https:\/\/www.europesays.com\/fr\/441573\/"},"modified":"2025-10-05T21:44:19","modified_gmt":"2025-10-05T21:44:19","slug":"la-police-va-avoir-plus-de-pouvoir-pour-restreindre-certaines-manifestations-notamment-propalestiniennes","status":"publish","type":"post","link":"https:\/\/www.europesays.com\/fr\/441573\/","title":{"rendered":"La police va avoir plus de pouvoir pour restreindre certaines manifestations, notamment propalestiniennes"},"content":{"rendered":"<p>Plus de pouvoir pour la <a href=\"https:\/\/www.20minutes.fr\/dossier\/police\" target=\"_blank\" class=\"c-link c-link--is-underlined\" rel=\"noopener\">police<\/a> britannique\u00a0: c\u2019est ce qu\u2019a annonc\u00e9 ce dimanche le gouvernement, qui veut permettre aux forces de l\u2019ordre de pouvoir imposer des restrictions \u00e0 certaines <a href=\"https:\/\/www.20minutes.fr\/dossier\/manifestation\" target=\"_blank\" class=\"c-link c-link--is-underlined\" rel=\"noopener\">manifestations<\/a>. L\u2019ex\u00e9cutif a notamment cit\u00e9 les rassemblements propalestiniens, qui suscitent \u00ab\u00a0des craintes importantes\u00a0\u00bb au sein de la <a href=\"https:\/\/www.20minutes.fr\/dossier\/communaute_juive\" target=\"_blank\" class=\"c-link c-link--is-underlined\" rel=\"noopener\">communaut\u00e9 juive<\/a>.<\/p>\n<\/p>\n<p>Cette annonce intervient trois jours apr\u00e8s<a href=\"https:\/\/www.20minutes.fr\/monde\/royaume-uni\/4176824-20251002-royaume-uni-victimes-blesses-graves-suspect-abattu-sait-attaque-synagogue-manchester\" target=\"_blank\" class=\"c-link c-link--is-underlined\" rel=\"noopener\"> l\u2019attaque devant une synagogue \u00e0 Manchester<\/a>, dans laquelle deux personnes ont \u00e9t\u00e9 tu\u00e9es et trois gri\u00e8vement bless\u00e9es. Le gouvernement et la police avaient ensuite appel\u00e9 \u00e0 reporter ou annuler, en solidarit\u00e9 avec la communaut\u00e9 juive, des manifestations propalestiniennes pr\u00e9vues ce week-end.<\/p>\n<p>Manifestations r\u00e9guli\u00e8res au Royaume-Uni<\/p>\n<p>Leur maintien a \u00e9t\u00e9 qualifi\u00e9 de \u00ab\u00a0d\u00e9shonorant\u00a0\u00bb par la ministre de l\u2019Int\u00e9rieur Shabana Mahmood. Samedi, 488 personnes ont \u00e9t\u00e9 arr\u00eat\u00e9es pour avoir manifest\u00e9 en soutien au groupe <a href=\"https:\/\/www.20minutes.fr\/monde\/palestine\/\" target=\"_blank\" class=\"c-link c-link--is-underlined\" rel=\"noopener\">Palestine<\/a> Action, class\u00e9 \u00ab\u00a0terroriste\u00a0\u00bb par le gouvernement. Parmi elles se trouvaient de nombreux retrait\u00e9s, des \u00e9tudiants, un pr\u00eatre,\u00a0etc.<\/p>\n<p>Depuis l\u2019attaque sans pr\u00e9c\u00e9dent du <a href=\"https:\/\/www.20minutes.fr\/monde\/hamas\/\" target=\"_blank\" class=\"c-link c-link--is-underlined\" rel=\"noopener\">Hamas<\/a> en <a href=\"https:\/\/www.20minutes.fr\/monde\/israel\/\" target=\"_blank\" class=\"c-link c-link--is-underlined\" rel=\"noopener\">Isra\u00ebl<\/a> le 7\u00a0octobre 2023 qui a entra\u00een\u00e9 la guerre \u00e0 <a href=\"https:\/\/www.20minutes.fr\/monde\/gaza\/\" target=\"_blank\" class=\"c-link c-link--is-underlined\" rel=\"noopener\">Gaza<\/a>, des manifestations propalestiniennes ont lieu r\u00e9guli\u00e8rement \u00e0 <a href=\"https:\/\/www.20minutes.fr\/dossier\/londres\" target=\"_blank\" class=\"c-link c-link--is-underlined\" rel=\"noopener\">Londres<\/a> et dans d\u2019autres villes du <a href=\"https:\/\/www.20minutes.fr\/monde\/royaume-uni\/\" target=\"_blank\" class=\"c-link c-link--is-underlined\" rel=\"noopener\">Royaume-Uni<\/a>. \u00ab\u00a0Des manifestations de grande ampleur et r\u00e9p\u00e9t\u00e9es peuvent laisser certaines parties de notre pays, en particulier des communaut\u00e9s religieuses, se sentir en ins\u00e9curit\u00e9\u00a0\u00bb, a d\u00e9clar\u00e9 la ministre de l\u2019Int\u00e9rieur, cit\u00e9e dans un communiqu\u00e9. Elle a mis avant les \u00ab\u00a0craintes importantes\u00a0\u00bb au sein de la communaut\u00e9 juive.<\/p>\n<p>La police pourra imposer des \u00ab\u00a0conditions\u00a0\u00bb<\/p>\n<p>Les \u00ab\u00a0renforcements de la l\u00e9gislation\u00a0\u00bb annonc\u00e9s ce dimanche permettent, selon Shabana Mahmood, \u00ab\u00a0de prot\u00e9ger le droit de manifester tout en veillant \u00e0 ce que chacun se sente en <a href=\"https:\/\/www.20minutes.fr\/societe\/securite\/\" target=\"_blank\" class=\"c-link c-link--is-underlined\" rel=\"noopener\">s\u00e9curit\u00e9<\/a> dans ce pays\u00a0\u00bb. Ils permettent \u00e0 la police d\u2019imposer des \u00ab\u00a0conditions\u00a0\u00bb et des \u00ab\u00a0restrictions\u00a0\u00bb aux manifestations. La police pourra notamment \u00ab\u00a0limiter la dur\u00e9e\u00a0\u00bb du rassemblement.<\/p>\n<p>\u00ab\u00a0Si une manifestation a lieu au m\u00eame endroit pendant plusieurs semaines cons\u00e9cutives et provoque des troubles r\u00e9p\u00e9t\u00e9s, la police aura le pouvoir, par exemple, d\u2019ordonner aux organisateurs de la tenir ailleurs\u00a0\u00bb, est-il \u00e9crit dans le communiqu\u00e9 du Home Office. En appelant vendredi Palestine Action \u00e0 annuler son rassemblement, le chef de la police de Londres Mark Roley a rappel\u00e9 que la police britannique n\u2019avait \u00ab\u00a0pas le pouvoir\u00a0\u00bb d\u2019interdire les manifestations.<\/p>\n","protected":false},"excerpt":{"rendered":"Plus de pouvoir pour la police britannique\u00a0: c\u2019est ce qu\u2019a annonc\u00e9 ce dimanche le gouvernement, qui veut permettre&hellip;\n","protected":false},"author":2,"featured_media":441574,"comment_status":"","ping_status":"","sticky":false,"template":"","format":"standard","meta":{"footnotes":""},"categories":[1588],"tags":[47,11,23840,3259,1777,674,665,3519,664,4534,3491,1272,74,12,3518,1072,473,1853,1851,1850,1852],"class_list":{"0":"post-441573","1":"post","2":"type-post","3":"status-publish","4":"format-standard","5":"has-post-thumbnail","7":"category-royaume-uni","8":"tag-actualite","9":"tag-actualites","10":"tag-communaute-juive","11":"tag-conflit-israelo-palestinien","12":"tag-eu","13":"tag-europe","14":"tag-gaza","15":"tag-hamas","16":"tag-israel","17":"tag-londres","18":"tag-manchester","19":"tag-manifestations","20":"tag-monde","21":"tag-news","22":"tag-palestine","23":"tag-police","24":"tag-royaume-uni","25":"tag-royaume-uni-de-grande-bretagne-et-dirlande-du-nord","26":"tag-uk","27":"tag-united-kingdom","28":"tag-united-kingdom-of-great-britain-and-northern-ireland"},"share_on_mastodon":{"url":"https:\/\/pubeurope.com\/@fr\/115323749288563468","error":""},"_links":{"self":[{"href":"https:\/\/www.europesays.com\/fr\/wp-json\/wp\/v2\/posts\/441573","targetHints":{"allow":["GET"]}}],"collection":[{"href":"https:\/\/www.europesays.com\/fr\/wp-json\/wp\/v2\/posts"}],"about":[{"href":"https:\/\/www.europesays.com\/fr\/wp-json\/wp\/v2\/types\/post"}],"author":[{"embeddable":true,"href":"https:\/\/www.europesays.com\/fr\/wp-json\/wp\/v2\/users\/2"}],"replies":[{"embeddable":true,"href":"https:\/\/www.europesays.com\/fr\/wp-json\/wp\/v2\/comments?post=441573"}],"version-history":[{"count":0,"href":"https:\/\/www.europesays.com\/fr\/wp-json\/wp\/v2\/posts\/441573\/revisions"}],"wp:featuredmedia":[{"embeddable":true,"href":"https:\/\/www.europesays.com\/fr\/wp-json\/wp\/v2\/media\/441574"}],"wp:attachment":[{"href":"https:\/\/www.europesays.com\/fr\/wp-json\/wp\/v2\/media?parent=441573"}],"wp:term":[{"taxonomy":"category","embeddable":true,"href":"https:\/\/www.europesays.com\/fr\/wp-json\/wp\/v2\/categories?post=441573"},{"taxonomy":"post_tag","embeddable":true,"href":"https:\/\/www.europesays.com\/fr\/wp-json\/wp\/v2\/tags?post=441573"}],"curies":[{"name":"wp","href":"https:\/\/api.w.org\/{rel}","templated":true}]}}