{"id":441587,"date":"2025-10-05T21:56:10","date_gmt":"2025-10-05T21:56:10","guid":{"rendered":"https:\/\/www.europesays.com\/fr\/441587\/"},"modified":"2025-10-05T21:56:10","modified_gmt":"2025-10-05T21:56:10","slug":"gonzalez-disqualifie-a-mandalika-moreira-revient-a-neuf-points","status":"publish","type":"post","link":"https:\/\/www.europesays.com\/fr\/441587\/","title":{"rendered":"Gonz\u00e1lez disqualifi\u00e9 \u00e0 Mandalika\u00a0! Moreira revient \u00e0 neuf points"},"content":{"rendered":"<p>Manuel Gonz\u00e1lez (Liqui Moly Dynavolt Intact GP) a \u00e9t\u00e9 disqualifi\u00e9 du Grand Prix d&rsquo;Indon\u00e9sie. Les commissaires de la FIM MotoGP\u2122 ont confirm\u00e9 la sanction apr\u00e8s la course, le leader du Championnat ayant utilis\u00e9 un software non homologu\u00e9, en l&rsquo;occurrence une version ant\u00e9rieure. Pour cette infraction, la sanction est une disqualification automatique.<\/p>\n<p>Vainqueur \u00e0 Mandalika, Diogo Moreira (Italtrans Racing Team), son plus proche rival dans la course au titre, revient \u00e0 neuf points de la t\u00eate du Championnat, Manuel Gonz\u00e1lez perdant les 20 unit\u00e9s de la deuxi\u00e8me place.<\/p>\n<p>Il reste d\u00e9sormais quatre courses, soit 100 points \u00e0 aller chercher. Manuel Gonz\u00e1lez parviendra-t-il \u00e0 creuser \u00e0 nouveau l&rsquo;\u00e9cart ? R\u00e9ponse dans deux semaines en Australie.<\/p>\n","protected":false},"excerpt":{"rendered":"Manuel Gonz\u00e1lez (Liqui Moly Dynavolt Intact GP) a \u00e9t\u00e9 disqualifi\u00e9 du Grand Prix d&rsquo;Indon\u00e9sie. Les commissaires de la&hellip;\n","protected":false},"author":2,"featured_media":441588,"comment_status":"","ping_status":"","sticky":false,"template":"","format":"standard","meta":{"footnotes":""},"categories":[1413],"tags":[1011,27,1457,1456,60,2032],"class_list":{"0":"post-441587","1":"post","2":"type-post","3":"status-publish","4":"format-standard","5":"has-post-thumbnail","7":"category-moto","8":"tag-fr","9":"tag-france","10":"tag-moto","11":"tag-motocycle","12":"tag-sports","13":"tag-text"},"share_on_mastodon":{"url":"https:\/\/pubeurope.com\/@fr\/115323796479104958","error":""},"_links":{"self":[{"href":"https:\/\/www.europesays.com\/fr\/wp-json\/wp\/v2\/posts\/441587","targetHints":{"allow":["GET"]}}],"collection":[{"href":"https:\/\/www.europesays.com\/fr\/wp-json\/wp\/v2\/posts"}],"about":[{"href":"https:\/\/www.europesays.com\/fr\/wp-json\/wp\/v2\/types\/post"}],"author":[{"embeddable":true,"href":"https:\/\/www.europesays.com\/fr\/wp-json\/wp\/v2\/users\/2"}],"replies":[{"embeddable":true,"href":"https:\/\/www.europesays.com\/fr\/wp-json\/wp\/v2\/comments?post=441587"}],"version-history":[{"count":0,"href":"https:\/\/www.europesays.com\/fr\/wp-json\/wp\/v2\/posts\/441587\/revisions"}],"wp:featuredmedia":[{"embeddable":true,"href":"https:\/\/www.europesays.com\/fr\/wp-json\/wp\/v2\/media\/441588"}],"wp:attachment":[{"href":"https:\/\/www.europesays.com\/fr\/wp-json\/wp\/v2\/media?parent=441587"}],"wp:term":[{"taxonomy":"category","embeddable":true,"href":"https:\/\/www.europesays.com\/fr\/wp-json\/wp\/v2\/categories?post=441587"},{"taxonomy":"post_tag","embeddable":true,"href":"https:\/\/www.europesays.com\/fr\/wp-json\/wp\/v2\/tags?post=441587"}],"curies":[{"name":"wp","href":"https:\/\/api.w.org\/{rel}","templated":true}]}}