{"id":441589,"date":"2025-10-05T21:57:12","date_gmt":"2025-10-05T21:57:12","guid":{"rendered":"https:\/\/www.europesays.com\/fr\/441589\/"},"modified":"2025-10-05T21:57:12","modified_gmt":"2025-10-05T21:57:12","slug":"plombe-par-lexpulsion-de-lenglet-latletico-de-madrid-accroche-a-vigo","status":"publish","type":"post","link":"https:\/\/www.europesays.com\/fr\/441589\/","title":{"rendered":"plomb\u00e9 par l\u2019expulsion de Lenglet, l\u2019Atl\u00e9tico de Madrid accroch\u00e9 \u00e0 Vigo"},"content":{"rendered":"<p>Apr\u00e8s le carton rouge re\u00e7u par l\u2019international fran\u00e7ais en premi\u00e8re p\u00e9riode, les hommes de Diego Simeone ont \u00e9t\u00e9 rejoints au score par le Celta Vigo.<\/p>\n<p class=\"fig-paragraph\">Les Colchoneros (encore) frein\u00e9s. R\u00e9duit \u00e0 dix \u00e0 partir de la fin de la premi\u00e8re mi-temps,\u00a0<a href=\"http:\/\/www.lefigaro.fr\/sports\/football\/espagne\/liga-l-atletico-fait-chuter-le-real-de-mbappe-au-terme-d-un-match-fou-20250927\" data-fig-type=\"NewsFlash\" data-gtm-custom-categorie=\"navigation\" data-gtm-custom-action=\"crossclick\" data-gtm-custom-label=\"Contextuel\" data-gtm-event=\"customEventSPE\" data-fig-domain=\"LEFIGARO\" target=\"_blank\" rel=\"noopener\">l&rsquo;Atl\u00e9tico de Madrid\u00a0<\/a>a \u00e9t\u00e9 accroch\u00e9 dimanche par le Celta Vigo (1-1) lors de la huiti\u00e8me journ\u00e9e de Liga et a manqu\u00e9 l&rsquo;occasion de s&#8217;emparer de la quatri\u00e8me place.<\/p>\n<p class=\"fig-paragraph\">L&rsquo;Atl\u00e9tico (5e, 13 points), qui pensait s&rsquo;\u00eatre relanc\u00e9 dans la course au titre avec sa \u00abmanita\u00bb inflig\u00e9e au Real (5-2), c\u00e8de encore des points pr\u00e9cieux \u00e0 l&rsquo;ext\u00e9rieur et se retrouve \u00e0 huit longueurs de son rival madril\u00e8ne (1er, 21 points) et six du FC Barcelone (2e, 19 points).<\/p>\n<p>                                    <a class=\"fig-a11y-skip a11y-hidden\" href=\"#fig-a11y-skip-main-inarticle\"><br \/>\n        Passer la publicit\u00e9<br \/>\n    <\/a><\/p>\n<p class=\"fig-paragraph\">Les Colchoneros, en inf\u00e9riorit\u00e9 num\u00e9rique d\u00e8s la 40e minute apr\u00e8s l&rsquo;exclusion du d\u00e9fenseur fran\u00e7ais Cl\u00e9ment Lenglet, n&rsquo;ont pas su conserver leur avantage acquis tr\u00e8s t\u00f4t dans la rencontre gr\u00e2ce \u00e0 un but contre son camp du Su\u00e9dois Carl Starfelt (7e, 1-0) et ont \u00e9t\u00e9 repris en deuxi\u00e8me p\u00e9riode par l&rsquo;\u00e9ternel Iago Aspas, 38 ans (68e, 1-1).<\/p>\n","protected":false},"excerpt":{"rendered":"Apr\u00e8s le carton rouge re\u00e7u par l\u2019international fran\u00e7ais en premi\u00e8re p\u00e9riode, les hommes de Diego Simeone ont \u00e9t\u00e9&hellip;\n","protected":false},"author":2,"featured_media":441590,"comment_status":"","ping_status":"","sticky":false,"template":"","format":"standard","meta":{"footnotes":""},"categories":[1412],"tags":[30929,56805,1451,1452,1453,1454,1455,1011,27,60],"class_list":{"0":"post-441589","1":"post","2":"type-post","3":"status-publish","4":"format-standard","5":"has-post-thumbnail","7":"category-f1","8":"tag-atletico-de-madrid","9":"tag-clement-lenglet","10":"tag-f1","11":"tag-formula-1","12":"tag-formula1","13":"tag-formule-1","14":"tag-formule1","15":"tag-fr","16":"tag-france","17":"tag-sports"},"share_on_mastodon":{"url":"https:\/\/pubeurope.com\/@fr\/115323800598889698","error":""},"_links":{"self":[{"href":"https:\/\/www.europesays.com\/fr\/wp-json\/wp\/v2\/posts\/441589","targetHints":{"allow":["GET"]}}],"collection":[{"href":"https:\/\/www.europesays.com\/fr\/wp-json\/wp\/v2\/posts"}],"about":[{"href":"https:\/\/www.europesays.com\/fr\/wp-json\/wp\/v2\/types\/post"}],"author":[{"embeddable":true,"href":"https:\/\/www.europesays.com\/fr\/wp-json\/wp\/v2\/users\/2"}],"replies":[{"embeddable":true,"href":"https:\/\/www.europesays.com\/fr\/wp-json\/wp\/v2\/comments?post=441589"}],"version-history":[{"count":0,"href":"https:\/\/www.europesays.com\/fr\/wp-json\/wp\/v2\/posts\/441589\/revisions"}],"wp:featuredmedia":[{"embeddable":true,"href":"https:\/\/www.europesays.com\/fr\/wp-json\/wp\/v2\/media\/441590"}],"wp:attachment":[{"href":"https:\/\/www.europesays.com\/fr\/wp-json\/wp\/v2\/media?parent=441589"}],"wp:term":[{"taxonomy":"category","embeddable":true,"href":"https:\/\/www.europesays.com\/fr\/wp-json\/wp\/v2\/categories?post=441589"},{"taxonomy":"post_tag","embeddable":true,"href":"https:\/\/www.europesays.com\/fr\/wp-json\/wp\/v2\/tags?post=441589"}],"curies":[{"name":"wp","href":"https:\/\/api.w.org\/{rel}","templated":true}]}}