{"id":441593,"date":"2025-10-05T21:59:19","date_gmt":"2025-10-05T21:59:19","guid":{"rendered":"https:\/\/www.europesays.com\/fr\/441593\/"},"modified":"2025-10-05T21:59:19","modified_gmt":"2025-10-05T21:59:19","slug":"un-duel-losc-lens-pour-un-jeune-talent-de-national","status":"publish","type":"post","link":"https:\/\/www.europesays.com\/fr\/441593\/","title":{"rendered":"Un duel LOSC &#8211; Lens pour un jeune talent de National"},"content":{"rendered":"<p><strong>C\u2019est un gros duel que vont se livrer les Lillois et les Lensois concernant la venue d\u2019un jeune talent de National .<\/strong><\/p>\n<p>Selon les derni\u00e8res informations r\u00e9v\u00e9l\u00e9es par le site Jeunes Footeux, les formations <strong><a href=\"https:\/\/www.les-transferts.com\/club\/lille\/actualite\/\" rel=\"nofollow noopener\" target=\"_blank\">Lille <\/a><\/strong>et du <strong><a href=\"https:\/\/www.les-transferts.com\/club\/lens\/actualite\/\" rel=\"nofollow noopener\" target=\"_blank\">Racing Club Lens<\/a><\/strong> auraient une cible en commun en vue du prochain mercato d\u2019hiver. Les deux clubs du Nord s\u2019int\u00e9resseraient de pr\u00e8s au profil d\u2019<strong>Hatem Mimoune.<\/strong><\/p>\n<p>Milieu offensif de 18 ans, ce dernier appartient actuellement \u00e0 <strong>Dijon<\/strong>. R\u00e9cemment prolong\u00e9 jusqu\u2019en juin 2029, le natif de Paris esp\u00e8re faire ses d\u00e9but cette saison avec le DFCO. Brillant l\u2019an pass\u00e9 avec les U19 et en Coupe Gambardella, la jeune p\u00e9pite avait inscrit 7 buts et d\u00e9livr\u00e9 12 passes d\u00e9cisives en 25 apparitions. Le <strong>Stade Rennais<\/strong> suivrai aussi ce dossier de pr\u00e8s.<\/p>\n<p>Diego Maradona, Pablo Aimar, Javier Pastore, Lionel Messi, Juan Roman Riquelme, que des num\u00e9ros 10 dans ma team.<\/p>\n","protected":false},"excerpt":{"rendered":"C\u2019est un gros duel que vont se livrer les Lillois et les Lensois concernant la venue d\u2019un jeune&hellip;\n","protected":false},"author":2,"featured_media":441594,"comment_status":"","ping_status":"","sticky":false,"template":"","format":"standard","meta":{"footnotes":""},"categories":[1410],"tags":[63,1011,27,60],"class_list":{"0":"post-441593","1":"post","2":"type-post","3":"status-publish","4":"format-standard","5":"has-post-thumbnail","7":"category-football","8":"tag-football","9":"tag-fr","10":"tag-france","11":"tag-sports"},"share_on_mastodon":{"url":"https:\/\/pubeurope.com\/@fr\/115323808545936073","error":""},"_links":{"self":[{"href":"https:\/\/www.europesays.com\/fr\/wp-json\/wp\/v2\/posts\/441593","targetHints":{"allow":["GET"]}}],"collection":[{"href":"https:\/\/www.europesays.com\/fr\/wp-json\/wp\/v2\/posts"}],"about":[{"href":"https:\/\/www.europesays.com\/fr\/wp-json\/wp\/v2\/types\/post"}],"author":[{"embeddable":true,"href":"https:\/\/www.europesays.com\/fr\/wp-json\/wp\/v2\/users\/2"}],"replies":[{"embeddable":true,"href":"https:\/\/www.europesays.com\/fr\/wp-json\/wp\/v2\/comments?post=441593"}],"version-history":[{"count":0,"href":"https:\/\/www.europesays.com\/fr\/wp-json\/wp\/v2\/posts\/441593\/revisions"}],"wp:featuredmedia":[{"embeddable":true,"href":"https:\/\/www.europesays.com\/fr\/wp-json\/wp\/v2\/media\/441594"}],"wp:attachment":[{"href":"https:\/\/www.europesays.com\/fr\/wp-json\/wp\/v2\/media?parent=441593"}],"wp:term":[{"taxonomy":"category","embeddable":true,"href":"https:\/\/www.europesays.com\/fr\/wp-json\/wp\/v2\/categories?post=441593"},{"taxonomy":"post_tag","embeddable":true,"href":"https:\/\/www.europesays.com\/fr\/wp-json\/wp\/v2\/tags?post=441593"}],"curies":[{"name":"wp","href":"https:\/\/api.w.org\/{rel}","templated":true}]}}