{"id":441597,"date":"2025-10-05T22:02:12","date_gmt":"2025-10-05T22:02:12","guid":{"rendered":"https:\/\/www.europesays.com\/fr\/441597\/"},"modified":"2025-10-05T22:02:12","modified_gmt":"2025-10-05T22:02:12","slug":"les-petits-ecoliers-ont-recu-leur-premier-livre-a-moussan","status":"publish","type":"post","link":"https:\/\/www.europesays.com\/fr\/441597\/","title":{"rendered":"Les petits \u00e9coliers ont re\u00e7u leur premier livre \u00e0 Moussan"},"content":{"rendered":"<p>Les enfants rentrant \u00e0 la maternelle \u00e9taient re\u00e7us \u00e0 la m\u00e9diath\u00e8que pour recevoir un ouvrage. Apr\u00e8s un petit-d\u00e9jeuner convivial offert aux parents et aux enfants, le maire Jean-Marie Moni\u00e9 a accueilli l\u2019assistance : \u00ab\u00a0Aujourd\u2019hui, ces enfants font leurs premiers pas dans cette m\u00e9diath\u00e8que et que ce premier lien avec le monde culturel les marque ! Cette m\u00e9diath\u00e8que, qui compte 350 abonn\u00e9s, est un endroit petit en surface mais grand de par ses ouvrages, et ce gr\u00e2ce \u00e0 l\u2019entente avec le Grand Narbonne. Je f\u00e9licite Amandine qui est toujours disponible pour faire vivre ce lieu\u00a0\u00bb. Chaque \u00e9lu pr\u00e9sent a alors distribu\u00e9 \u00e0 chaque enfant, 20 au total, un livre, La plume magique. La responsable, Amandine, a alors lu cette histoire du petit ours qui vogue sur la plume, les enfants \u00e9tant suspendus aux paroles de la conteuse.<\/p>\n<p>La prochaine animation dans ce lieu aura lieu le <b>samedi 29 novembre <\/b>o\u00f9 le spectacle Monsieur Lune sera propos\u00e9 avec la collaboration du Grand Narbonne.<\/p>\n","protected":false},"excerpt":{"rendered":"Les enfants rentrant \u00e0 la maternelle \u00e9taient re\u00e7us \u00e0 la m\u00e9diath\u00e8que pour recevoir un ouvrage. Apr\u00e8s un petit-d\u00e9jeuner&hellip;\n","protected":false},"author":2,"featured_media":441598,"comment_status":"","ping_status":"","sticky":false,"template":"","format":"standard","meta":{"footnotes":""},"categories":[1357],"tags":[1379,58,59,1011,27,1380],"class_list":{"0":"post-441597","1":"post","2":"type-post","3":"status-publish","4":"format-standard","5":"has-post-thumbnail","7":"category-livres","8":"tag-books","9":"tag-divertissement","10":"tag-entertainment","11":"tag-fr","12":"tag-france","13":"tag-livres"},"share_on_mastodon":{"url":"https:\/\/pubeurope.com\/@fr\/115323819985167077","error":""},"_links":{"self":[{"href":"https:\/\/www.europesays.com\/fr\/wp-json\/wp\/v2\/posts\/441597","targetHints":{"allow":["GET"]}}],"collection":[{"href":"https:\/\/www.europesays.com\/fr\/wp-json\/wp\/v2\/posts"}],"about":[{"href":"https:\/\/www.europesays.com\/fr\/wp-json\/wp\/v2\/types\/post"}],"author":[{"embeddable":true,"href":"https:\/\/www.europesays.com\/fr\/wp-json\/wp\/v2\/users\/2"}],"replies":[{"embeddable":true,"href":"https:\/\/www.europesays.com\/fr\/wp-json\/wp\/v2\/comments?post=441597"}],"version-history":[{"count":0,"href":"https:\/\/www.europesays.com\/fr\/wp-json\/wp\/v2\/posts\/441597\/revisions"}],"wp:featuredmedia":[{"embeddable":true,"href":"https:\/\/www.europesays.com\/fr\/wp-json\/wp\/v2\/media\/441598"}],"wp:attachment":[{"href":"https:\/\/www.europesays.com\/fr\/wp-json\/wp\/v2\/media?parent=441597"}],"wp:term":[{"taxonomy":"category","embeddable":true,"href":"https:\/\/www.europesays.com\/fr\/wp-json\/wp\/v2\/categories?post=441597"},{"taxonomy":"post_tag","embeddable":true,"href":"https:\/\/www.europesays.com\/fr\/wp-json\/wp\/v2\/tags?post=441597"}],"curies":[{"name":"wp","href":"https:\/\/api.w.org\/{rel}","templated":true}]}}