{"id":441603,"date":"2025-10-05T22:08:12","date_gmt":"2025-10-05T22:08:12","guid":{"rendered":"https:\/\/www.europesays.com\/fr\/441603\/"},"modified":"2025-10-05T22:08:12","modified_gmt":"2025-10-05T22:08:12","slug":"ils-se-sont-presque-embrasses-meghan-markle-garde-la-face-malgre-son-embrassade-ratee-et-ultra-malaisante","status":"publish","type":"post","link":"https:\/\/www.europesays.com\/fr\/441603\/","title":{"rendered":"\u201cIls se sont presque embrass\u00e9s\u201d : Meghan Markle garde la face malgr\u00e9 son embrassade rat\u00e9e et ultra malaisante"},"content":{"rendered":"<p>Venue sp\u00e9cialement de Californie pour c\u00e9l\u00e9brer le premier d\u00e9fil\u00e9<br \/>\nBalenciaga du cr\u00e9ateur italien, <a href=\"https:\/\/www.closermag.fr\/royautes\/meghan-markle-cette-relation-de-longue-date-qui-a-motive-son-retour-surprise-a-paris-3584554\" target=\"_blank\" rel=\"noopener\"><br \/>\nl&rsquo;\u00e9pouse du prince Harry<\/a> a connu une s\u00e9quence cocasse. Au<br \/>\nmoment de saluer son ami de longue date apr\u00e8s la pr\u00e9sentation, la<br \/>\nsc\u00e8ne a pris une tournure inattendue. Les images captur\u00e9es<br \/>\nt\u00e9moignent d&rsquo;une h\u00e9sitation palpable entre les deux complices. Un<br \/>\nincident anodin qui n&rsquo;a toutefois pas terni l&rsquo;affection mutuelle<br \/>\naffich\u00e9e durant cette soir\u00e9e parisienne.<\/p>\n<p>Un quiproquo sous les flashs<\/p>\n<p>Les retrouvailles entre <a href=\"https:\/\/www.closermag.fr\/royautes\/meghan-markle-chignon-plaque-et-cape-oversize-blanche-elle-ose-un-total-look-immacule-pour-son-passage-a-paris-3584484\" target=\"_blank\" rel=\"noopener\"><br \/>\nla m\u00e8re d&rsquo;Archie et Louis<\/a> et le styliste transalpin auraient d\u00fb<br \/>\n\u00eatre fluides. Pourtant, les photographes pr\u00e9sents ont immortalis\u00e9<br \/>\nune sc\u00e8ne pour le moins maladroite. Alors qu&rsquo;ils se dirigeaient<br \/>\nl&rsquo;un vers l&rsquo;autre apr\u00e8s le d\u00e9fil\u00e9 printemps-\u00e9t\u00e9 2026, impossible de<br \/>\nsavoir qui a amorc\u00e9 le mouvement en premier. <a href=\"https:\/\/www.closermag.fr\/royautes\/surprise-meghan-markle-de-retour-en-europe-son-apparition-surprise-la-ou-personne-ne-lattendait-video-3584466\" target=\"_blank\" rel=\"noopener\"><br \/>\nL&rsquo;ancienne actrice<\/a> semblait opter pour une accolade<br \/>\ntraditionnelle tandis que le directeur artistique penchait<br \/>\nvisiblement pour la bise \u00e0 la fran\u00e7aise.<\/p>\n<p>R\u00e9sultat : une synchronisation manqu\u00e9e qui a failli se conclure<br \/>\npar un contact des l\u00e8vres. Les deux protagonistes se sont fig\u00e9s une<br \/>\nfraction de seconde, conscients du d\u00e9calage.<\/p>\n<p>N\u00e9anmoins, ils ont rapidement rattrap\u00e9 la situation en se<br \/>\nprenant dans les bras, dissipant ainsi le malaise naissant. Cette<br \/>\nmicroscopique confusion gestuelle illustre parfaitement les<br \/>\ndiff\u00e9rences culturelles entre codes de salutation am\u00e9ricains et<br \/>\neurop\u00e9ens. Malgr\u00e9 leurs ann\u00e9es de collaboration, ce d\u00e9tail<br \/>\nprotocolaire leur a \u00e9chapp\u00e9 dans la spontan\u00e9it\u00e9 du moment.<\/p>\n<p>Une complicit\u00e9 intacte malgr\u00e9<br \/>\nl&rsquo;incident<\/p>\n<p>Loin de laisser ce couac g\u00e2cher l&rsquo;instant, <a href=\"https:\/\/www.closermag.fr\/royautes\/meghan-voit-rouge-apres-le-succes-de-william-sur-apple-tv-alors-quelle-peine-a-faire-decoller-son-show-sur-netflix-3584454\" target=\"_blank\" rel=\"noopener\"><br \/>\nla femme du fils cadet du roi Charles III<\/a> a affich\u00e9 un large<br \/>\nsourire. Les clich\u00e9s suivants montrent d&rsquo;ailleurs une duchesse<br \/>\nparfaitement d\u00e9tendue, posant aux c\u00f4t\u00e9s du cr\u00e9ateur sans aucune<br \/>\ntrace de g\u00eane persistante.<\/p>\n<p>Effectivement, leur relation d\u00e9passe largement ce type<br \/>\nd&rsquo;anicroche mineure. Depuis l&rsquo;\u00e9poque o\u00f9 il officiait chez<br \/>\nValentino, le styliste habille r\u00e9guli\u00e8rement la <a href=\"https:\/\/www.closermag.fr\/royautes\/meghan-markle-rend-hommage-a-cette-grande-dame-disparue-et-ca-ne-passe-pas-du-tout-3584331\" target=\"_blank\" rel=\"noopener\"><br \/>\nbelle-s\u0153ur du prince William<\/a> pour des occasions majeures. Cette<br \/>\nproximit\u00e9 professionnelle s&rsquo;est mu\u00e9e en v\u00e9ritable amiti\u00e9 au fil des<br \/>\nans. D&rsquo;ailleurs, la Californienne n&rsquo;aurait pas effectu\u00e9 un tel<br \/>\nd\u00e9placement \u00e9clair si leur lien n&rsquo;\u00e9tait pas authentique.<\/p>\n<p>Son entourage avait pr\u00e9cis\u00e9 qu&rsquo;elle venait \u00ab\u00a0en soutien \u00e0<br \/>\nPierpaolo Piccioli, qui a r\u00e9cemment pris les fonctions de directeur<br \/>\nde la cr\u00e9ation pour la maison\u00a0\u00bb. Par cons\u00e9quent, ce moment<br \/>\nembarrassant n&rsquo;aura \u00e9t\u00e9 qu&rsquo;une parenth\u00e8se amusante dans une soir\u00e9e<br \/>\nc\u00e9l\u00e9brant leur collaboration artistique.<\/p>\n","protected":false},"excerpt":{"rendered":"Venue sp\u00e9cialement de Californie pour c\u00e9l\u00e9brer le premier d\u00e9fil\u00e9 Balenciaga du cr\u00e9ateur italien, l&rsquo;\u00e9pouse du prince Harry a&hellip;\n","protected":false},"author":2,"featured_media":441604,"comment_status":"","ping_status":"","sticky":false,"template":"","format":"standard","meta":{"footnotes":""},"categories":[8],"tags":[58,59,1011,27,908],"class_list":{"0":"post-441603","1":"post","2":"type-post","3":"status-publish","4":"format-standard","5":"has-post-thumbnail","7":"category-divertissement","8":"tag-divertissement","9":"tag-entertainment","10":"tag-fr","11":"tag-france","12":"tag-meghan-markle"},"share_on_mastodon":{"url":"https:\/\/pubeurope.com\/@fr\/115323843795116483","error":""},"_links":{"self":[{"href":"https:\/\/www.europesays.com\/fr\/wp-json\/wp\/v2\/posts\/441603","targetHints":{"allow":["GET"]}}],"collection":[{"href":"https:\/\/www.europesays.com\/fr\/wp-json\/wp\/v2\/posts"}],"about":[{"href":"https:\/\/www.europesays.com\/fr\/wp-json\/wp\/v2\/types\/post"}],"author":[{"embeddable":true,"href":"https:\/\/www.europesays.com\/fr\/wp-json\/wp\/v2\/users\/2"}],"replies":[{"embeddable":true,"href":"https:\/\/www.europesays.com\/fr\/wp-json\/wp\/v2\/comments?post=441603"}],"version-history":[{"count":0,"href":"https:\/\/www.europesays.com\/fr\/wp-json\/wp\/v2\/posts\/441603\/revisions"}],"wp:featuredmedia":[{"embeddable":true,"href":"https:\/\/www.europesays.com\/fr\/wp-json\/wp\/v2\/media\/441604"}],"wp:attachment":[{"href":"https:\/\/www.europesays.com\/fr\/wp-json\/wp\/v2\/media?parent=441603"}],"wp:term":[{"taxonomy":"category","embeddable":true,"href":"https:\/\/www.europesays.com\/fr\/wp-json\/wp\/v2\/categories?post=441603"},{"taxonomy":"post_tag","embeddable":true,"href":"https:\/\/www.europesays.com\/fr\/wp-json\/wp\/v2\/tags?post=441603"}],"curies":[{"name":"wp","href":"https:\/\/api.w.org\/{rel}","templated":true}]}}