{"id":441611,"date":"2025-10-05T22:12:15","date_gmt":"2025-10-05T22:12:15","guid":{"rendered":"https:\/\/www.europesays.com\/fr\/441611\/"},"modified":"2025-10-05T22:12:15","modified_gmt":"2025-10-05T22:12:15","slug":"dix-jours-apres-sa-relaxe-dans-laffaire-libyenne-eric-woerth-devient-ministre-du-gouvernement-lecornu","status":"publish","type":"post","link":"https:\/\/www.europesays.com\/fr\/441611\/","title":{"rendered":"Dix jours apr\u00e8s sa relaxe dans l\u2019affaire libyenne, \u00c9ric Woerth devient ministre du gouvernement Lecornu"},"content":{"rendered":"<p>        <img decoding=\"async\" loading=\"lazy\" src=\"https:\/\/www.europesays.com\/fr\/wp-content\/uploads\/2025\/10\/002ff9b_1664799601906-000-324t7ah.jpg\"  width=\"728\" height=\"409\" alt=\"\u00c9ric Woerth a \u00e9t\u00e9 ministre du Budget de Nicolas Sakozy entre 2077\u00a0et 2010.  (Photo by JULIEN DE ROSA \/ AFP)\"\/>  <\/p>\n<p>JULIEN DE ROSA \/ AFP<\/p>\n<p>\u00c9ric Woerth a \u00e9t\u00e9 ministre du Budget de Nicolas Sakozy entre 2077\u00a0et 2010.  (Photo by JULIEN DE ROSA \/ AFP)<\/p>\n<p class=\"asset asset-text\">POLITIQUE &#8211; Il fait partie de la premi\u00e8re \u00ab\u00a0salve\u00a0\u00bb annonc\u00e9e. <a href=\"https:\/\/www.huffingtonpost.fr\/justice\/article\/affaire-tapie-eric-woerth-mis-en-examen-pour-un-avantage-fiscal-conteste_183220.html\" target=\"_blank\" rel=\"noopener\">\u00c9ric Woerth<\/a>, 69\u00a0ans, fait ce dimanche 5\u00a0octobre son entr\u00e9e au <a href=\"https:\/\/www.huffingtonpost.fr\/politique\/video\/gouvernement-de-sebastien-lecornu-la-liste-des-ministres-annoncee-avec-beaucoup-de-sortants_255625.html\" target=\"_blank\" rel=\"noopener\">gouvernement Lecornu<\/a>, dont la premi\u00e8re partie a \u00e9t\u00e9 d\u00e9voil\u00e9e par le secr\u00e9taire g\u00e9n\u00e9ral de l\u2019\u00c9lys\u00e9e <a href=\"https:\/\/www.huffingtonpost.fr\/politique\/video\/gouvernement-lecornu-c-est-emmanuel-moulin-et-pas-alexis-kohler-qui-va-annoncer-la-liste-des-ministres_255626.html\" target=\"_blank\" rel=\"noopener\">Emmanuel Moulin<\/a>.<\/p>\n<p class=\"asset asset-text\">D\u00e9sign\u00e9 ministre de l\u2019Am\u00e9nagement du territoire, l\u2019ex-LR qui a ralli\u00e9 Emmanuel Macron en 2022 fait un retour de premier plan sur la sc\u00e8ne politique, dix jours apr\u00e8s \u00e9t\u00e9 relax\u00e9 dans l\u2019affaire financement libyen de la campagne de Nicolas Sarkozy en 2007, dont il \u00e9tait alors le tr\u00e9sorier. \u00ab\u00a0\u00c7a met fin \u00e0 des ann\u00e9es de mises en cause. Il y a eu pas mal de messages d\u2019insultes, mais aussi beaucoup de soutiens de mes proches\u00a0\u00bb, disait-il juste apr\u00e8s l\u2019audience.<\/p>\n<p class=\"asset asset-text\">Outre l\u2019Am\u00e9nagement du territoire, il aura dans son portefeuille la D\u00e9centralisation et le Logement, succ\u00e9dant \u00e0 l\u2019ancien socialiste Fran\u00e7ois Rebsamen qui avait annonc\u00e9 d\u00e8s samedi son d\u00e9part du gouvernement.<\/p>\n<p class=\"asset asset-text\">\u00c9ric Woerth a d\u00e9j\u00e0 \u00e9t\u00e9 ministre par le pass\u00e9, puisqu\u2019il a \u00e9t\u00e9 nomm\u00e9 ministre du Budget (2007-2010), puis du Travail et de la Fonction publique (2010) sous Nicolas Sarkozy\u2026 avant d\u2019\u00eatre contraint de quitter le gouvernement apr\u00e8s les r\u00e9v\u00e9lations autour de l\u2019affaire Bettencourt.<\/p>\n<p>                     Avant l\u2019affaire libyenne, la relaxe de l\u2019affaire Bettencourt    <\/p>\n<p class=\"asset asset-text\">R\u00e9\u00e9lu d\u00e9put\u00e9 de l\u2019Oise en 2017 et 2022, \u00c9ric Woerth a plusieurs fois \u00e9t\u00e9 inqui\u00e9t\u00e9 par la justice par le pass\u00e9, d\u2019abord dans l\u2019affaire de la vente contest\u00e9e de l\u2019hippodrome de Compi\u00e8gne r\u00e9v\u00e9l\u00e9e par le Canard encha\u00een\u00e9 en 2010 et sold\u00e9e par un non-lieu de la Commission d\u2019instruction de la Cour de justice de la R\u00e9publique.<\/p>\n<p class=\"asset asset-text\">Il a ensuite \u00e9t\u00e9 doublement relax\u00e9 dans l\u2019affaire Bettencourt en 2015 apr\u00e8s \u00ab\u00a0cinq ans d\u2019accusations malveillantes et mensong\u00e8res, parfois instrumentalis\u00e9es par des femmes et des hommes politiques sans scrupule\u00a0\u00bb, selon ses termes.<\/p>\n<p class=\"asset asset-text\">Plus r\u00e9cemment, il a \u00e9galement \u00e9t\u00e9 relax\u00e9 dans l\u2019affaire des financements libyens, contrairement \u00e0 l\u2019ex-p\u00e9sident <a href=\"https:\/\/www.huffingtonpost.fr\/politique\/article\/la-defense-de-nicolas-sarkozy-apres-sa-condamnation-mise-a-mal-par-un-rapport-du-senat-sur-l-execution-des-peines-clx1_255481.html\" target=\"_blank\" rel=\"noopener\">Nicolas Sarkozy<\/a> qui a \u00e9t\u00e9 condamn\u00e9 \u00e0 cinq ans d\u2019emprisonnement avec incarc\u00e9ration prochaine pour avoir \u00ab\u00a0laiss\u00e9 ses plus proches\u00a0\u00bb d\u00e9marcher la Libye de Mouammar Kadhafi pour financer sa campagne victorieuse de 2007.<\/p>\n<p class=\"asset asset-text\">Poursuivi pour complicit\u00e9 de financement ill\u00e9gal de campagne, \u00c9ric Woerth risquait une peine de prison d\u2019un an ferme et 3750 euros d\u2019amende mais le tribunal correctionnel de Paris a d\u00e9clar\u00e9 l\u2019homme politique non coupable des faits qui lui \u00e9taient reproch\u00e9s. Il n\u2019\u00e9tait pas pr\u00e9sent \u00e0 l\u2019audience le 25\u00a0septembre dernier pour entendre le tribunal le relaxer m\u00eame si, rappelle <a href=\"https:\/\/www.mediapart.fr\/journal\/france\/260925\/sarkozy-kadhafi-dix-questions-pour-tout-comprendre-d-un-jugement-historique\" target=\"_blank\" rel=\"noopener\" title=\"Nouvelle fen\u00eatre\">Mediapart<\/a>, ses explications sur la circulation d\u2019argent liquide dans la campagne ont \u00e9t\u00e9 jug\u00e9es \u00ab\u00a0d\u00e9nu\u00e9es de toute cr\u00e9dibilit\u00e9\u00a0\u00bb par les magistrats.<\/p>\n","protected":false},"excerpt":{"rendered":"JULIEN DE ROSA \/ AFP \u00c9ric Woerth a \u00e9t\u00e9 ministre du Budget de Nicolas Sakozy entre 2077\u00a0et 2010.&hellip;\n","protected":false},"author":2,"featured_media":441612,"comment_status":"","ping_status":"","sticky":false,"template":"","format":"standard","meta":{"footnotes":""},"categories":[4],"tags":[11,54630,1011,27,19629,12,316,25,11067],"class_list":{"0":"post-441611","1":"post","2":"type-post","3":"status-publish","4":"format-standard","5":"has-post-thumbnail","7":"category-france","8":"tag-actualites","9":"tag-eric-woerth","10":"tag-fr","11":"tag-france","12":"tag-gouvernance","13":"tag-news","14":"tag-politique","15":"tag-republique-francaise","16":"tag-sebastien-lecornu"},"share_on_mastodon":{"url":"https:\/\/pubeurope.com\/@fr\/115323859450234131","error":""},"_links":{"self":[{"href":"https:\/\/www.europesays.com\/fr\/wp-json\/wp\/v2\/posts\/441611","targetHints":{"allow":["GET"]}}],"collection":[{"href":"https:\/\/www.europesays.com\/fr\/wp-json\/wp\/v2\/posts"}],"about":[{"href":"https:\/\/www.europesays.com\/fr\/wp-json\/wp\/v2\/types\/post"}],"author":[{"embeddable":true,"href":"https:\/\/www.europesays.com\/fr\/wp-json\/wp\/v2\/users\/2"}],"replies":[{"embeddable":true,"href":"https:\/\/www.europesays.com\/fr\/wp-json\/wp\/v2\/comments?post=441611"}],"version-history":[{"count":0,"href":"https:\/\/www.europesays.com\/fr\/wp-json\/wp\/v2\/posts\/441611\/revisions"}],"wp:featuredmedia":[{"embeddable":true,"href":"https:\/\/www.europesays.com\/fr\/wp-json\/wp\/v2\/media\/441612"}],"wp:attachment":[{"href":"https:\/\/www.europesays.com\/fr\/wp-json\/wp\/v2\/media?parent=441611"}],"wp:term":[{"taxonomy":"category","embeddable":true,"href":"https:\/\/www.europesays.com\/fr\/wp-json\/wp\/v2\/categories?post=441611"},{"taxonomy":"post_tag","embeddable":true,"href":"https:\/\/www.europesays.com\/fr\/wp-json\/wp\/v2\/tags?post=441611"}],"curies":[{"name":"wp","href":"https:\/\/api.w.org\/{rel}","templated":true}]}}