{"id":441617,"date":"2025-10-05T22:17:13","date_gmt":"2025-10-05T22:17:13","guid":{"rendered":"https:\/\/www.europesays.com\/fr\/441617\/"},"modified":"2025-10-05T22:17:13","modified_gmt":"2025-10-05T22:17:13","slug":"rdv-de-lorientation-cesi-nancy-le-11-octobre-2025","status":"publish","type":"post","link":"https:\/\/www.europesays.com\/fr\/441617\/","title":{"rendered":"RDV de l\u2019Orientation CESI Nancy, le 11 octobre 2025"},"content":{"rendered":"<p>Venez explorer les fili\u00e8res d\u2019excellence CESI, afin de vous projeter dans votre futur m\u00e9tier lors de cet \u00e9v\u00e8nement majeur ouvert \u00e0 tous\u00a0:\u00a0 lyc\u00e9ens, \u00e9tudiants en r\u00e9orientation, ou encore jeunes actifs et parents en pleine interrogation.<\/p>\n<p>\u00c0 l\u2019occasion de cette 4eme \u00e9dition du RDV de l\u2019Orientation, les \u00e9quipes p\u00e9dagogiques seront l\u00e0 pour vous accompagner \u00e0 chaque \u00e9tape de votre r\u00e9flexion et vous guider dans la construction de votre projet d\u2019\u00e9tudes.<\/p>\n<p>Au programme de ce samedi :<\/p>\n<ul>\n<li>Une <strong>table d\u2019orientation<\/strong> pour vous aider \u00e0 identifier la formation qui correspond \u00e0 vos aspirations,<\/li>\n<li>Des <strong>pr\u00e9sentations m\u00e9tiers<\/strong> pour d\u00e9couvrir la r\u00e9alit\u00e9 professionnelle,<\/li>\n<li>Des <strong>\u00e9changes personnalis\u00e9s<\/strong> avec nos \u00e9quipes p\u00e9dagogiques,<\/li>\n<li>Et la <strong>visite du campus<\/strong>, pour comprendre notre p\u00e9dagogie active et nos espaces modernes.<\/li>\n<\/ul>\n<p>D\u00e9couvrez les <strong>cinq domaines de formation CESI<\/strong> : Industrie &amp; Innovation, Informatique &amp; Num\u00e9rique, Qualit\u00e9-S\u00e9curit\u00e9-Environnement &amp; D\u00e9veloppement Durable, BTP &amp; G\u00e9nie civil, Ressources Humaines &amp; Management.<\/p>\n<p>Depuis 40 ans, CESI Nancy forme des ing\u00e9nieurs et cadres recherch\u00e9s, gr\u00e2ce \u00e0 une p\u00e9dagogie <strong>active et professionnalisante<\/strong> : stages, passerelles entre fili\u00e8res, acculturation industrielle avec des intervenants professionnels, projets concrets, acquisition de soft skills, exp\u00e9riences et comp\u00e9tences particuli\u00e8rement recherch\u00e9s sur le march\u00e9 de l\u2019emploi, ouverture internationale et lien permanent avec un vaste r\u00e9seau d\u2019entreprises partenaires.<\/p>\n<p>Le RDV de l\u2019Orientation du 11 octobre vous permettra de <strong>clarifier vos choix<\/strong>, de poser toutes vos questions et de vous projeter dans un parcours qui allie excellence et ouverture professionnelle.<\/p>\n<p>\ud83d\udc49 <a href=\"https:\/\/www.cesi.fr\/jpo\/\" target=\"_blank\" rel=\"noopener\">Inscrivez-vous d\u00e8s maintenant<\/a><\/p>\n","protected":false},"excerpt":{"rendered":"Venez explorer les fili\u00e8res d\u2019excellence CESI, afin de vous projeter dans votre futur m\u00e9tier lors de cet \u00e9v\u00e8nement&hellip;\n","protected":false},"author":2,"featured_media":441618,"comment_status":"","ping_status":"","sticky":false,"template":"","format":"standard","meta":{"footnotes":""},"categories":[9635],"tags":[1111,11,7884,1777,674,1011,27,775,1702,12,25],"class_list":{"0":"post-441617","1":"post","2":"type-post","3":"status-publish","4":"format-standard","5":"has-post-thumbnail","7":"category-nancy","8":"tag-actu","9":"tag-actualites","10":"tag-articles-partenaires","11":"tag-eu","12":"tag-europe","13":"tag-fr","14":"tag-france","15":"tag-grand-est","16":"tag-nancy","17":"tag-news","18":"tag-republique-francaise"},"share_on_mastodon":{"url":"https:\/\/pubeurope.com\/@fr\/115323878992432886","error":""},"_links":{"self":[{"href":"https:\/\/www.europesays.com\/fr\/wp-json\/wp\/v2\/posts\/441617","targetHints":{"allow":["GET"]}}],"collection":[{"href":"https:\/\/www.europesays.com\/fr\/wp-json\/wp\/v2\/posts"}],"about":[{"href":"https:\/\/www.europesays.com\/fr\/wp-json\/wp\/v2\/types\/post"}],"author":[{"embeddable":true,"href":"https:\/\/www.europesays.com\/fr\/wp-json\/wp\/v2\/users\/2"}],"replies":[{"embeddable":true,"href":"https:\/\/www.europesays.com\/fr\/wp-json\/wp\/v2\/comments?post=441617"}],"version-history":[{"count":0,"href":"https:\/\/www.europesays.com\/fr\/wp-json\/wp\/v2\/posts\/441617\/revisions"}],"wp:featuredmedia":[{"embeddable":true,"href":"https:\/\/www.europesays.com\/fr\/wp-json\/wp\/v2\/media\/441618"}],"wp:attachment":[{"href":"https:\/\/www.europesays.com\/fr\/wp-json\/wp\/v2\/media?parent=441617"}],"wp:term":[{"taxonomy":"category","embeddable":true,"href":"https:\/\/www.europesays.com\/fr\/wp-json\/wp\/v2\/categories?post=441617"},{"taxonomy":"post_tag","embeddable":true,"href":"https:\/\/www.europesays.com\/fr\/wp-json\/wp\/v2\/tags?post=441617"}],"curies":[{"name":"wp","href":"https:\/\/api.w.org\/{rel}","templated":true}]}}