{"id":441621,"date":"2025-10-05T22:20:31","date_gmt":"2025-10-05T22:20:31","guid":{"rendered":"https:\/\/www.europesays.com\/fr\/441621\/"},"modified":"2025-10-05T22:20:31","modified_gmt":"2025-10-05T22:20:31","slug":"la-section-paloise-refroidie-par-son-deficit-defficacite-a-toulon-33-17","status":"publish","type":"post","link":"https:\/\/www.europesays.com\/fr\/441621\/","title":{"rendered":"la Section Paloise refroidie par son d\u00e9ficit d\u2019efficacit\u00e9 \u00e0 Toulon (33-17)"},"content":{"rendered":"<p>Les p\u00e9nalit\u00e9s, justement, ont particip\u00e9 \u00e0 provoquer la perte de Palois sanctionn\u00e9 de deux jaunes (Tuipulotu et Manu) pour un total de sept fautes commises en premi\u00e8re p\u00e9riode. Et malgr\u00e9 les neuf incursions b\u00e9arnaises dans les 22 m\u00e8tres varois sur ce laps de temps, Toulon s\u2019est montr\u00e9 bien plus efficace. Dans le jeu apr\u00e8s contact notamment, et m\u00eame si les Varois ont fait la diff\u00e9rence gr\u00e2ce \u00e0 un rasant de Serin \u00e0 destination de Rayan Rebbadj (7-0, 16e), puis \u00e0 l\u2019issue d\u2019une s\u00e9quence de jeu \u00e0 une passe (14-0, 29e).<\/p>\n<p>Le suspens relanc\u00e9 en d\u00e9but de seconde p\u00e9riode<\/p>\n<p>La Section a fini par perdre pied en d\u00e9but de seconde p\u00e9riode, en encaissant deux essais en quatre minutes. Via une double passe \u00e0 hauteur entre Serin, Brex et Frish (21-3, 41e), puis apr\u00e8s un franchissement de Sinckler bonifi\u00e9 par Ribbans (28-3, 45e). Si l\u2019essai d\u2019Isa, pour son retour \u00e0 Mayol, a relanc\u00e9 le suspens (26-10, 52e), celui de Nonu, dans la foul\u00e9e et apr\u00e8s maul, a vite refroidi le clan palois (33-10, 55e).<\/p>\n<p>Gr\u00e2ce \u00e0 l\u2019apport d\u2019un banc compos\u00e9 de titulaires habituels, Pau a eu le m\u00e9rite de ne pas craquer, en r\u00e9duisant m\u00eame l\u2019\u00e9cart via Manu en fin de match (33-17, 73e). Il aurait m\u00eame pu \u00f4ter le gain du bonus d\u00e9fensif \u00e0 Toulon, mais sa derni\u00e8re touche, \u00e0 5\u00a0m de la ligne varoise, s\u2019est d\u00e9fil\u00e9e entre les doigts de Cr\u00e9doz.<\/p>\n","protected":false},"excerpt":{"rendered":"Les p\u00e9nalit\u00e9s, justement, ont particip\u00e9 \u00e0 provoquer la perte de Palois sanctionn\u00e9 de deux jaunes (Tuipulotu et Manu)&hellip;\n","protected":false},"author":2,"featured_media":441622,"comment_status":"","ping_status":"","sticky":false,"template":"","format":"standard","meta":{"footnotes":""},"categories":[9619],"tags":[1111,11,1777,674,1011,27,12,882,25,2310],"class_list":{"0":"post-441621","1":"post","2":"type-post","3":"status-publish","4":"format-standard","5":"has-post-thumbnail","7":"category-toulon","8":"tag-actu","9":"tag-actualites","10":"tag-eu","11":"tag-europe","12":"tag-fr","13":"tag-france","14":"tag-news","15":"tag-provence-alpes-cote-dazur","16":"tag-republique-francaise","17":"tag-toulon"},"share_on_mastodon":{"url":"https:\/\/pubeurope.com\/@fr\/115323890902813072","error":""},"_links":{"self":[{"href":"https:\/\/www.europesays.com\/fr\/wp-json\/wp\/v2\/posts\/441621","targetHints":{"allow":["GET"]}}],"collection":[{"href":"https:\/\/www.europesays.com\/fr\/wp-json\/wp\/v2\/posts"}],"about":[{"href":"https:\/\/www.europesays.com\/fr\/wp-json\/wp\/v2\/types\/post"}],"author":[{"embeddable":true,"href":"https:\/\/www.europesays.com\/fr\/wp-json\/wp\/v2\/users\/2"}],"replies":[{"embeddable":true,"href":"https:\/\/www.europesays.com\/fr\/wp-json\/wp\/v2\/comments?post=441621"}],"version-history":[{"count":0,"href":"https:\/\/www.europesays.com\/fr\/wp-json\/wp\/v2\/posts\/441621\/revisions"}],"wp:featuredmedia":[{"embeddable":true,"href":"https:\/\/www.europesays.com\/fr\/wp-json\/wp\/v2\/media\/441622"}],"wp:attachment":[{"href":"https:\/\/www.europesays.com\/fr\/wp-json\/wp\/v2\/media?parent=441621"}],"wp:term":[{"taxonomy":"category","embeddable":true,"href":"https:\/\/www.europesays.com\/fr\/wp-json\/wp\/v2\/categories?post=441621"},{"taxonomy":"post_tag","embeddable":true,"href":"https:\/\/www.europesays.com\/fr\/wp-json\/wp\/v2\/tags?post=441621"}],"curies":[{"name":"wp","href":"https:\/\/api.w.org\/{rel}","templated":true}]}}