{"id":441623,"date":"2025-10-05T22:21:14","date_gmt":"2025-10-05T22:21:14","guid":{"rendered":"https:\/\/www.europesays.com\/fr\/441623\/"},"modified":"2025-10-05T22:21:14","modified_gmt":"2025-10-05T22:21:14","slug":"cause-commune-nous-sommes-bis-ou-nouvel-espoir-de-la-gauche-anti-delafosse-a-montpellier","status":"publish","type":"post","link":"https:\/\/www.europesays.com\/fr\/441623\/","title":{"rendered":"Cause Commune, Nous Sommes bis ou nouvel espoir de la gauche anti-Delafosse \u00e0 Montpellier\u00a0?"},"content":{"rendered":"<p>            Par<br \/>\n        <strong><br \/>\n            <a href=\"https:\/\/actu.fr\/auteur\/c-nithard\" title=\"Consulter tous les articles de C\u00e9dric Nithard\" rel=\"nofollow noopener\" target=\"_blank\">C\u00e9dric Nithard<\/a><br \/>\n        <\/strong><\/p>\n<p>        Publi\u00e9 le<\/p>\n<p>            5 oct. 2025 \u00e0 8h41        <\/p>\n<p>\u00c0 Montpellier, <strong>le mouvement Cause Commune<\/strong> a fait la semaine derni\u00e8re ses d\u00e9buts dans <strong>la campagne municipale<\/strong>. Pour qui a suivi la pr\u00e9c\u00e9dente, il y avait comme une sensation de d\u00e9j\u00e0-vu lors de cette conf\u00e9rence de rentr\u00e9e o\u00f9 furent pr\u00e9sent\u00e9es les sept premi\u00e8res mesures de leur programme. L\u2019occasion d\u2019en savoir plus sur <strong>les objectifs politiques<\/strong> du <strong>mouvement municipaliste<\/strong>. Nous Sommes bis ou nouvel espoir de la gauche anti-Delafosse ? Cause Commune entend peser dans la constitution d\u2019un bloc de rupture.<\/p>\n<p>De Nous Sommes \u00e0 Cause Commune<\/p>\n<p class=\" wall-content\">En mai dernier, Cause Commune faisait son apparition lors d\u2019une r\u00e9union publique devant les halles des 4 saisons \u00e0 La Paillade. Aux c\u00f4t\u00e9s des habitants du quartier, de nombreux anciens du <a href=\"https:\/\/actu.fr\/occitanie\/montpellier_34172\/municipales-montpellier-alenka-doulain-tete-liste-noussommes-ce-courage-est-possible-nous-navons-rien-gagner_30538709.html\" rel=\"nofollow noopener\" target=\"_blank\">mouvement municipaliste Nous Sommes telle son ancienne t\u00eate de liste Alenka Doulain<\/a>. Son alliance avec Mohed Altrad lui a permis, ainsi qu\u2019\u00e0 Clothilde Ollier et Flora Labourier, de rejoindre le conseil municipal. <a href=\"https:\/\/actu.fr\/occitanie\/montpellier_34172\/municipales-montpellier-mohed-altrad-en-manager-d-un-attelage-detonant_34043283.html\" rel=\"nofollow noopener\" target=\"_blank\">Une alliance contre-nature pour beaucoup<\/a>, motiv\u00e9e par la strat\u00e9gie du \u00ab\u00a0un pied dedans, mille pieds dehors\u00a0\u00bb et la volont\u00e9 de ne pas se compromettre avec des partenaires politiques certes plus proches comme Micha\u00ebl Delafosse ou Philippe Saurel mais dont ils ne partageaient pas les m\u00e9thodes. Depuis, \u00e9tendard de La France Insoumise brandi, Alenka Doulain a men\u00e9 une opposition farouche au maire de Montpellier.<\/p>\n<p class=\" wall-content\">En parall\u00e8le, Nous Sommes a d\u00fb dig\u00e9rer le rapprochement avec \u00ab\u00a0le milliardaire\u00a0\u00bb et prouver qu\u2019il ne s\u2019agissait pas d\u2019un p\u00e9ch\u00e9 originel, que certains n\u2019avaient pas vendu leur \u00e2me au diable et qu\u2019il n\u2019\u00e9tait question que d\u2019un coup politique. Le mouvement quelque peu en sommeil, beaucoup ont rejoint leurs \u00e9curies d\u2019origine, La France Insoumise et Les \u00c9cologistes, se retrouvant au gr\u00e9 des luttes locales et nationales\u2026 et des diff\u00e9rentes \u00e9ch\u00e9ances \u00e9lectorales. \u00c0 l\u2019approche des municipales, Nous Sommes pouvait-il revenir \u00e0 l\u2019identique ? Sans doute pas. Alors, Nous Sommes ayant v\u00e9cu, place \u00e0 Cause Commune.\u00a0<\/p>\n<p>Nous Sommes bis ?<\/p>\n<p class=\" wall-content\">\u00ab\u00a0Nous Sommes \u00e9tait une aventure municipaliste qui a v\u00e9cu des mouvements intenses lors de la derni\u00e8re campagne. Aujourd\u2019hui nous sommes dans la perp\u00e9tuation de ce mouvement municipaliste. Les personnes engag\u00e9es dans Cause Commune ont l\u2019intime conviction que nous pouvons agir et avoir de l\u2019impact au niveau municipal\u00a0\u00bb explique Soufyan Heutte. <a href=\"https:\/\/actu.fr\/occitanie\/montpellier_34172\/montpellier-soufyan-heutte-devoile-son-troisieme-roman-rap-au-vif_61736784.html\" rel=\"nofollow noopener\" target=\"_blank\">L\u2019auteur montpelli\u00e9rain<\/a>, qui signe un premier engagement en politique en \u00e9tant un des quatre porte-paroles de Cause Commune, juge que \u00ab\u00a0Nous Sommes a appris de son aventure. La diff\u00e9rence c\u2019est qu\u2019il y a un plus grand ancrage en termes de diversit\u00e9 aussi bien territorial, socio-\u00e9conomique, socio-professionnel et de raisons d\u2019engagement. Les profils sont beaucoup plus vari\u00e9s et la m\u00e9thode est beaucoup plus ancr\u00e9e sur la participation des territoires\u00a0\u00bb.<\/p>\n<p>Vid\u00e9os : en ce moment sur Actu<\/p>\n<p class=\" wall-content\">Sans doute mieux plac\u00e9e pour appr\u00e9cier la comparaison, Alenka Doulain compl\u00e8te : \u00ab\u00a0La filiation la plus importante avec Nous Sommes, c\u2019est que si l\u2019on n\u2019arrive pas \u00e0 embarquer les gens, jamais ils nous feront confiance. Ils prendront ceux dont ils ne sont pas satisfaits, mais qui font partie du paysage. La course de petits chevaux, des t\u00eates de liste\u2026 ce n\u2019est pas essentiel. Ce qui est essentiel, c\u2019est comment on construit ce bloc de rupture autour d\u2019un projet qui change la vie des gens. Cet accord autour de ce programme peut \u00eatre la cl\u00e9 du verrou pour arriver \u00e0 proposer une offre coh\u00e9rente dans les mois qui viennent\u00a0\u00bb.<\/p>\n<p>Alenka Doulain et La France Insoumise<\/p>\n<p class=\" wall-content\">Aujourd\u2019hui porte-parole de Cause Commune, Alenka Doulain aurait pu appara\u00eetre dans une autre \u00e9curie. Apr\u00e8s tout un mandat \u00e0 incarner l\u2019opposition \u00e0 Micha\u00ebl Delafosse, que ce soit le maire et le pr\u00e9sident de la M\u00e9tropole sur des sujets locaux, ou le repr\u00e9sentant du Parti Socialiste sur des enjeux nationaux, certains la pressentaient pour <a href=\"https:\/\/actu.fr\/occitanie\/montpellier_34172\/montpellier-avec-quatre-chefs-de-file-la-france-insoumise-ne-se-prend-pas-encore-la-tete_62857092.html\" rel=\"nofollow noopener\" target=\"_blank\">conduire la liste insoumise aux municipales<\/a>. Ce ne sera pas le cas et, sans incoh\u00e9rence ou regret semble-t-il pour celle qui \u00e0 l\u2019\u00e9poque fut pouss\u00e9e par les militants de Nous Sommes \u00e0 \u00eatre leur t\u00eate de liste.<\/p>\n<p>Votre r\u00e9gion, votre actu !<\/p>\n<p>Recevez chaque jour les infos qui comptent pour vous.<\/p>\n<p>\t<a href=\"https:\/\/actu.fr\/newsletter\" class=\"ac-btn ac-btn--corner ac-btn--medium ac-btn--blue800\" rel=\"nofollow noopener\" target=\"_blank\">S&rsquo;incrire<\/a><\/p>\n<p class=\" wall-content\">\u00ab\u00a0Ma proximit\u00e9 avec La France Insoumise est de notori\u00e9t\u00e9 publique. Je pense qu\u2019aujourd\u2019hui LFI, \u00e0 l\u2019\u00e9chelle nationale, est celle qui a permis de relever la gauche de rupture en France. C\u2019est ce que je porte et c\u2019est pourquoi je me suis engag\u00e9e dans des campagnes nationales \u00e0 leurs c\u00f4t\u00e9s\u00a0\u00bb, explique-t-elle avant d\u2019\u00e9clairer : \u00ab\u00a0Apr\u00e8s, je suis municipaliste et je pense que localement il faut cr\u00e9er des mouvements politiques qui d\u00e9passent les \u00e9tiquettes et permettent d\u2019aller chercher ces habitants qui pensent qu\u2019ils ne peuvent rien faire pour changer les politiques locales, qui s\u2019abstiennent aux \u00e9lections\u2026 C\u2019est mon ADN, c\u2019est ce que j\u2019ai toujours port\u00e9 chez Nous Sommes et ce que je compte porter dans cette campagne\u00a0\u00bb. Apr\u00e8s avoir d\u00e9fendu le programme \u00ab\u00a0Un nouvel espoir\u00a0\u00bb en 2020, Alenka Doulain n\u2019affiche par ailleurs aucune ambition personnelle au sein de Cause Commune qui a \u00e9galement <a href=\"https:\/\/actu.fr\/occitanie\/montpellier_34172\/montpellier-la-nupes-a-la-sauce-nous-sommes-ne-fait-pas-recette-au-conseil-municipal_52108305.html\" rel=\"nofollow noopener\" target=\"_blank\">le soutien des deux autres \u00e9lues du groupe MUPES au conseil municipal Clothilde Ollier et Flora Labourier<\/a>.<\/p>\n<p>Quelle strat\u00e9gie ?<\/p>\n<p class=\" wall-content\">Pour l\u2019heure dans la phase de construction du projet, la question de la liste et de la t\u00eate de liste ne se pose pas encore au sein de Cause Commune. \u00ab\u00a0Aujourd\u2019hui, on pense qu\u2019il faut mettre Micha\u00ebl Delafosse hors d\u2019\u00e9tat de nuire, c\u2019est-\u00e0-dire gagner en mars 2026. Et pour gagner il ne suffit pas juste de taper sur Micha\u00ebl Delafosse, il faut un contre-projet. C\u2019est la seule mani\u00e8re de convaincre les Montpelli\u00e9raines et les Montpelli\u00e9rains qu\u2019un autre Montpellier est possible. Le programme, le fond, la vision, le projet\u2026 c\u2019est essentiel\u00a0\u00bb tonne Alenka Doulain en r\u00e9p\u00e9tant son alerte : \u00ab\u00a0Tous ceux qui feront passer leur destin\u00e9e personnelle et leur petit ego porteront la responsabilit\u00e9 de l\u2019\u00e9chec de la gauche de rupture \u00e0 Montpellier. Mettons-nous autour d\u2019une table, construisons un projet commun et un bloc de rupture. \u00c0 chacun de prendre toute sa responsabilit\u00e9 dans ce projet. Et nous, nous prenons notre part\u00a0\u00bb.<\/p>\n<p class=\" wall-content\">Ce n\u2019est un myst\u00e8re pour personne, d\u2019autres formations revendiquent \u00e0 peu de choses pr\u00e8s les m\u00eames affinit\u00e9s. Marc Nougier, autre porte-parole de Cause Commune ne le cache pas. \u00ab\u00a0On discute mais la discussion se fait sur la base d\u2019un projet, d\u2019une vision et d\u2019un changement de la pratique politique qui doivent \u00eatre claires. D\u00e8s maintenant les canaux sont ouverts pour des discussions en particulier avec La France Insoumise et Les \u00c9colos\u00a0\u00bb. Rien de surprenant, les deux, <a href=\"https:\/\/actu.fr\/occitanie\/montpellier_34172\/municipales-montpellier-rhany-slimane-lfi-veut-rompre-avec-le-macroniste-delafosse_63124543.html\" rel=\"nofollow noopener\" target=\"_blank\">avec d\u2019une part Rhany Slimane<\/a> et de l\u2019autre Julia Mignacca, actifs dans Nous Sommes et aujourd\u2019hui derri\u00e8re <a href=\"https:\/\/actu.fr\/occitanie\/montpellier_34172\/municipales-la-deputee-nathalie-oziol-tete-de-liste-lfi-a-montpellier_63241745.html\" rel=\"nofollow noopener\" target=\"_blank\">leur candidat respectif Nathalie Oziol<\/a> et <a href=\"https:\/\/actu.fr\/occitanie\/montpellier_34172\/nous-sommes-en-ordre-de-bataille-a-montpellier-marine-tondelier-conforte-jean-louis-roumegas_63224345.html\" rel=\"nofollow noopener\" target=\"_blank\">Jean-Louis Roum\u00e9gas<\/a>, \u00e9taient pench\u00e9s sur le berceau de Cause Commune. De l\u00e0 \u00e0 voir dans le mouvement municipaliste une issue de secours en cas de d\u00e9saccord profond au sein des deux formations comme le fut Nous Sommes pour La France Insoumise en 2020 ? L\u2019avenir le dira.<\/p>\n<p>Un strapontin ?<\/p>\n<p class=\" wall-content\">Quant \u00e0 la coh\u00e9rence politique, qui a pu \u00eatre reproch\u00e9e \u00e0 Nous Sommes dans son alliance avec Mohed Altrad, Marc Nougier assure qu\u2019elle sera cette fois d\u2019ores et d\u00e9j\u00e0 au rendez-vous : \u00ab\u00a0On ne soutiendra pas un projet dans lequel on ne se reconna\u00eet pas. Nous avons une pratique collective qui est d\u2019\u00eatre capable de discuter d\u2019une d\u00e9cision, de pr\u00e9senter des \u00ab\u00a0pour\u00a0\u00bb et des \u00ab\u00a0contre\u00a0\u00bb et d\u2019arriver \u00e0 une d\u00e9cision collective. Le sc\u00e9nario d\u2019\u00eatre un strapontin pour \u00eatre utilis\u00e9 par une autre force politique n\u2019existe pas\u00a0\u00bb.<\/p>\n<p class=\" wall-content\">Incarnant une parole citoyenne nouvelle, Soufyan Heutte balaye toute id\u00e9e de tambouille dans ses discussions. \u00ab\u00a0Notre but n\u2019est pas l\u2019addition des partis mais la multiplication des habitants. Si le but est de s\u2019allier pour se placer dans une liste, ce n\u2019est pas la peine de discuter. Nous avons un programme qui est une vision de transformation de la fa\u00e7on de vivre \u00e0 Montpellier. Ce n\u2019est pas un programme transposable dans une autre ville, c\u2019est du v\u00e9cu et qui a \u00e9t\u00e9 fait avec une m\u00e9thodologie s\u00e9rieuse en impliquant les habitants\u00a0\u00bb explique-t-il en poursuivant avec tout autant de conviction : \u00ab\u00a0Si tout le monde a la m\u00eame vision, on est cens\u00e9s aller dans la m\u00eame direction et au m\u00eame moment. Nous voulons nous allier avec des personnes qui s\u2019engagent. Le mot \u00e0 marteler c\u2019est l\u2019engagement ! L\u2019engagement pour moi c\u2019est mettre en gage, il faut mettre un peu de soi, un peu se sacrifier. On est vraiment dans une politique o\u00f9 les habitants ont leur mot \u00e0 dire donc les politiciens devront sacrifier un peu de leur pouvoir. Si les gens sont pr\u00eats \u00e0 \u00e7a, on peut s\u2019entendre\u00a0\u00bb. Les mots sont pos\u00e9s, \u00e0 chacun de se rencontrer. Feront-ils\u2026 cause commune ?<\/p>\n<p class=\" wall-content\">Personnalisez votre actualit\u00e9 en ajoutant vos villes et m\u00e9dias en favori avec <a href=\"https:\/\/moncompte.actu.fr\" title=\"D\u00e9couvez Mon Actu\" rel=\"nofollow noopener\" data-trk=\"{&quot;cta&quot;:{&quot;action&quot;:&quot;https:\\\/\\\/moncompte.actu.fr&quot;,&quot;category&quot;:&quot;mon compte&quot;,&quot;from&quot;:&quot;article footer&quot;,&quot;name&quot;:&quot;Mon actu&quot;,&quot;type&quot;:&quot;cta&quot;}}\" target=\"_blank\">Mon Actu<\/a>.<\/p>\n","protected":false},"excerpt":{"rendered":"Par C\u00e9dric Nithard Publi\u00e9 le 5 oct. 2025 \u00e0 8h41 \u00c0 Montpellier, le mouvement Cause Commune a fait&hellip;\n","protected":false},"author":2,"featured_media":441624,"comment_status":"","ping_status":"","sticky":false,"template":"","format":"standard","meta":{"footnotes":""},"categories":[9599],"tags":[1111,11,4188,1777,674,1011,27,2208,12,2680,316,25],"class_list":{"0":"post-441623","1":"post","2":"type-post","3":"status-publish","4":"format-standard","5":"has-post-thumbnail","7":"category-montpellier","8":"tag-actu","9":"tag-actualites","10":"tag-elections-municipales","11":"tag-eu","12":"tag-europe","13":"tag-fr","14":"tag-france","15":"tag-montpellier","16":"tag-news","17":"tag-occitanie","18":"tag-politique","19":"tag-republique-francaise"},"share_on_mastodon":{"url":"https:\/\/pubeurope.com\/@fr\/115323894867738555","error":""},"_links":{"self":[{"href":"https:\/\/www.europesays.com\/fr\/wp-json\/wp\/v2\/posts\/441623","targetHints":{"allow":["GET"]}}],"collection":[{"href":"https:\/\/www.europesays.com\/fr\/wp-json\/wp\/v2\/posts"}],"about":[{"href":"https:\/\/www.europesays.com\/fr\/wp-json\/wp\/v2\/types\/post"}],"author":[{"embeddable":true,"href":"https:\/\/www.europesays.com\/fr\/wp-json\/wp\/v2\/users\/2"}],"replies":[{"embeddable":true,"href":"https:\/\/www.europesays.com\/fr\/wp-json\/wp\/v2\/comments?post=441623"}],"version-history":[{"count":0,"href":"https:\/\/www.europesays.com\/fr\/wp-json\/wp\/v2\/posts\/441623\/revisions"}],"wp:featuredmedia":[{"embeddable":true,"href":"https:\/\/www.europesays.com\/fr\/wp-json\/wp\/v2\/media\/441624"}],"wp:attachment":[{"href":"https:\/\/www.europesays.com\/fr\/wp-json\/wp\/v2\/media?parent=441623"}],"wp:term":[{"taxonomy":"category","embeddable":true,"href":"https:\/\/www.europesays.com\/fr\/wp-json\/wp\/v2\/categories?post=441623"},{"taxonomy":"post_tag","embeddable":true,"href":"https:\/\/www.europesays.com\/fr\/wp-json\/wp\/v2\/tags?post=441623"}],"curies":[{"name":"wp","href":"https:\/\/api.w.org\/{rel}","templated":true}]}}