{"id":441627,"date":"2025-10-05T22:24:19","date_gmt":"2025-10-05T22:24:19","guid":{"rendered":"https:\/\/www.europesays.com\/fr\/441627\/"},"modified":"2025-10-05T22:24:19","modified_gmt":"2025-10-05T22:24:19","slug":"vendredi-10-octobre-on-fait-trembler-le-stade-robert-diochon-pour-nos-rugbymen-rouennais","status":"publish","type":"post","link":"https:\/\/www.europesays.com\/fr\/441627\/","title":{"rendered":"Vendredi 10 octobre, on fait trembler le Stade Robert Diochon pour nos rugbymen rouennais !"},"content":{"rendered":"<p><strong>Rouen Normandy Rugby affronte Nice ce vendredi 10 octobre \u00e0 20h, venez remplir le stade et soutenir nos joueurs !<\/strong><\/p>\n<p style=\"margin: 0; color: #000000; font-size: 16px; font-weight: bold;\">\u00c0 voir aussi sur Rouen Bouge<\/p>\n<\/p>\n<p>                    \u2716\n                <\/p>\n<p>Rouen, il est temps de montrer que la <strong>Normandie a du c\u0153ur et du muscle<\/strong> ! Ce <strong>vendredi 10 octobre \u00e0 20h<\/strong>, le <strong>Rouen Normandy Rugby<\/strong> re\u00e7oit <strong>Nice<\/strong>, <strong>premier du classement<\/strong>, au <strong>stade Robert Diochon<\/strong>. Et franchement\u2026 nos gars ont <strong>besoin de vous<\/strong> pour faire vibrer les tribunes et tenter l\u2019exploit : <strong>battre le leader et montrer que Rouen n\u2019a peur de personne<\/strong> \ud83d\udd25.<\/p>\n<blockquote class=\"instagram-media\" data-instgrm-permalink=\"https:\/\/www.instagram.com\/p\/DM2W3nPhBxd\/?utm_source=ig_embed&amp;utm_campaign=loading\" data-instgrm-version=\"14\" style=\" background:#FFF; border:0; border-radius:3px; box-shadow:0 0 1px 0 rgba(0,0,0,0.5),0 1px 10px 0 rgba(0,0,0,0.15); margin: 1px; max-width:540px; min-width:326px; padding:0; width:99.375%; width:-webkit-calc(100% - 2px); width:calc(100% - 2px);\" wp_automatic_readability=\"-0.1858407079646\"\/><p><strong>Fier de notre club, fiers de nos couleurs<\/strong><\/p>\n<p>Le <strong>Rouen Normandy Rugby<\/strong>, c\u2019est notre \u00e9quipe, notre fiert\u00e9. Actuellement <strong>8\u1d49 de la poule<\/strong>, les joueurs se battent chaque semaine pour d\u00e9fendre les couleurs de la ville. Mais vendredi, ils ont besoin de plus que de simples applaudissements derri\u00e8re un \u00e9cran : ils veulent <strong>voir le stade rempli<\/strong>, entendre des cris, des chants, et sentir cette \u00e9nergie qui peut faire la diff\u00e9rence face \u00e0 <strong>Nice, premier du classement<\/strong>.<\/p>\n<p><strong>Infos pratiques<\/strong><\/p>\n<p>\ud83d\udccd <strong>Stade Robert Diochon \u2013 Rouen<\/strong><br \/>\ud83d\uddd3\ufe0f <strong>Vendredi 10 octobre<\/strong><br \/>\u23f0 <strong>Coup d\u2019envoi \u00e0 20h<\/strong><\/p>\n<p>            <script async src=\"\/\/www.instagram.com\/embed.js\"><\/script><\/p>\n","protected":false},"excerpt":{"rendered":"Rouen Normandy Rugby affronte Nice ce vendredi 10 octobre \u00e0 20h, venez remplir le stade et soutenir nos&hellip;\n","protected":false},"author":2,"featured_media":441628,"comment_status":"","ping_status":"","sticky":false,"template":"","format":"standard","meta":{"footnotes":""},"categories":[9587],"tags":[1111,11,1777,674,1011,27,12,5161,25,9590],"class_list":{"0":"post-441627","1":"post","2":"type-post","3":"status-publish","4":"format-standard","5":"has-post-thumbnail","7":"category-rouen","8":"tag-actu","9":"tag-actualites","10":"tag-eu","11":"tag-europe","12":"tag-fr","13":"tag-france","14":"tag-news","15":"tag-normandie","16":"tag-republique-francaise","17":"tag-rouen"},"share_on_mastodon":{"url":"https:\/\/pubeurope.com\/@fr\/115323906584584628","error":""},"_links":{"self":[{"href":"https:\/\/www.europesays.com\/fr\/wp-json\/wp\/v2\/posts\/441627","targetHints":{"allow":["GET"]}}],"collection":[{"href":"https:\/\/www.europesays.com\/fr\/wp-json\/wp\/v2\/posts"}],"about":[{"href":"https:\/\/www.europesays.com\/fr\/wp-json\/wp\/v2\/types\/post"}],"author":[{"embeddable":true,"href":"https:\/\/www.europesays.com\/fr\/wp-json\/wp\/v2\/users\/2"}],"replies":[{"embeddable":true,"href":"https:\/\/www.europesays.com\/fr\/wp-json\/wp\/v2\/comments?post=441627"}],"version-history":[{"count":0,"href":"https:\/\/www.europesays.com\/fr\/wp-json\/wp\/v2\/posts\/441627\/revisions"}],"wp:featuredmedia":[{"embeddable":true,"href":"https:\/\/www.europesays.com\/fr\/wp-json\/wp\/v2\/media\/441628"}],"wp:attachment":[{"href":"https:\/\/www.europesays.com\/fr\/wp-json\/wp\/v2\/media?parent=441627"}],"wp:term":[{"taxonomy":"category","embeddable":true,"href":"https:\/\/www.europesays.com\/fr\/wp-json\/wp\/v2\/categories?post=441627"},{"taxonomy":"post_tag","embeddable":true,"href":"https:\/\/www.europesays.com\/fr\/wp-json\/wp\/v2\/tags?post=441627"}],"curies":[{"name":"wp","href":"https:\/\/api.w.org\/{rel}","templated":true}]}}