{"id":441631,"date":"2025-10-05T22:26:12","date_gmt":"2025-10-05T22:26:12","guid":{"rendered":"https:\/\/www.europesays.com\/fr\/441631\/"},"modified":"2025-10-05T22:26:12","modified_gmt":"2025-10-05T22:26:12","slug":"transferts-pro-d2-quelle-issue-a-la-mise-a-pied-de-nicolas-nadau-a-grenoble","status":"publish","type":"post","link":"https:\/\/www.europesays.com\/fr\/441631\/","title":{"rendered":"Transferts. Pro D2 \u2013 Quelle issue \u00e0 la mise \u00e0 pied de Nicolas Nadau \u00e0 Grenoble\u00a0?"},"content":{"rendered":"<p>\n                Apr\u00e8s avoir suscit\u00e9 une immense onde de choc bien au-del\u00e0 du microcosme is\u00e9rois, la mise \u00e0 pied de l\u2019entra\u00eeneur des trois-quarts du FCG Nicolas Nadau va prendre fin ce mercredi. La direction du club Grenoblois ira-t-elle jusqu\u2019au bout de son action en le licenciant, ou lui permettra-t-elle de r\u00e9-int\u00e9grer le club \u00e0 l\u2019issue du d\u00e9lai l\u00e9gal\u00a0? Tous les jeux ne sont pas encore faits\u2026\n            <\/p>\n<p><strong><a href=\"https:\/\/www.rugbyrama.fr\/2025\/09\/30\/information-midi-olympique-grenoble-nicolas-nadau-mis-a-pied-a-titre-conservatoire-12961896.php\" target=\"_self\" rel=\"nofollow noopener\">Mardi matin, notre site Rugbyrama.fr annon\u00e7ait la nouvelle<\/a><\/strong> qui a fait l\u2019effet d\u2019une onde de choc \u00e0 Grenoble, et g\u00e9n\u00e9r\u00e9 des rebondissements en cascade dont l\u2019ampleur a pris de court l\u2019ensemble du club, et attir\u00e9 l\u2019attention de tout le rugby fran\u00e7ais. Mardi donc, l\u2019entra\u00eeneur des trois-quarts du FCG Nicolas Nadau \u00e9tait officiellement mis \u00e0 pied par sa direction, d\u00e9cision motiv\u00e9e par le rapport du m\u00e9decin officiel de la rencontre, rapportant les paroles peu am\u00e8nes adress\u00e9es lors de Brive-Grenoble par ce dernier en direction du m\u00e9decin du club is\u00e9rois. Nadau ayant en effet \u00e9t\u00e9 m\u00e9content de constater que son pilier Johannes Jonker ne puisse pas revenir en jeu en raison d\u2019une plaie trop longue \u00e0 \u00eatre sutur\u00e9e\u2026<\/p>\n<p>Une mesure qui a provoqu\u00e9 la col\u00e8re des joueurs, tr\u00e8s attach\u00e9s \u00e0 leur entra\u00eeneur et intimement persuad\u00e9s que cette raison n\u2019\u00e9tait en effet qu\u2019un pr\u00e9texte \u00e0 des griefs plus anciens. Le groupe en a ainsi refus\u00e9 de s\u2019entra\u00eener mardi, faisant valoir par le biais de Provale un \u00ab\u00a0droit de retrait\u00a0\u00bb dont l\u2019UPCR a imm\u00e9diatement contest\u00e9 la l\u00e9gitimit\u00e9, soucieuse de ne pas cr\u00e9er un f\u00e2cheux pr\u00e9c\u00e9dent. Les menaces de gr\u00e8ve lors de la r\u00e9ception de Provence Rugby ayant \u00e9t\u00e9 finalement \u00e9vacu\u00e9es, c\u2019est dans un contexte forc\u00e9ment pesant que les Is\u00e9rois ont perdu \u00e0 domicile face aux Proven\u00e7aux (23-24), quelques heures apr\u00e8s que Nadau avait \u00e9t\u00e9 re\u00e7u par ses dirigeants dans le cadre de la proc\u00e9dure l\u00e9gale. Pour laquelle les conclusions doivent \u00eatre rendues l\u00e0 encore dans les d\u00e9lais l\u00e9gaux, pour mercredi matin\u2026<\/p>\n<p>\u00ab\u00a0Aucun contact initi\u00e9 avec l\u2019Usap\u00a0\u00bb<\/p>\n<p>Mais quelles seront justement les cons\u00e9quences de cette proc\u00e9dure\u00a0? Si la logique pourrait vouloir que les dirigeants aillent au bout de leur logique et choisissent de licencier Nicolas Nadau, rien n\u2019est moins s\u00fbr. \u00ab\u00a0La situation, je la vis comme quelqu\u2019un qui est en attente de retrouver son bin\u00f4me, soufflait vendredi soir l\u2019entra\u00eeneur des avants Patrick P\u00e9zery, qui portait face \u00e0 Provence Rugby un brassard marqu\u00e9 \u00ab\u00a0Nico\u00a0\u00bb en guise de soutien. C\u2019est quelqu\u2019un avec qui on bosse bien depuis trois ans maintenant.\u00a0\u00bb Et avec qui P\u00e9zery, dont la qualit\u00e9 du travail est elle aussi reconnue, a manifestement tr\u00e8s envie de continuer.<\/p>\n<p>De quoi imaginer une volte-face du pr\u00e9sident Goffi possible, dans un souci d\u2019apaisement vis-\u00e0-vis de ses joueurs\u00a0? Ce n\u2019est, \u00e0 l\u2019heure o\u00f9 nous \u00e9crivons ces lignes, pas \u00e0 exclure, d\u2019autant que le pr\u00e9sum\u00e9 contact de Nadau avec l\u2019Usap, \u00e9voqu\u00e9 par Fran\u00e7ois Rivi\u00e8re sur Sud Radio, nous a \u00e9t\u00e9 d\u00e9menti. \u00ab\u00a0En aucun cas nous n\u2019avons initi\u00e9 un contact avec Perpignan\u00a0\u00bb nous a pr\u00e9cis\u00e9 son conseil ce dimanche. Toutefois, de l\u2019autre c\u00f4t\u00e9 de la balance, le lien qui unit Patrick Goffi \u00e0 son directeur du rugby Aubin Hueber pourrait forc\u00e9ment p\u00e2tir d\u2019un retour de Nadau apr\u00e8s une semaine de mise \u00e0 pied. De plus, des noms de coachs libres d\u2019engagement commencent \u00e0 circuler dans les coulisses, avec comme possibles postulants\u00a0: Fabrice Estebanez, Jean-Baptiste Elissalde mais surtout Jean-Fr\u00e9d\u00e9ric Dubois. Ce dernier, qui a quitt\u00e9 Dax \u00e0 l\u2019intersaison, conna\u00eet parfaitement les dessous de la Pro D2. Toutes les hypoth\u00e8ses sont ainsi sur la table, il se murmure que la journ\u00e9e de mercredi pourrait \u00eatre d\u00e9cisive\u2026<\/p>\n","protected":false},"excerpt":{"rendered":"Apr\u00e8s avoir suscit\u00e9 une immense onde de choc bien au-del\u00e0 du microcosme is\u00e9rois, la mise \u00e0 pied de&hellip;\n","protected":false},"author":2,"featured_media":441632,"comment_status":"","ping_status":"","sticky":false,"template":"","format":"standard","meta":{"footnotes":""},"categories":[9566],"tags":[1111,11,2430,1777,674,1011,27,2731,12,25],"class_list":{"0":"post-441631","1":"post","2":"type-post","3":"status-publish","4":"format-standard","5":"has-post-thumbnail","7":"category-grenoble","8":"tag-actu","9":"tag-actualites","10":"tag-auvergne-rhone-alpes","11":"tag-eu","12":"tag-europe","13":"tag-fr","14":"tag-france","15":"tag-grenoble","16":"tag-news","17":"tag-republique-francaise"},"share_on_mastodon":{"url":"https:\/\/pubeurope.com\/@fr\/115323914343959560","error":""},"_links":{"self":[{"href":"https:\/\/www.europesays.com\/fr\/wp-json\/wp\/v2\/posts\/441631","targetHints":{"allow":["GET"]}}],"collection":[{"href":"https:\/\/www.europesays.com\/fr\/wp-json\/wp\/v2\/posts"}],"about":[{"href":"https:\/\/www.europesays.com\/fr\/wp-json\/wp\/v2\/types\/post"}],"author":[{"embeddable":true,"href":"https:\/\/www.europesays.com\/fr\/wp-json\/wp\/v2\/users\/2"}],"replies":[{"embeddable":true,"href":"https:\/\/www.europesays.com\/fr\/wp-json\/wp\/v2\/comments?post=441631"}],"version-history":[{"count":0,"href":"https:\/\/www.europesays.com\/fr\/wp-json\/wp\/v2\/posts\/441631\/revisions"}],"wp:featuredmedia":[{"embeddable":true,"href":"https:\/\/www.europesays.com\/fr\/wp-json\/wp\/v2\/media\/441632"}],"wp:attachment":[{"href":"https:\/\/www.europesays.com\/fr\/wp-json\/wp\/v2\/media?parent=441631"}],"wp:term":[{"taxonomy":"category","embeddable":true,"href":"https:\/\/www.europesays.com\/fr\/wp-json\/wp\/v2\/categories?post=441631"},{"taxonomy":"post_tag","embeddable":true,"href":"https:\/\/www.europesays.com\/fr\/wp-json\/wp\/v2\/tags?post=441631"}],"curies":[{"name":"wp","href":"https:\/\/api.w.org\/{rel}","templated":true}]}}