{"id":441635,"date":"2025-10-05T22:29:12","date_gmt":"2025-10-05T22:29:12","guid":{"rendered":"https:\/\/www.europesays.com\/fr\/441635\/"},"modified":"2025-10-05T22:29:12","modified_gmt":"2025-10-05T22:29:12","slug":"strasbourg-laureat-2026-du-prix-de-la-tolerance-marcel-rudloff-les-candidatures-sont-ouvertes","status":"publish","type":"post","link":"https:\/\/www.europesays.com\/fr\/441635\/","title":{"rendered":"Strasbourg. Laur\u00e9at 2026 du \u00ab\u00a0Prix de la Tol\u00e9rance Marcel Rudloff\u00a0\u00bb \u00a0: les candidatures sont ouvertes"},"content":{"rendered":"<p>L\u2019Association \u00ab\u00a0Les Amis de <a href=\"https:\/\/www.dna.fr\/p\/marcel-rudloff\" target=\"_blank\" rel=\"nofollow noopener\">Marcel Rudloff<\/a>\u00a0\u00bb s\u2019est donn\u00e9 pour objectif de perp\u00e9tuer la m\u00e9moire de <a href=\"https:\/\/www.dna.fr\/p\/marcel-rudloff\" target=\"_blank\" rel=\"nofollow noopener\">Marcel Rudloff,<\/a> ancien maire de Strasbourg, ancien pr\u00e9sident du conseil r\u00e9gional d\u2019Alsace, ancien s\u00e9nateur et ancien membre du Conseil constitutionnel. L\u2019association veut promouvoir les valeurs qu\u2019il incarnait, en particulier l\u2019esprit de tol\u00e9rance. \u00c0 ce titre, elle d\u00e9cerne tous les ans le \u00ab\u00a0Prix de la Tol\u00e9rance\u00a0\u00bb. Le choix du laur\u00e9at est fait par le conseil d\u2019administration de l\u2019association, sous la responsabilit\u00e9 d\u2019Albert Hamm, pr\u00e9sident du jury. Albert Hamm, ancien pr\u00e9sident d\u2019universit\u00e9, a pris la suite de <a href=\"https:\/\/www.dna.fr\/c.dna.fr\/p\/pierre-pflimlin\" target=\"_blank\" rel=\"nofollow noopener\">Pierre Pflimlin<\/a> (1998-2000), du Pr  Jean-Marc Bischoff (2001-2006) et de Me Louis Oster (2007-2022).<\/p>\n<p>  \u00ab\u00a0Ouverture d\u2019esprit, sens des responsabilit\u00e9s\u00a0\u00bb<\/p>\n<p>Depuis 1998, une trentaine de personnalit\u00e9s et organisations ont ainsi \u00e9t\u00e9 honor\u00e9es. Dans la liste des prestigieux r\u00e9cipiendaires (la liste compl\u00e8te est consultable sur le site <a href=\"http:\/\/www.marcel-rudloff-tolerance.com\/\" target=\"_blank\" rel=\"nofollow noopener\">www.marcel-rudloff-tolerance.com<\/a> ), il y a \u00e0 la fois des laur\u00e9ats \u00e0 rayonnement international ou national, et des laur\u00e9ats r\u00e9gionaux. Pour 2026, l\u2019Association a d\u00e9cid\u00e9 une nouvelle fois d\u2019ouvrir tr\u00e8s largement la proc\u00e9dure de d\u00e9signation du laur\u00e9at, et invite chacune et chacun \u00e0 lui transmettre des suggestions, accompagn\u00e9es d\u2019un argumentaire motiv\u00e9 (contact\u00a0: fhirn67@gmail.com).<\/p>\n<p>Il est pr\u00e9cis\u00e9, dans les statuts de l\u2019Association, que \u00ab\u00a0Le laur\u00e9at aura manifest\u00e9 par son action, son comportement, ses d\u00e9clarations et prises de position ou tout autre acte, des qualit\u00e9s exceptionnelles d\u2019ouverture d\u2019esprit, de sens des responsabilit\u00e9s, de refus de tout sectarisme, de respect de l\u2019autre, de dialogue, de bienveillance et de tol\u00e9rance\u00a0\u00bb.<\/p>\n","protected":false},"excerpt":{"rendered":"L\u2019Association \u00ab\u00a0Les Amis de Marcel Rudloff\u00a0\u00bb s\u2019est donn\u00e9 pour objectif de perp\u00e9tuer la m\u00e9moire de Marcel Rudloff, ancien&hellip;\n","protected":false},"author":2,"featured_media":441636,"comment_status":"","ping_status":"","sticky":false,"template":"","format":"standard","meta":{"footnotes":""},"categories":[2820],"tags":[1111,11,2389,2649,2880,1777,674,1011,27,775,12,25,104,640,2879,1631],"class_list":{"0":"post-441635","1":"post","2":"type-post","3":"status-publish","4":"format-standard","5":"has-post-thumbnail","7":"category-strasbourg","8":"tag-actu","9":"tag-actualites","10":"tag-alsace","11":"tag-bas-rhin","12":"tag-edition-strasbourg","13":"tag-eu","14":"tag-europe","15":"tag-fr","16":"tag-france","17":"tag-grand-est","18":"tag-news","19":"tag-republique-francaise","20":"tag-societe","21":"tag-strasbourg","22":"tag-strasbourg-ville","23":"tag-vie-associative"},"share_on_mastodon":{"url":"https:\/\/pubeurope.com\/@fr\/115323926187224257","error":""},"_links":{"self":[{"href":"https:\/\/www.europesays.com\/fr\/wp-json\/wp\/v2\/posts\/441635","targetHints":{"allow":["GET"]}}],"collection":[{"href":"https:\/\/www.europesays.com\/fr\/wp-json\/wp\/v2\/posts"}],"about":[{"href":"https:\/\/www.europesays.com\/fr\/wp-json\/wp\/v2\/types\/post"}],"author":[{"embeddable":true,"href":"https:\/\/www.europesays.com\/fr\/wp-json\/wp\/v2\/users\/2"}],"replies":[{"embeddable":true,"href":"https:\/\/www.europesays.com\/fr\/wp-json\/wp\/v2\/comments?post=441635"}],"version-history":[{"count":0,"href":"https:\/\/www.europesays.com\/fr\/wp-json\/wp\/v2\/posts\/441635\/revisions"}],"wp:featuredmedia":[{"embeddable":true,"href":"https:\/\/www.europesays.com\/fr\/wp-json\/wp\/v2\/media\/441636"}],"wp:attachment":[{"href":"https:\/\/www.europesays.com\/fr\/wp-json\/wp\/v2\/media?parent=441635"}],"wp:term":[{"taxonomy":"category","embeddable":true,"href":"https:\/\/www.europesays.com\/fr\/wp-json\/wp\/v2\/categories?post=441635"},{"taxonomy":"post_tag","embeddable":true,"href":"https:\/\/www.europesays.com\/fr\/wp-json\/wp\/v2\/tags?post=441635"}],"curies":[{"name":"wp","href":"https:\/\/api.w.org\/{rel}","templated":true}]}}