{"id":441639,"date":"2025-10-05T22:31:14","date_gmt":"2025-10-05T22:31:14","guid":{"rendered":"https:\/\/www.europesays.com\/fr\/441639\/"},"modified":"2025-10-05T22:31:14","modified_gmt":"2025-10-05T22:31:14","slug":"5-raisons-de-se-ressourcer-a-saint-jean-cap-ferrat","status":"publish","type":"post","link":"https:\/\/www.europesays.com\/fr\/441639\/","title":{"rendered":"5 raisons de se ressourcer \u00e0 Saint-Jean-Cap-Ferrat"},"content":{"rendered":"<p>                                                <strong>1. Un cadre d\u2019exception qui sublime l\u2019exp\u00e9rience<\/strong><\/p>\n<p class=\"fs-5 \">Difficile d\u2019imaginer un lieu plus propice au bien-\u00eatre que <strong>Saint-Jean-Cap-Ferrat<\/strong>. La presqu\u2019\u00eele a toujours cultiv\u00e9 une atmosph\u00e8re de s\u00e9r\u00e9nit\u00e9\u00a0: ses sentiers c\u00f4tiers invitent \u00e0 la marche m\u00e9ditative, ses panoramas marins apaisent instantan\u00e9ment, et son village a su pr\u00e9server une authenticit\u00e9 rare.<br \/>C\u2019est au c\u0153ur de ce d\u00e9cor privil\u00e9gi\u00e9 \u2014 entre port, ruelles anim\u00e9es, commerces embl\u00e9matiques et \u00e9glise charg\u00e9e d\u2019histoire \u2014 que s\u2019installe le Salon Cap Bien-\u00catre. Plus qu\u2019un simple \u00e9v\u00e9nement, c\u2019est une <strong>immersion dans l\u2019art de vivre azur\u00e9en<\/strong>, o\u00f9 la beaut\u00e9 des lieux agit comme une invitation naturelle au l\u00e2cher-prise.<\/p>\n<p>    <img decoding=\"async\" src=\"https:\/\/www.europesays.com\/fr\/wp-content\/uploads\/2025\/10\/496152e_upload-1-povsxdh9huwi-capture-ok.JPG\" class=\"figure-img img-fluid rounded\" alt=\"A generic square placeholder image with rounded corners in a figure.\"\/><\/p>\n<p>                                                <strong>2. Un programme riche et accessible \u00e0 tous<\/strong><\/p>\n<p class=\"fs-5 \">Pendant deux jours, <strong>praticiens, th\u00e9rapeutes et exposants<\/strong> partageront leurs savoir-faire \u00e0 <strong>l\u2019Espace Neptune<\/strong> : Feng Shui, kin\u00e9siologie, ost\u00e9opathie magn\u00e9tique, shiatsu, naturopathie, acupression, yoga, massages ayurv\u00e9diques, magn\u00e9tisme, constellations familiales, nutrition, beaut\u00e9 et maquillage\u2026<br \/>Dans ce m\u00eame espace, les visiteurs pourront aussi explorer leur cr\u00e9ativit\u00e9 gr\u00e2ce \u00e0 <strong>l\u2019atelier Mood Board Bien-\u00catre<\/strong> anim\u00e9 par l\u2019artiste Clodart ou bien faire une pause d\u00e9tente et gourmandise en profitant de l\u2019espace barista avec des caf\u00e9s de sp\u00e9cialit\u00e9, et des boissons raffin\u00e9es\u00a0propos\u00e9s par\u00a0<strong>Selah Atelier<\/strong>\u00a0(Art Floral et caf\u00e9 de sp\u00e9cialit\u00e9).<\/p>\n<p class=\"fs-5 \"><strong>L\u2019Espace Th\u00e9\u00e2tre sur la Mer<\/strong> se transformera, quant \u00e0 lui, en sc\u00e8ne d\u2019exp\u00e9rimentations et de rencontres.\u00a0 Vous y d\u00e9couvrirez diff\u00e9rentes pratiques de yoga, pr\u00e9sent\u00e9es et en acc\u00e8s libre\u00a0: Yoga Ballet\u00ae, yoga postural, M\u00e9thode Vent du Silence\u2026 Pensez \u00e0 apporter votre tapis\u00a0! Mais ce n\u2019est pas tout\u00a0: la gymnastique posturale, le Feng Shui, ou encore des \u00e9changes inspirants vous attendent, comme la rencontre avec G\u00e9raldine Genre autour de la communication animale selon les pr\u00e9ceptes de Shaina Lebeau.<\/p>\n<p>    <img decoding=\"async\" src=\"https:\/\/www.europesays.com\/fr\/wp-content\/uploads\/2025\/10\/68cb8a7_upload-1-q4evgucr81a7-massage.JPG\" class=\"figure-img img-fluid rounded\" alt=\"A generic square placeholder image with rounded corners in a figure.\"\/><\/p>\n<p>                                                <strong>3. La nouveaut\u00e9 de l\u2019ann\u00e9e\u00a0: explorer le bien-\u00eatre par la musique<\/strong><\/p>\n<p class=\"fs-5 \">Cette \u00e9dition innove avec un <strong>atelier de chant bien-\u00eatre<\/strong> anim\u00e9 par la soprano internationale <strong>Christina Collier<\/strong>, qui se produira le soir m\u00eame lors d\u2019un <strong>concert exceptionnel \u00ab\u00a0Les Plus Beaux Airs du Cin\u00e9ma\u00a0\u00bb<\/strong> dans le cadre magique de l\u2019\u00e9glise Saint-Jean-Baptiste.<br \/>Plac\u00e9 sous le signe de l\u2019harmonie et de l\u2019apaisement, cet atelier invite \u00e0 exp\u00e9rimenter la <strong>puissance r\u00e9paratrice de la musique<\/strong>, capable de nourrir l\u2019\u00e2me, d\u2019adoucir les \u00e9motions et d\u2019ouvrir un espace de s\u00e9r\u00e9nit\u00e9. Une fa\u00e7on unique d\u2019associer bien-\u00eatre et \u00e9motions artistiques.<\/p>\n<p>    <img decoding=\"async\" src=\"https:\/\/www.europesays.com\/fr\/wp-content\/uploads\/2025\/10\/76c8b10_upload-1-0pzz4wgkqdgn-capture-eglise.JPG\" class=\"figure-img img-fluid rounded\" alt=\"A generic square placeholder image with rounded corners in a figure.\"\/><\/p>\n<p>                                                <strong>4. Une parenth\u00e8se qui nourrit le corps et l\u2019esprit<\/strong><\/p>\n<p class=\"fs-5 \">Ce week-end, <a href=\"https:\/\/www.saint-jean-cap-ferrat.fr\/action-municipale\/sport-culture-loisirs\/programmation-culturelle\/salon-cap-bien-etre\/\" target=\"_blank\" rel=\"nofollow noopener\">le Salon Cap Bien-\u00catre de Saint-Jean-Cap-Ferrat<\/a> est aussi l\u2019occasion de <strong>faire une pause dans le rythme du quotidien<\/strong>. \u00c0 <strong>l\u2019Espace N\u00e9r\u00e9ides<\/strong>, un espace convivial r\u00e9unira 13 exposants et artisans, qui partageront avec vous leurs cr\u00e9ations dont des bougies, bijoux \u00e9co-responsable, objets de d\u00e9coration, mais aussi leurs sp\u00e9cialit\u00e9s telles que la lithoth\u00e9rapie, les cosm\u00e9tiques naturels, la phytoth\u00e9rapie et l\u2019art de l\u2019herboristerie. Les plus gourmands ne seront pas en reste avec des produits du terroir, ainsi que de d\u00e9licieuses p\u00e2tisseries vegan, tisanes. Une v\u00e9ritable bulle de douceur et de d\u00e9couvertes sensorielles, o\u00f9 chaque stand raconte une histoire et invite \u00e0 prendre soin de soi autrement.<\/p>\n<p>    <img decoding=\"async\" src=\"https:\/\/www.europesays.com\/fr\/wp-content\/uploads\/2025\/10\/61e3e58_upload-1-nolgfphiuung-herbes.JPG\" class=\"figure-img img-fluid rounded\" alt=\"A generic square placeholder image with rounded corners in a figure.\"\/><\/p>\n<p>                                                <strong>5. Des conf\u00e9rences pour mieux comprendre et s\u2019inspirer<\/strong><\/p>\n<p class=\"fs-5 \">\u00c0 la Salle Charlie Chaplin \u2013 quai Lindbergh, des sp\u00e9cialistes animeront des <strong>conf\u00e9rences accessibles et enrichissantes<\/strong> autour de th\u00e8mes vari\u00e9s\u00a0: nutrition, sophrologie, Feng Shui, symptothermie, constellations familiales, ou encore kin\u00e9sith\u00e9rapie &amp; ost\u00e9opathie.<\/p>\n<p class=\"fs-5 \">Parmi les invit\u00e9s d\u2019honneur, S\u00e9bastien Uscher proposera\u00a0\u00ab\u00a0Respirer la transition, les cl\u00e9s oubli\u00e9es\u00a0\u00bb, une conf\u00e9rence inspir\u00e9e de son livre o\u00f9 il relie parcours de vie, r\u00e9silience et \u00e9cologie, en invitant chacun \u00e0 d\u00e9couvrir comment le bien-\u00eatre peut devenir une ressource essentielle face aux d\u00e9fis climatiques.<\/p>\n<p class=\"fs-5 \">En compl\u00e9ment, les <strong>commerces, galeries et terrasses de Saint-Jean-Cap-Ferrat<\/strong> prolongent l\u2019exp\u00e9rience, et offrent aux visiteurs une atmosph\u00e8re conviviale et chaleureuse. <strong>La braderie des commer\u00e7ants<\/strong> sera \u00e9galement l\u2019occasion de faire des bonnes affaires durant ce week-end exceptionnel\u00a0! On repart non seulement d\u00e9tendu, mais aussi inspir\u00e9, avec des cl\u00e9s pour prolonger ce week-end bien-\u00eatre dans la vie de tous les jours\u00a0!<\/p>\n<p>    <img decoding=\"async\" src=\"https:\/\/www.europesays.com\/fr\/wp-content\/uploads\/2025\/10\/b68d7b6_upload-1-v8ieojiciafy-pierres.JPG\" class=\"figure-img img-fluid rounded\" alt=\"A generic square placeholder image with rounded corners in a figure.\"\/><\/p>\n<p class=\"fs-5 \">Dates\u00a0: <strong>11 &amp; 12 octobre 2025 \u2013 10h \u00e0 18h<br \/><\/strong>Lieu\u00a0: Saint-Jean-Cap-Ferrat (espaces Neptune &amp; N\u00e9r\u00e9ides, Th\u00e9\u00e2tre sur la mer, salle Charlie Chaplin, \u00e9glise Saint-Jean-Baptiste)<br \/>Entr\u00e9e libre \u2013 parkings gratuits<\/p>\n","protected":false},"excerpt":{"rendered":"1. Un cadre d\u2019exception qui sublime l\u2019exp\u00e9rience Difficile d\u2019imaginer un lieu plus propice au bien-\u00eatre que Saint-Jean-Cap-Ferrat. La&hellip;\n","protected":false},"author":2,"featured_media":441640,"comment_status":"","ping_status":"","sticky":false,"template":"","format":"standard","meta":{"footnotes":""},"categories":[2819],"tags":[1111,11,1777,674,1011,27,12,2401,882,25],"class_list":{"0":"post-441639","1":"post","2":"type-post","3":"status-publish","4":"format-standard","5":"has-post-thumbnail","7":"category-nice","8":"tag-actu","9":"tag-actualites","10":"tag-eu","11":"tag-europe","12":"tag-fr","13":"tag-france","14":"tag-news","15":"tag-nice","16":"tag-provence-alpes-cote-dazur","17":"tag-republique-francaise"},"share_on_mastodon":{"url":"https:\/\/pubeurope.com\/@fr\/115323934804997368","error":""},"_links":{"self":[{"href":"https:\/\/www.europesays.com\/fr\/wp-json\/wp\/v2\/posts\/441639","targetHints":{"allow":["GET"]}}],"collection":[{"href":"https:\/\/www.europesays.com\/fr\/wp-json\/wp\/v2\/posts"}],"about":[{"href":"https:\/\/www.europesays.com\/fr\/wp-json\/wp\/v2\/types\/post"}],"author":[{"embeddable":true,"href":"https:\/\/www.europesays.com\/fr\/wp-json\/wp\/v2\/users\/2"}],"replies":[{"embeddable":true,"href":"https:\/\/www.europesays.com\/fr\/wp-json\/wp\/v2\/comments?post=441639"}],"version-history":[{"count":0,"href":"https:\/\/www.europesays.com\/fr\/wp-json\/wp\/v2\/posts\/441639\/revisions"}],"wp:featuredmedia":[{"embeddable":true,"href":"https:\/\/www.europesays.com\/fr\/wp-json\/wp\/v2\/media\/441640"}],"wp:attachment":[{"href":"https:\/\/www.europesays.com\/fr\/wp-json\/wp\/v2\/media?parent=441639"}],"wp:term":[{"taxonomy":"category","embeddable":true,"href":"https:\/\/www.europesays.com\/fr\/wp-json\/wp\/v2\/categories?post=441639"},{"taxonomy":"post_tag","embeddable":true,"href":"https:\/\/www.europesays.com\/fr\/wp-json\/wp\/v2\/tags?post=441639"}],"curies":[{"name":"wp","href":"https:\/\/api.w.org\/{rel}","templated":true}]}}