{"id":441643,"date":"2025-10-05T22:35:49","date_gmt":"2025-10-05T22:35:49","guid":{"rendered":"https:\/\/www.europesays.com\/fr\/441643\/"},"modified":"2025-10-05T22:35:49","modified_gmt":"2025-10-05T22:35:49","slug":"lms-j5-le-hbc-nantes-etrille-saint-raphael","status":"publish","type":"post","link":"https:\/\/www.europesays.com\/fr\/441643\/","title":{"rendered":"LMS (J5) | Le HBC Nantes \u00e9trille Saint-Rapha\u00ebl"},"content":{"rendered":"<p>                <img loading=\"lazy\" decoding=\"async\" class=\"size-large wp-image-327989\" src=\"https:\/\/www.europesays.com\/fr\/wp-content\/uploads\/2025\/10\/\u00a9AurelieNotar-3706-1024x683.jpg\" alt=\"\" width=\"1024\" height=\"683\"\/>Aymeric MINNE \u2013 HBC Nantes \u2013 Cr\u00e9dit photo : Aur\u00e9lie Notar<\/p>\n<p style=\"text-align: justify;\"><strong>Pour la derni\u00e8re rencontre de cette 5\u1d49 journ\u00e9e de Starligue, le HBC Nantes recevait une \u00e9quipe de Saint-Rapha\u00ebl en qu\u00eate de confiance apr\u00e8s une d\u00e9faite inattendue en Coupe de France face \u00e0 Massy (Proligue), et alors que le d\u00e9but de la Coupe d&rsquo;Europe approche \u00e0 grand pas pour les Varois. Mais face \u00e0 des Nantais en tr\u00e8s grande forme, les hommes de Benjamin Braux ont \u00e9t\u00e9 largement domin\u00e9s, subissant le rythme impos\u00e9 par le H (score final, 46-32).<\/strong><\/p>\n<p style=\"text-align: justify;\">L&rsquo;engagement est donn\u00e9 par les Raphaelois qui d\u00e8s la premi\u00e8re minute obtiennent l&rsquo;exclusion pour 2mn de <strong>Kauldi<\/strong> <strong>Odriozola,<\/strong> pour une main au visage sur <strong>Antonin<\/strong> <strong>Mohamed<\/strong>. Les Nantais sont donc \u00e0 un de moins et <strong>Jonathan Mapu<\/strong> en profite pour ouvrir le score, apr\u00e8s s\u2019\u00eatre faufil\u00e9 dans la d\u00e9fense. Le ton est donn\u00e9. Mais la r\u00e9action de Nantes ne se fait pas attendre. <strong>Briet<\/strong> \u00e9galise, avant qu\u2019<strong>Antonin Mohamed<\/strong> ne profite d\u2019un engagement \u00e9clair pour marquer dans le but vide et redonner l\u2019avantage aux siens (2&prime;, 2-1). Le d\u00e9but de match est intense, les deux \u00e9quipes se rendent coup pour coup. Le rythme est impos\u00e9 par les Nantais et Saint-Rapha\u00ebl tente de r\u00e9pondre, mais \u00e0 ce jeu-l\u00e0 ils ne font finalement le poids que durant les 5 premi\u00e8res minutes, jusqu&rsquo;au premier break du H (5&prime;, 4-2). D\u00e8s lors les co\u00e9quipiers d&rsquo;un <strong>Aymeric<\/strong> <strong>Minne<\/strong> en feu vont d\u00e9rouler, profitant d&rsquo;une d\u00e9fense rapha\u00ebloise beaucoup trop permissive. Les minutes passent et ces derniers se d\u00e9sunissent. Les pertes de balle s\u2019accumulent, la d\u00e9fense se disloque, et les Nantais, intenables, s\u2019amusent dans les espaces laiss\u00e9s libres. En dix minutes, Nantes inscrit d\u00e9j\u00e0 dix buts. <strong>Benjamin Braux<\/strong> tente de stopper l\u2019h\u00e9morragie avec un temps mort, mais rien n\u2019y fait : ils d\u00e9roulent, encha\u00eenant les mont\u00e9es de balle rapides et les buts \u00e0 6 m\u00e8tres (15&prime;, 14-9). Les Varois sont maintenus \u00e0 flot par les quelques parades d&rsquo;<strong>Alexandre<\/strong> <strong>Demaille<\/strong> (8 arr\u00eats) et un bon <strong>Micke<\/strong> <strong>Brasseleure<\/strong> (9 buts) en attaque, mais ils ne parviennent pas \u00e0 emp\u00eacher Nantes de s&rsquo;envoler (mi-temps, 25-18).<\/p>\n<p>Le H continue de d\u00e9rouler<\/p>\n<p style=\"text-align: justify;\">De retour des vestiaires pour entamer cette seconde p\u00e9riode, les Nantais gardent le m\u00eame \u00e9tat d&rsquo;esprit et plus encore, <strong>Nacho<\/strong> <strong>Biosca<\/strong> (11 parades) qui soigne son entr\u00e9e dans les buts avec une double parade sur 7m. <strong>Dimitri<\/strong> <strong>Fleurance <\/strong>continue ses rotations et chaque Nantais qui rentre garde le rythme impos\u00e9, tout en continuant de creuser l&rsquo;\u00e9cart (42&prime;, 36-24). Les attaques nantaises sont tout autant couronn\u00e9es de succ\u00e8s qu&rsquo;en premi\u00e8re p\u00e9riode, et preuve de la passivit\u00e9 d\u00e9fensive des Varois, seul <strong>Drevy<\/strong> <strong>Paschal<\/strong> s&rsquo;est vu \u00eatre exclu pour 2mn tout au long de la rencontre. Les Rapha\u00eblois ont fait le choix aujourd&rsquo;hui de suivre le rythme nantais, et \u00e0 ce jeu-l\u00e0, les locaux \u00e9taient bien trop forts (score final, 46-32).<\/p>\n<p style=\"text-align: justify;\">Apr\u00e8s avoir inscrit 39 buts \u00e0 Kolstad, puis 48 buts \u00e0 Dijon le week-end dernier, le H enchaine un troisi\u00e8me match avec des scores\u00a0impressionnants<b>.\u00a0<\/b><\/p>\n","protected":false},"excerpt":{"rendered":"Aymeric MINNE \u2013 HBC Nantes \u2013 Cr\u00e9dit photo : Aur\u00e9lie Notar Pour la derni\u00e8re rencontre de cette 5\u1d49&hellip;\n","protected":false},"author":2,"featured_media":441644,"comment_status":"","ping_status":"","sticky":false,"template":"","format":"standard","meta":{"footnotes":""},"categories":[2818],"tags":[1111,11,56812,4340,1777,674,1011,27,4343,56813,56814,766,12,2636,25,25271],"class_list":{"0":"post-441643","1":"post","2":"type-post","3":"status-publish","4":"format-standard","5":"has-post-thumbnail","7":"category-nantes","8":"tag-actu","9":"tag-actualites","10":"tag-alexandre-demaille","11":"tag-aymeric-minne","12":"tag-eu","13":"tag-europe","14":"tag-fr","15":"tag-france","16":"tag-hbc-nantes","17":"tag-kauldi-odriozola","18":"tag-micke-brasseleur","19":"tag-nantes","20":"tag-news","21":"tag-pays-de-la-loire","22":"tag-republique-francaise","23":"tag-saint-raphael"},"share_on_mastodon":{"url":"https:\/\/pubeurope.com\/@fr\/115323954117807082","error":""},"_links":{"self":[{"href":"https:\/\/www.europesays.com\/fr\/wp-json\/wp\/v2\/posts\/441643","targetHints":{"allow":["GET"]}}],"collection":[{"href":"https:\/\/www.europesays.com\/fr\/wp-json\/wp\/v2\/posts"}],"about":[{"href":"https:\/\/www.europesays.com\/fr\/wp-json\/wp\/v2\/types\/post"}],"author":[{"embeddable":true,"href":"https:\/\/www.europesays.com\/fr\/wp-json\/wp\/v2\/users\/2"}],"replies":[{"embeddable":true,"href":"https:\/\/www.europesays.com\/fr\/wp-json\/wp\/v2\/comments?post=441643"}],"version-history":[{"count":0,"href":"https:\/\/www.europesays.com\/fr\/wp-json\/wp\/v2\/posts\/441643\/revisions"}],"wp:featuredmedia":[{"embeddable":true,"href":"https:\/\/www.europesays.com\/fr\/wp-json\/wp\/v2\/media\/441644"}],"wp:attachment":[{"href":"https:\/\/www.europesays.com\/fr\/wp-json\/wp\/v2\/media?parent=441643"}],"wp:term":[{"taxonomy":"category","embeddable":true,"href":"https:\/\/www.europesays.com\/fr\/wp-json\/wp\/v2\/categories?post=441643"},{"taxonomy":"post_tag","embeddable":true,"href":"https:\/\/www.europesays.com\/fr\/wp-json\/wp\/v2\/tags?post=441643"}],"curies":[{"name":"wp","href":"https:\/\/api.w.org\/{rel}","templated":true}]}}