{"id":441649,"date":"2025-10-05T22:39:10","date_gmt":"2025-10-05T22:39:10","guid":{"rendered":"https:\/\/www.europesays.com\/fr\/441649\/"},"modified":"2025-10-05T22:39:10","modified_gmt":"2025-10-05T22:39:10","slug":"toulouse-secroule-un-peu-vite-regrette-ugo-mola-apres-la-defaite-a-bayonne","status":"publish","type":"post","link":"https:\/\/www.europesays.com\/fr\/441649\/","title":{"rendered":"Toulouse \u00abs\u2019\u00e9croule un peu vite\u00bb, regrette Ugo Mola apr\u00e8s la d\u00e9faite \u00e0 Bayonne"},"content":{"rendered":"<p>Apr\u00e8s le succ\u00e8s bayonnais face au champion de France, le manager toulousain et Esteban Capilla, troisi\u00e8me ligne des Basques, ont livr\u00e9 leur sentiment.<\/p>\n<p class=\"fig-paragraph\"><strong>Ugo Mola, manager du Stade Toulousain, apr\u00e8s\u00a0<\/strong><a href=\"http:\/\/www.lefigaro.fr\/sports\/rugby\/top-14\/top-14-survolte-bayonne-martyrise-toulouse-et-reste-invincible-a-domicile-20251005\" data-fig-type=\"NewsFlash\" data-gtm-custom-categorie=\"navigation\" data-gtm-custom-action=\"crossclick\" data-gtm-custom-label=\"Contextuel\" data-gtm-event=\"customEventSPE\" data-fig-domain=\"LEFIGARO\" target=\"_blank\" rel=\"noopener\"><strong>la d\u00e9faite \u00e0 Bayonne (40-26)<\/strong><\/a> <strong>\u00a0en cl\u00f4ture de la 5e journ\u00e9e de Top 14<\/strong>\u00a0: \u00abJe trouve que l\u2019on s\u2019\u00e9croule un peu vite car m\u00eame si Thomas (Ramos) loupe cette p\u00e9nalit\u00e9 qui nous met \u00e0 deux marques (8 points), on est plut\u00f4t dans le match et dominant. Apr\u00e8s on prend des essais beaucoup trop simples et l\u2019euphorie aidant avec l\u2019environnement assez incroyable ici, \u00e7a devient compliqu\u00e9 et on n\u2019a pas r\u00e9ussi \u00e0 endiguer en prenant trois essais en dix minutes. Le Top 14 n\u2019a jamais \u00e9t\u00e9 aussi dense. En deux d\u00e9placements, cela ne nous \u00e9tait pas arriv\u00e9 depuis tr\u00e8s longtemps de prendre autant de points\u00bb<\/p>\n<p>\u00ab\u00c0 Jean-Dauger, il y a un 16e homme\u00bb<\/p>\n<p class=\"fig-paragraph\"><strong>Esteban Capilla, 3e ligne de Bayonne, auteur d\u2019un essai<\/strong>\u00a0: \u00abDoublon ou pas doublon, Toulouse a des \u00e9quipes A, B ou C tellement comp\u00e9titive. L&rsquo;\u00e9quipe a r\u00e9pondu pr\u00e9sent. Quand Georges-Henri Colombe a marqu\u00e9, on prend un petit coup sur la t\u00eate et franchement \u00e0 Jean-Dauger, il y a un 16e homme. C&rsquo;\u00e9tait \u00e9norme, tout le monde s&rsquo;est d\u00e9ploy\u00e9 \u00e0 200 %. C&rsquo;est cool car avec Toulouse, ce n&rsquo;est jamais fini car jusqu&rsquo;\u00e0 la 80e, \u00e7a tape fort, on a maintenu nos standards d&rsquo;intensit\u00e9.\u00bb<\/p>\n","protected":false},"excerpt":{"rendered":"Apr\u00e8s le succ\u00e8s bayonnais face au champion de France, le manager toulousain et Esteban Capilla, troisi\u00e8me ligne des&hellip;\n","protected":false},"author":2,"featured_media":441650,"comment_status":"","ping_status":"","sticky":false,"template":"","format":"standard","meta":{"footnotes":""},"categories":[2816],"tags":[1111,11,1777,674,1011,27,12,2680,25,476,2312,1088],"class_list":{"0":"post-441649","1":"post","2":"type-post","3":"status-publish","4":"format-standard","5":"has-post-thumbnail","7":"category-toulouse","8":"tag-actu","9":"tag-actualites","10":"tag-eu","11":"tag-europe","12":"tag-fr","13":"tag-france","14":"tag-news","15":"tag-occitanie","16":"tag-republique-francaise","17":"tag-stade-toulousain","18":"tag-toulouse","19":"tag-ugo-mola"},"share_on_mastodon":{"url":"https:\/\/pubeurope.com\/@fr\/115323965444659510","error":""},"_links":{"self":[{"href":"https:\/\/www.europesays.com\/fr\/wp-json\/wp\/v2\/posts\/441649","targetHints":{"allow":["GET"]}}],"collection":[{"href":"https:\/\/www.europesays.com\/fr\/wp-json\/wp\/v2\/posts"}],"about":[{"href":"https:\/\/www.europesays.com\/fr\/wp-json\/wp\/v2\/types\/post"}],"author":[{"embeddable":true,"href":"https:\/\/www.europesays.com\/fr\/wp-json\/wp\/v2\/users\/2"}],"replies":[{"embeddable":true,"href":"https:\/\/www.europesays.com\/fr\/wp-json\/wp\/v2\/comments?post=441649"}],"version-history":[{"count":0,"href":"https:\/\/www.europesays.com\/fr\/wp-json\/wp\/v2\/posts\/441649\/revisions"}],"wp:featuredmedia":[{"embeddable":true,"href":"https:\/\/www.europesays.com\/fr\/wp-json\/wp\/v2\/media\/441650"}],"wp:attachment":[{"href":"https:\/\/www.europesays.com\/fr\/wp-json\/wp\/v2\/media?parent=441649"}],"wp:term":[{"taxonomy":"category","embeddable":true,"href":"https:\/\/www.europesays.com\/fr\/wp-json\/wp\/v2\/categories?post=441649"},{"taxonomy":"post_tag","embeddable":true,"href":"https:\/\/www.europesays.com\/fr\/wp-json\/wp\/v2\/tags?post=441649"}],"curies":[{"name":"wp","href":"https:\/\/api.w.org\/{rel}","templated":true}]}}